{"id":40264,"date":"2026-03-31T16:23:13","date_gmt":"2026-03-31T19:23:13","guid":{"rendered":"https:\/\/lajes.rn.gov.br\/transparente\/index\/?p=40264"},"modified":"2026-04-30T16:24:07","modified_gmt":"2026-04-30T19:24:07","slug":"resolucao-no-001-2026-reprograma-os-saldos-financeiros-do-fundo-municipal-de-assistencia-social","status":"publish","type":"post","link":"https:\/\/lajes.rn.gov.br\/transparente\/index\/resolucao-no-001-2026-reprograma-os-saldos-financeiros-do-fundo-municipal-de-assistencia-social\/","title":{"rendered":"RESOLU\u00c7\u00c3O N\u00ba 001\/2026 &#8211; Reprograma os Saldos Financeiros do Fundo Municipal de Assist\u00eancia Social."},"content":{"rendered":"<div id=\"separador\" class=\"cabecalhoEstadoSeparador cabecalhoEstadoSeparador1\">\n<h1>ESTADO DO RIO GRANDE DO NORTE<br \/>\nPREFEITURA MUNICIPAL DE LAJES<\/h1>\n<\/div>\n<div id=\"cabecaorgao\" class=\"cabecaorgao\"><\/div>\n<div id=\"materia\" class=\"materia materia20091123 materia1\">\n<h5>GABINETE DO PREFEITO<br \/>\nRESOLU\u00c7\u00c3O N\u00ba 001\/2026<\/h5>\n<div class=\"mat\"><\/div>\n<p>Reprograma os Saldos Financeiros do Fundo Municipal de Assist\u00eancia Social.<\/p>\n<p>&nbsp;<\/p>\n<p>O CONSELHO MUNICIPAL DE ASSIST\u00caNCIA SOCIAL DE LAJES\/RN, reunido no dia 20 de mar\u00e7o de 2026 no uso das atribui\u00e7\u00f5es que lhes s\u00e3o conferidas pela Lei Municipal nO849\/2019.<\/p>\n<p>Considerando que no exerc\u00edcio 2025, os servi\u00e7os e programas socioassistenciais foram executados de forma correta e continuada.<\/p>\n<p>Considerando a necessidade de reprogramar os sados financeiros existentes em 31 de dezembro de cada ano, nas contas ligadas ao Fundo Municipal de Assist\u00eancia Social.<\/p>\n<p>&nbsp;<\/p>\n<p>RESOLVE:<\/p>\n<p>&nbsp;<\/p>\n<p>Art. 1\u00ba Ficam reprogramados os saldos financeiros existentes nas contas vinculadas ao Fundo Municipal de Assist\u00eancia Social, apurados em 31 de dezembro de 2025 na forma que segue.<\/p>\n<p>&nbsp;<\/p>\n<p>S 1\u00ba Os valores apurados na conta BL GBF, vinculada ao Fundo Nacional de Assist\u00eancia Social \u2014 FNAS, ser\u00e3o reprogramados para implementar as a\u00e7\u00f6es de controle social e de gest\u00e3o do Programa Bolsa Fam\u00edlia;<\/p>\n<p>&nbsp;<\/p>\n<p>\u00a7 2\u00ba Os valores apurados na conta BL GSUAS, vinculada ao Fundo Nacional de Assist\u00eancia Social \u2014 FNAS, ser\u00e3o reprogramados para implementar despesas ordin\u00e1rias da Gest\u00e3o Municipal de Assist\u00eancia Social;<\/p>\n<p>&nbsp;<\/p>\n<p>\u00a7 3\u00ba . Os valores apurados na conta BL PSB, vinculada ao Fundo Nacional de Assist\u00eancia Social \u2014 FNAS, ser\u00e3o reprogramados para despesas ordin\u00e1rias do Servi\u00e7o de Prote\u00e7\u00e4o e Atendimento Integral \u00e0s Fam\u00edlias e Servi\u00e7o de<\/p>\n<p>Conviv\u00eancia e Fortalecimento de V\u00ednculos;<\/p>\n<p>&nbsp;<\/p>\n<p>\u00a7 4\u00ba . Os valores apurados na conta BPC na Escola, vinculada ao Fundo Nacional de Assist\u00eancia Social \u2014 FNAS, ser\u00e3o reprogramados para aquisi\u00e7\u00e3o de material de expediente para a\u00e7\u00f6es da Gest\u00e3o Municipal de Assist\u00eancia Social e CRAS \u00a7 50 Os valores apurados na conta PCF, vinculada ao Fundo Nacional de Assist\u00eancia Social \u2014 FNAS, ser\u00e3o reprogramados para despesas ordin\u00e1rias do<\/p>\n<p>Programa Crian\u00e7a Feliz;<\/p>\n<p>\u00a7 6\u00ba Os Valores apurados na conta Procad-SUAS repassados, ser\u00e3o reprogramados para aprimoramento da gest\u00e3o do Cadastro \u00danico.<\/p>\n<p>S 7\u00ba Os Valores apurados SIGTV4 repassados, ser\u00e3o reprogramados para o aprimoramento da Prote\u00e7\u00e4o Social B\u00e1sica<\/p>\n<p>&nbsp;<\/p>\n<p>Art. 2\u00ba 0 Munic\u00edpio dever\u00e1 priorizar a destina\u00e7\u00e3o regulamentar do percentual de recursos do BL GSUAS FNAS e BL GBF FNAS, nas a\u00e7\u00f6es de controle social, conforme delibera\u00e7\u00e3o do Conselho Municipal de Assist\u00eancia Social.<\/p>\n<p>&nbsp;<\/p>\n<p>Art. 3\u00ba Dos valores dispon\u00edveis em 31 de dezembro de 2025, poder\u00e3o ser deduzidas as despesas pactuadas em 2025, a pagar no exerc\u00edcio de 2026.<\/p>\n<p>&nbsp;<\/p>\n<p>Art. 4\u00ba Esta Resolu\u00e7\u00e3o entra em vigor na data de sua publica\u00e7\u00e3o.<\/p>\n<p>&nbsp;<\/p>\n<p>Lajes\/RN, 20 de mar\u00e7o de 2026.<\/p>\n<p>&nbsp;<\/p>\n<p>&nbsp;<\/p>\n<p><b><i>RAFAELLA JULLIANA DE SOUZA ALVES<\/i><\/b><\/p>\n<p><b><i><\/i><\/b>&nbsp;<\/p>\n<p>Presidente do CMAS<\/p>\n<div align=\"right\">\n<b>Publicado por:<\/b><br \/>\nJanssen Anderson do Nascimento Costa<br \/>\n<b>C\u00f3digo Identificador:<\/b>B1484FC7<\/div>\n<p>&nbsp;<\/p>\n<hr \/>\n<p>Mat\u00e9ria publicada no Di\u00e1rio Oficial dos Munic\u00edpios do Estado do Rio Grande do Norte no dia 31\/03\/2026. Edi\u00e7\u00e3o 3761<br \/>\nA verifica\u00e7\u00e3o de autenticidade da mat\u00e9ria pode ser feita informando o c\u00f3digo identificador no site:<br \/>\nhttps:\/\/www.diariomunicipal.com.br\/femurn\/<\/p><\/div>\n<div class=\"pdfprnt-buttons pdfprnt-buttons-post pdfprnt-bottom-right\"><a href=\"https:\/\/lajes.rn.gov.br\/transparente\/index\/wp-json\/wp\/v2\/posts\/40264?print=pdf\" class=\"pdfprnt-button pdfprnt-button-pdf\" target=\"_blank\" ><img decoding=\"async\" src=\"https:\/\/lajes.rn.gov.br\/transparente\/index\/wp-content\/plugins\/pdf-print\/images\/pdf.png\" alt=\"image_pdf\" title=\"Ver PDF\" \/><\/a><a href=\"https:\/\/lajes.rn.gov.br\/transparente\/index\/wp-json\/wp\/v2\/posts\/40264?print=print\" class=\"pdfprnt-button pdfprnt-button-print\" target=\"_blank\" ><img decoding=\"async\" src=\"https:\/\/lajes.rn.gov.br\/transparente\/index\/wp-content\/plugins\/pdf-print\/images\/print.png\" alt=\"image_print\" title=\"Conte\u00fado de impress\u00e3o\" \/><\/a><\/div>","protected":false},"excerpt":{"rendered":"<p>ESTADO DO RIO GRANDE DO NORTE PREFEITURA MUNICIPAL DE LAJES GABINETE DO PREFEITO RESOLU\u00c7\u00c3O N\u00ba 001\/2026 Reprograma os Saldos Financeiros do Fundo Municipal de Assist\u00eancia Social. &nbsp; O CONSELHO MUNICIPAL DE ASSIST\u00caNCIA SOCIAL DE LAJES\/RN, reunido no dia 20 de mar\u00e7o de 2026 no uso das atribui\u00e7\u00f5es que lhes s\u00e3o conferidas pela Lei Municipal nO849\/2019. [&hellip;]<\/p>\n","protected":false},"author":3,"featured_media":0,"comment_status":"closed","ping_status":"closed","sticky":false,"template":"","format":"standard","meta":{"ocean_post_layout":"","ocean_both_sidebars_style":"","ocean_both_sidebars_content_width":0,"ocean_both_sidebars_sidebars_width":0,"ocean_sidebar":"0","ocean_second_sidebar":"0","ocean_disable_margins":"enable","ocean_add_body_class":"","ocean_shortcode_before_top_bar":"","ocean_shortcode_after_top_bar":"","ocean_shortcode_before_header":"","ocean_shortcode_after_header":"","ocean_has_shortcode":"","ocean_shortcode_after_title":"","ocean_shortcode_before_footer_widgets":"","ocean_shortcode_after_footer_widgets":"","ocean_shortcode_before_footer_bottom":"","ocean_shortcode_after_footer_bottom":"","ocean_display_top_bar":"default","ocean_display_header":"default","ocean_header_style":"","ocean_center_header_left_menu":"0","ocean_custom_header_template":"0","ocean_custom_logo":0,"ocean_custom_retina_logo":0,"ocean_custom_logo_max_width":0,"ocean_custom_logo_tablet_max_width":0,"ocean_custom_logo_mobile_max_width":0,"ocean_custom_logo_max_height":0,"ocean_custom_logo_tablet_max_height":0,"ocean_custom_logo_mobile_max_height":0,"ocean_header_custom_menu":"0","ocean_menu_typo_font_family":"0","ocean_menu_typo_font_subset":"","ocean_menu_typo_font_size":0,"ocean_menu_typo_font_size_tablet":0,"ocean_menu_typo_font_size_mobile":0,"ocean_menu_typo_font_size_unit":"px","ocean_menu_typo_font_weight":"","ocean_menu_typo_font_weight_tablet":"","ocean_menu_typo_font_weight_mobile":"","ocean_menu_typo_transform":"","ocean_menu_typo_transform_tablet":"","ocean_menu_typo_transform_mobile":"","ocean_menu_typo_line_height":0,"ocean_menu_typo_line_height_tablet":0,"ocean_menu_typo_line_height_mobile":0,"ocean_menu_typo_line_height_unit":"","ocean_menu_typo_spacing":0,"ocean_menu_typo_spacing_tablet":0,"ocean_menu_typo_spacing_mobile":0,"ocean_menu_typo_spacing_unit":"","ocean_menu_link_color":"","ocean_menu_link_color_hover":"","ocean_menu_link_color_active":"","ocean_menu_link_background":"","ocean_menu_link_hover_background":"","ocean_menu_link_active_background":"","ocean_menu_social_links_bg":"","ocean_menu_social_hover_links_bg":"","ocean_menu_social_links_color":"","ocean_menu_social_hover_links_color":"","ocean_disable_title":"default","ocean_disable_heading":"default","ocean_post_title":"","ocean_post_subheading":"","ocean_post_title_style":"","ocean_post_title_background_color":"","ocean_post_title_background":0,"ocean_post_title_bg_image_position":"","ocean_post_title_bg_image_attachment":"","ocean_post_title_bg_image_repeat":"","ocean_post_title_bg_image_size":"","ocean_post_title_height":0,"ocean_post_title_bg_overlay":0.5,"ocean_post_title_bg_overlay_color":"","ocean_disable_breadcrumbs":"default","ocean_breadcrumbs_color":"","ocean_breadcrumbs_separator_color":"","ocean_breadcrumbs_links_color":"","ocean_breadcrumbs_links_hover_color":"","ocean_display_footer_widgets":"default","ocean_display_footer_bottom":"default","ocean_custom_footer_template":"0","ocean_post_oembed":"","ocean_post_self_hosted_media":"","ocean_post_video_embed":"","ocean_link_format":"","ocean_link_format_target":"self","ocean_quote_format":"","ocean_quote_format_link":"post","ocean_gallery_link_images":"on","ocean_gallery_id":[],"footnotes":""},"categories":[2,72],"tags":[],"class_list":["post-40264","post","type-post","status-publish","format-standard","hentry","category-legislacao","category-resolucoes","entry"],"_links":{"self":[{"href":"https:\/\/lajes.rn.gov.br\/transparente\/index\/wp-json\/wp\/v2\/posts\/40264","targetHints":{"allow":["GET"]}}],"collection":[{"href":"https:\/\/lajes.rn.gov.br\/transparente\/index\/wp-json\/wp\/v2\/posts"}],"about":[{"href":"https:\/\/lajes.rn.gov.br\/transparente\/index\/wp-json\/wp\/v2\/types\/post"}],"author":[{"embeddable":true,"href":"https:\/\/lajes.rn.gov.br\/transparente\/index\/wp-json\/wp\/v2\/users\/3"}],"replies":[{"embeddable":true,"href":"https:\/\/lajes.rn.gov.br\/transparente\/index\/wp-json\/wp\/v2\/comments?post=40264"}],"version-history":[{"count":1,"href":"https:\/\/lajes.rn.gov.br\/transparente\/index\/wp-json\/wp\/v2\/posts\/40264\/revisions"}],"predecessor-version":[{"id":40265,"href":"https:\/\/lajes.rn.gov.br\/transparente\/index\/wp-json\/wp\/v2\/posts\/40264\/revisions\/40265"}],"wp:attachment":[{"href":"https:\/\/lajes.rn.gov.br\/transparente\/index\/wp-json\/wp\/v2\/media?parent=40264"}],"wp:term":[{"taxonomy":"category","embeddable":true,"href":"https:\/\/lajes.rn.gov.br\/transparente\/index\/wp-json\/wp\/v2\/categories?post=40264"},{"taxonomy":"post_tag","embeddable":true,"href":"https:\/\/lajes.rn.gov.br\/transparente\/index\/wp-json\/wp\/v2\/tags?post=40264"}],"curies":[{"name":"wp","href":"https:\/\/api.w.org\/{rel}","templated":true}]}}