{"id":40262,"date":"2026-03-30T16:07:51","date_gmt":"2026-03-30T19:07:51","guid":{"rendered":"https:\/\/lajes.rn.gov.br\/transparente\/index\/?p=40262"},"modified":"2026-04-30T16:08:56","modified_gmt":"2026-04-30T19:08:56","slug":"decreto-no-005-2026-dispoe-sobre-a-instituicao-do-programa-espaco-crescer-centro-intersetorial-de-desenvolvimento-infantil-no-ambito-da-administracao-publica-municipal-e-da-outras-pr","status":"publish","type":"post","link":"https:\/\/lajes.rn.gov.br\/transparente\/index\/decreto-no-005-2026-dispoe-sobre-a-instituicao-do-programa-espaco-crescer-centro-intersetorial-de-desenvolvimento-infantil-no-ambito-da-administracao-publica-municipal-e-da-outras-pr\/","title":{"rendered":"DECRETO N\u00ba 005\/2026 &#8211; Disp\u00f5e sobre a institui\u00e7\u00e3o do Programa &#8220;Espa\u00e7o Crescer \u2013 Centro Intersetorial de Desenvolvimento Infantil&#8221;, no \u00e2mbito da Administra\u00e7\u00e3o P\u00fablica Municipal, e d\u00e1 outras provid\u00eancias."},"content":{"rendered":"<div id=\"separador\" class=\"cabecalhoEstadoSeparador cabecalhoEstadoSeparador1\">\n<h1>ESTADO DO RIO GRANDE DO NORTE<br \/>\nPREFEITURA MUNICIPAL DE LAJES<\/h1>\n<\/div>\n<div id=\"cabecaorgao\" class=\"cabecaorgao\"><\/div>\n<div id=\"materia\" class=\"materia materia20091123 materia1\">\n<h5>GABINETE DO PREFEITO<br \/>\nDECRETO N\u00ba 005, DE 30 DE MAR\u00c7O DE 2026.<\/h5>\n<div class=\"mat\"><\/div>\n<p>Disp\u00f5e sobre a institui\u00e7\u00e3o do Programa &#8220;Espa\u00e7o Crescer \u2013 Centro Intersetorial de Desenvolvimento Infantil&#8221;, no \u00e2mbito da Administra\u00e7\u00e3o P\u00fablica Municipal, e d\u00e1 outras provid\u00eancias.<\/p>\n<p>&nbsp;<\/p>\n<p>O\u00a0<b>PREFEITO MUNICIPAL DE LAJES<\/b>, Estado do Rio Grande do Norte, no uso das atribui\u00e7\u00f5es que lhe s\u00e3o conferidas pelo art. 74, XII da Lei Org\u00e2nica do Munic\u00edpio,<\/p>\n<p>&nbsp;<\/p>\n<p><b>CONSIDERANDO<\/b>\u00a0o dever do Poder P\u00fablico, em todas as suas esferas, de assegurar com absoluta prioridade os direitos fundamentais de crian\u00e7as e adolescentes, nos termos do art. 227 da Constitui\u00e7\u00e3o Federal e do Estatuto da Crian\u00e7a e do Adolescente (Lei n\u00ba 8.069\/1990);<\/p>\n<p>&nbsp;<\/p>\n<p><b>CONSIDERANDO<\/b>\u00a0a necessidade de efetivar as pol\u00edticas de sa\u00fade (art. 196, CF), educa\u00e7\u00e3o (art. 208, III, CF) e assist\u00eancia social (art. 203, CF) de forma integrada, visando ao pleno desenvolvimento da pessoa, em especial daquelas com defici\u00eancia;<\/p>\n<p>&nbsp;<\/p>\n<p><b>CONSIDERANDO<\/b>\u00a0o que disp\u00f5e a Lei Brasileira de Inclus\u00e3o da Pessoa com Defici\u00eancia (Lei n\u00ba 13.146\/2015), que preconiza a atua\u00e7\u00e3o intersetorial do Poder P\u00fablico para garantir servi\u00e7os de habilita\u00e7\u00e3o e reabilita\u00e7\u00e3o;<\/p>\n<p>&nbsp;<\/p>\n<p><b>CONSIDERANDO<\/b>\u00a0o disposto no art. 78 da Lei Municipal n\u00ba 1007, de 2025, que autoriza o Chefe do Poder Executivo a regulamentar, por Decreto, a organiza\u00e7\u00e3o e o funcionamento da administra\u00e7\u00e3o municipal, desde que n\u00e3o implique aumento de despesa;<\/p>\n<p>&nbsp;<\/p>\n<p><b>CONSIDERANDO<\/b>, por fim, a compet\u00eancia do Chefe do Poder Executivo para dispor sobre a organiza\u00e7\u00e3o e o funcionamento da Administra\u00e7\u00e3o Municipal, conforme o Princ\u00edpio da Efici\u00eancia (art. 37, CF), buscando otimizar a aplica\u00e7\u00e3o dos recursos p\u00fablicos existentes;<\/p>\n<p>&nbsp;<\/p>\n<p><b>DECRETA:<\/b><\/p>\n<p>&nbsp;<\/p>\n<p><b>Art. 1\u00ba<\/b>\u00a0Fica institu\u00eddo, no \u00e2mbito da Administra\u00e7\u00e3o P\u00fablica Municipal, o Programa &#8220;Espa\u00e7o Crescer \u2013 Centro Intersetorial de Desenvolvimento Infantil&#8221;, com o objetivo de articular e integrar os servi\u00e7os das \u00e1reas de sa\u00fade, educa\u00e7\u00e3o e assist\u00eancia social para o atendimento de crian\u00e7as e adolescentes neuroat\u00edpicos.<\/p>\n<p>&nbsp;<\/p>\n<p><b>Art. 2\u00ba<\/b>\u00a0O Programa &#8220;Espa\u00e7o Crescer&#8221; tem como finalidade promover o desenvolvimento integral do seu p\u00fablico-alvo, por meio da otimiza\u00e7\u00e3o e da oferta articulada de servi\u00e7os j\u00e1 dispon\u00edveis nas redes municipais, visando \u00e0 inclus\u00e3o, ao desenvolvimento de potencialidades e \u00e0 melhoria da qualidade de vida.<\/p>\n<p>&nbsp;<\/p>\n<p><b>Art. 3\u00ba<\/b>\u00a0S\u00e3o p\u00fablico-alvo do Programa as crian\u00e7as e adolescentes neuroat\u00edpicos, com idade de at\u00e9 14 (quatorze) anos, residentes no Munic\u00edpio de Lajes\/RN e j\u00e1 assistidos ou eleg\u00edveis para os servi\u00e7os das redes de sa\u00fade, educa\u00e7\u00e3o ou assist\u00eancia social.<\/p>\n<p>&nbsp;<\/p>\n<p><b>Par\u00e1grafo \u00fanico.\u00a0<\/b>Consideram-se, para os fins deste Decreto, pessoas neuroat\u00edpicas aquelas com transtornos do neurodesenvolvimento, incluindo, entre outros, transtorno do espectro autista (TEA), TDAH, dislexia e condi\u00e7\u00f5es correlatas, conforme classifica\u00e7\u00e3o adotada pelos sistemas de sa\u00fade e educa\u00e7\u00e3o.<\/p>\n<p>&nbsp;<\/p>\n<p><b>Art. 4\u00ba<\/b>\u00a0O Programa funcionar\u00e1 em regime de gest\u00e3o intersetorial, sob a articula\u00e7\u00e3o das seguintes Secretarias:<\/p>\n<p><b>I \u2013<\/b>\u00a0Secretaria Municipal de Educa\u00e7\u00e3o;<\/p>\n<p><b>II \u2013<\/b>\u00a0Secretaria Municipal de Sa\u00fade;<\/p>\n<p><b>III \u2013\u00a0<\/b>Secretaria Municipal de Desenvolvimento Social, Pol\u00edticas para as Mulheres e Habita\u00e7\u00e3o.<\/p>\n<p>&nbsp;<\/p>\n<p><b>Art. 5\u00ba\u00a0<\/b>A coordena\u00e7\u00e3o das a\u00e7\u00f5es do Programa &#8220;Espa\u00e7o Crescer&#8221; ficar\u00e1 a cargo da Secretaria Municipal de Educa\u00e7\u00e3o, por meio do Centro de Educa\u00e7\u00e3o Especial do Munic\u00edpio, que atuar\u00e1 em coopera\u00e7\u00e3o com as demais Secretarias.<\/p>\n<p>&nbsp;<\/p>\n<p><b>Art. 6\u00ba\u00a0<\/b>Compete \u00e0 Secretaria Municipal de Educa\u00e7\u00e3o:<\/p>\n<p><b>I \u2013\u00a0<\/b>Coordenar a gest\u00e3o administrativa e pedag\u00f3gica do Programa;<\/p>\n<p><b>II \u2013\u00a0<\/b>Articular a disponibiliza\u00e7\u00e3o de equipe pedag\u00f3gica e multiprofissional para o acompanhamento das crian\u00e7as;<\/p>\n<p><b>III \u2013<\/b>\u00a0Promover a\u00e7\u00f5es educacionais inclusivas que favore\u00e7am o desenvolvimento e a aprendizagem.<\/p>\n<p>&nbsp;<\/p>\n<p><b>Art. 7\u00ba<\/b>\u00a0Compete \u00e0 Secretaria Municipal de Sa\u00fade:<\/p>\n<p><b>I \u2013\u00a0<\/b>Articular a disponibiliza\u00e7\u00e3o de atendimentos terap\u00eauticos e consultas especializadas;<\/p>\n<p><b>II \u2013\u00a0<\/b>Ofertar, dentro de suas capacidades, acompanhamento multiprofissional voltado ao desenvolvimento e \u00e0 reabilita\u00e7\u00e3o das crian\u00e7as atendidas;<\/p>\n<p><b>III \u2013<\/b>\u00a0Colaborar na constru\u00e7\u00e3o e execu\u00e7\u00e3o dos Planos de Acompanhamento Individualizado.<\/p>\n<p>&nbsp;<\/p>\n<p><b>Art. 8\u00ba<\/b>\u00a0Compete \u00e0 Secretaria Municipal de Desenvolvimento Social, Pol\u00edticas para as Mulheres e Habita\u00e7\u00e3o:<\/p>\n<p><b>I \u2013<\/b>\u00a0Desenvolver a\u00e7\u00f5es de apoio, orienta\u00e7\u00e3o e fortalecimento dos v\u00ednculos familiares e comunit\u00e1rios;<\/p>\n<p><b>II \u2013<\/b>\u00a0Ofertar atividades por meio do Servi\u00e7o de Conviv\u00eancia e Fortalecimento de V\u00ednculos (SCFV);<\/p>\n<p><b>III \u2013\u00a0<\/b>Promover a\u00e7\u00f5es socioassistenciais que visem \u00e0 inclus\u00e3o social das crian\u00e7as e de suas fam\u00edlias.<\/p>\n<p>&nbsp;<\/p>\n<p><b>Art. 9\u00ba<\/b>\u00a0Os(as) Secret\u00e1rios(as) Municipais de Educa\u00e7\u00e3o, Sa\u00fade e de Desenvolvimento Social, Pol\u00edticas para as Mulheres e Habita\u00e7\u00e3o poder\u00e3o, por ato pr\u00f3prio e em conjunto, designar servidores de seus respectivos quadros para compor a equipe de refer\u00eancia do Programa &#8220;Espa\u00e7o Crescer&#8221;.<\/p>\n<p><b>\u00a7 1\u00ba<\/b>\u00a0A designa\u00e7\u00e3o de que trata o\u00a0<i>caput<\/i>\u00a0n\u00e3o implicar\u00e1 em altera\u00e7\u00e3o do cargo, da remunera\u00e7\u00e3o ou dos direitos e vantagens do servidor, consistindo em atribui\u00e7\u00e3o de tarefas especiais compat\u00edveis com seu cargo efetivo e\/ou comissionado.<\/p>\n<p><b>\u00a7 2\u00ba<\/b>\u00a0A atua\u00e7\u00e3o do servidor no Programa ser\u00e1 considerada, para todos os efeitos, como de relevante interesse p\u00fablico.<\/p>\n<p>&nbsp;<\/p>\n<p><b>Art. 10.\u00a0<\/b>As despesas decorrentes da execu\u00e7\u00e3o deste Decreto correr\u00e3o por conta das dota\u00e7\u00f5es or\u00e7ament\u00e1rias j\u00e1 consignadas no or\u00e7amento vigente das Secretarias envolvidas, n\u00e3o implicando em qualquer aumento de despesa ou cria\u00e7\u00e3o de novas obriga\u00e7\u00f5es financeiras para o Munic\u00edpio.<\/p>\n<p>&nbsp;<\/p>\n<p><b>Art. 11.<\/b>\u00a0As Secretarias envolvidas definir\u00e3o, por meio de Portaria Conjunta, os fluxos, protocolos e instrumentos de articula\u00e7\u00e3o intersetorial para o pleno funcionamento do Programa.<\/p>\n<p>&nbsp;<\/p>\n<p><b>Art. 12.<\/b>\u00a0Este Decreto entra em vigor na data de sua publica\u00e7\u00e3o.<\/p>\n<p>&nbsp;<\/p>\n<p>Gabinete do Prefeito, em 30 de mar\u00e7o de 2026.<\/p>\n<p>&nbsp;<\/p>\n<p>&nbsp;<\/p>\n<p><b><i>FELIPE FERREIRA DE MENEZES ARA\u00daJO<\/i><\/b><\/p>\n<p><b><i><\/i><\/b>&nbsp;<\/p>\n<p>Prefeito Municipal<\/p>\n<div align=\"right\">\n<b>Publicado por:<\/b><br \/>\nJanssen Anderson do Nascimento Costa<br \/>\n<b>C\u00f3digo Identificador:<\/b>46726BAA<\/div>\n<p>&nbsp;<\/p>\n<hr \/>\n<p>Mat\u00e9ria publicada no Di\u00e1rio Oficial dos Munic\u00edpios do Estado do Rio Grande do Norte no dia 31\/03\/2026. Edi\u00e7\u00e3o 3761<br \/>\nA verifica\u00e7\u00e3o de autenticidade da mat\u00e9ria pode ser feita informando o c\u00f3digo identificador no site:<br \/>\nhttps:\/\/www.diariomunicipal.com.br\/femurn\/<\/p><\/div>\n<div class=\"pdfprnt-buttons pdfprnt-buttons-post pdfprnt-bottom-right\"><a href=\"https:\/\/lajes.rn.gov.br\/transparente\/index\/wp-json\/wp\/v2\/posts\/40262?print=pdf\" class=\"pdfprnt-button pdfprnt-button-pdf\" target=\"_blank\" ><img decoding=\"async\" src=\"https:\/\/lajes.rn.gov.br\/transparente\/index\/wp-content\/plugins\/pdf-print\/images\/pdf.png\" alt=\"image_pdf\" title=\"Ver PDF\" \/><\/a><a href=\"https:\/\/lajes.rn.gov.br\/transparente\/index\/wp-json\/wp\/v2\/posts\/40262?print=print\" class=\"pdfprnt-button pdfprnt-button-print\" target=\"_blank\" ><img decoding=\"async\" src=\"https:\/\/lajes.rn.gov.br\/transparente\/index\/wp-content\/plugins\/pdf-print\/images\/print.png\" alt=\"image_print\" title=\"Conte\u00fado de impress\u00e3o\" \/><\/a><\/div>","protected":false},"excerpt":{"rendered":"<p>ESTADO DO RIO GRANDE DO NORTE PREFEITURA MUNICIPAL DE LAJES GABINETE DO PREFEITO DECRETO N\u00ba 005, DE 30 DE MAR\u00c7O DE 2026. Disp\u00f5e sobre a institui\u00e7\u00e3o do Programa &#8220;Espa\u00e7o Crescer \u2013 Centro Intersetorial de Desenvolvimento Infantil&#8221;, no \u00e2mbito da Administra\u00e7\u00e3o P\u00fablica Municipal, e d\u00e1 outras provid\u00eancias. &nbsp; O\u00a0PREFEITO MUNICIPAL DE LAJES, Estado do Rio Grande [&hellip;]<\/p>\n","protected":false},"author":3,"featured_media":0,"comment_status":"closed","ping_status":"closed","sticky":false,"template":"","format":"standard","meta":{"ocean_post_layout":"","ocean_both_sidebars_style":"","ocean_both_sidebars_content_width":0,"ocean_both_sidebars_sidebars_width":0,"ocean_sidebar":"0","ocean_second_sidebar":"0","ocean_disable_margins":"enable","ocean_add_body_class":"","ocean_shortcode_before_top_bar":"","ocean_shortcode_after_top_bar":"","ocean_shortcode_before_header":"","ocean_shortcode_after_header":"","ocean_has_shortcode":"","ocean_shortcode_after_title":"","ocean_shortcode_before_footer_widgets":"","ocean_shortcode_after_footer_widgets":"","ocean_shortcode_before_footer_bottom":"","ocean_shortcode_after_footer_bottom":"","ocean_display_top_bar":"default","ocean_display_header":"default","ocean_header_style":"","ocean_center_header_left_menu":"0","ocean_custom_header_template":"0","ocean_custom_logo":0,"ocean_custom_retina_logo":0,"ocean_custom_logo_max_width":0,"ocean_custom_logo_tablet_max_width":0,"ocean_custom_logo_mobile_max_width":0,"ocean_custom_logo_max_height":0,"ocean_custom_logo_tablet_max_height":0,"ocean_custom_logo_mobile_max_height":0,"ocean_header_custom_menu":"0","ocean_menu_typo_font_family":"0","ocean_menu_typo_font_subset":"","ocean_menu_typo_font_size":0,"ocean_menu_typo_font_size_tablet":0,"ocean_menu_typo_font_size_mobile":0,"ocean_menu_typo_font_size_unit":"px","ocean_menu_typo_font_weight":"","ocean_menu_typo_font_weight_tablet":"","ocean_menu_typo_font_weight_mobile":"","ocean_menu_typo_transform":"","ocean_menu_typo_transform_tablet":"","ocean_menu_typo_transform_mobile":"","ocean_menu_typo_line_height":0,"ocean_menu_typo_line_height_tablet":0,"ocean_menu_typo_line_height_mobile":0,"ocean_menu_typo_line_height_unit":"","ocean_menu_typo_spacing":0,"ocean_menu_typo_spacing_tablet":0,"ocean_menu_typo_spacing_mobile":0,"ocean_menu_typo_spacing_unit":"","ocean_menu_link_color":"","ocean_menu_link_color_hover":"","ocean_menu_link_color_active":"","ocean_menu_link_background":"","ocean_menu_link_hover_background":"","ocean_menu_link_active_background":"","ocean_menu_social_links_bg":"","ocean_menu_social_hover_links_bg":"","ocean_menu_social_links_color":"","ocean_menu_social_hover_links_color":"","ocean_disable_title":"default","ocean_disable_heading":"default","ocean_post_title":"","ocean_post_subheading":"","ocean_post_title_style":"","ocean_post_title_background_color":"","ocean_post_title_background":0,"ocean_post_title_bg_image_position":"","ocean_post_title_bg_image_attachment":"","ocean_post_title_bg_image_repeat":"","ocean_post_title_bg_image_size":"","ocean_post_title_height":0,"ocean_post_title_bg_overlay":0.5,"ocean_post_title_bg_overlay_color":"","ocean_disable_breadcrumbs":"default","ocean_breadcrumbs_color":"","ocean_breadcrumbs_separator_color":"","ocean_breadcrumbs_links_color":"","ocean_breadcrumbs_links_hover_color":"","ocean_display_footer_widgets":"default","ocean_display_footer_bottom":"default","ocean_custom_footer_template":"0","ocean_post_oembed":"","ocean_post_self_hosted_media":"","ocean_post_video_embed":"","ocean_link_format":"","ocean_link_format_target":"self","ocean_quote_format":"","ocean_quote_format_link":"post","ocean_gallery_link_images":"on","ocean_gallery_id":[],"footnotes":""},"categories":[38,259,2],"tags":[],"class_list":["post-40262","post","type-post","status-publish","format-standard","hentry","category-decretos","category-decretos-2026","category-legislacao","entry"],"_links":{"self":[{"href":"https:\/\/lajes.rn.gov.br\/transparente\/index\/wp-json\/wp\/v2\/posts\/40262","targetHints":{"allow":["GET"]}}],"collection":[{"href":"https:\/\/lajes.rn.gov.br\/transparente\/index\/wp-json\/wp\/v2\/posts"}],"about":[{"href":"https:\/\/lajes.rn.gov.br\/transparente\/index\/wp-json\/wp\/v2\/types\/post"}],"author":[{"embeddable":true,"href":"https:\/\/lajes.rn.gov.br\/transparente\/index\/wp-json\/wp\/v2\/users\/3"}],"replies":[{"embeddable":true,"href":"https:\/\/lajes.rn.gov.br\/transparente\/index\/wp-json\/wp\/v2\/comments?post=40262"}],"version-history":[{"count":1,"href":"https:\/\/lajes.rn.gov.br\/transparente\/index\/wp-json\/wp\/v2\/posts\/40262\/revisions"}],"predecessor-version":[{"id":40263,"href":"https:\/\/lajes.rn.gov.br\/transparente\/index\/wp-json\/wp\/v2\/posts\/40262\/revisions\/40263"}],"wp:attachment":[{"href":"https:\/\/lajes.rn.gov.br\/transparente\/index\/wp-json\/wp\/v2\/media?parent=40262"}],"wp:term":[{"taxonomy":"category","embeddable":true,"href":"https:\/\/lajes.rn.gov.br\/transparente\/index\/wp-json\/wp\/v2\/categories?post=40262"},{"taxonomy":"post_tag","embeddable":true,"href":"https:\/\/lajes.rn.gov.br\/transparente\/index\/wp-json\/wp\/v2\/tags?post=40262"}],"curies":[{"name":"wp","href":"https:\/\/api.w.org\/{rel}","templated":true}]}}