{"id":40260,"date":"2026-03-31T16:06:57","date_gmt":"2026-03-31T19:06:57","guid":{"rendered":"https:\/\/lajes.rn.gov.br\/transparente\/index\/?p=40260"},"modified":"2026-04-30T16:07:36","modified_gmt":"2026-04-30T19:07:36","slug":"extrato-do-contrato-no-26-2026","status":"publish","type":"post","link":"https:\/\/lajes.rn.gov.br\/transparente\/index\/extrato-do-contrato-no-26-2026\/","title":{"rendered":"EXTRATO DO CONTRATO N\u00ba 26\/2026"},"content":{"rendered":"<div id=\"separador\" class=\"cabecalhoEstadoSeparador cabecalhoEstadoSeparador2\">\n<h1>ESTADO DO RIO GRANDE DO NORTE<br \/>\nPREFEITURA MUNICIPAL DE LAJES<\/h1>\n<\/div>\n<div id=\"cabecaorgao\" class=\"cabecaorgao\"><\/div>\n<div id=\"materia\" class=\"materia materia20091123 materia2\">\n<h5>GABINETE DO PREFEITO<br \/>\nEXTRATO DO CONTRATO N\u00ba 26\/2026<\/h5>\n<div class=\"mat\"><\/div>\n<p>TERMO DE CONTRATO QUE ENTRE SI CELEBRAM A PREFEITURA MUNICIPAL DE LAJES\/RN E A EMPRESA AGIR CONSULTORIA E ASSESSORIA LTDA.<\/p>\n<p>&nbsp;<\/p>\n<p>Processo Administrativo n\u00b0 30\/01-2026<\/p>\n<p>Licita\u00e7\u00e3o n\u00ba 36\/2026<\/p>\n<p>&nbsp;<\/p>\n<p><b>CONTRATANTE<\/b>:\u00a0<b>PREFEITURA MUNICIPAL DE LAJES<\/b>, inscrita no CNPJ sob o n\u00ba 08.113.466\/0001-05, com sede no Pal\u00e1cio Alzira Soriano, situado \u00e0 Rua Ramiro Pereira da Silva, 17, Centro, CEP: 59535-000,LAJES\/RN, neste ato representado pelo PREFEITO CONSTITUCIONAL, Sr.\u00a0<b>FELIPE FERREIRA DE MENEZES ARA\u00daJO<\/b>.<\/p>\n<p>&nbsp;<\/p>\n<p><b>CONTRATADA<\/b>:\u00a0<b>AGIR CONSULTORIA E ASSESSORIA LTDA,\u00a0<\/b>inscrito(a) no CNPJ\/MF sob o n\u00ba 41.922.079\/0001-95,<b>\u00a0<\/b>sediado na Rua Juscelino Kubitschek, n\u00ba 389, Apt. 207, Jardim Aeroporto, Bayeux\/PB \u2013 CEP: 58.113-357, neste ato representado por\u00a0<b>MARIA CECILIA DA SILVA<\/b>, inscrito no CPF n\u00ba XXX.483.XXX-71.<\/p>\n<p>&nbsp;<\/p>\n<p><b>OBJETO<\/b>: Contrata\u00e7\u00e3o de empresa para presta\u00e7\u00e3o de servi\u00e7os de assessoria administrativa, visando a gest\u00e3o e monitoramento de programas educacionais junto aos sistemas governamentais (SIMEC e FNDE), bem como o saneamento de pend\u00eancias e a otimiza\u00e7\u00e3o das rotinas operacionais da Secretaria Municipal de Educa\u00e7\u00e3o de Lajes\/RN.<\/p>\n<p>&nbsp;<\/p>\n<p><b>MODALIDADE<\/b>: Dispensa de Licita\u00e7\u00e3o 06\/2026<\/p>\n<p>&nbsp;<\/p>\n<p><b>VALOR DA CONTRATA\u00c7\u00c3O:\u00a0<\/b>O valor mensal \u00e9 de 4.000,00 (quatro mil reais ), perfazendo o valor global de R$ 48.000,00 (quarenta e oito mil reais).<\/p>\n<p>&nbsp;<\/p>\n<table class=\"mat\" border=\"1\" cellspacing=\"0\" cellpadding=\"0\" align=\"left\">\n<tbody>\n<tr>\n<td width=\"38\">Item<\/td>\n<td>Descri\u00e7\u00e3o<\/td>\n<td width=\"63\">Unidade<\/td>\n<td width=\"81\">Quantidade<\/td>\n<td width=\"100\">Valor Unit\u00e1rio<\/td>\n<td width=\"100\">Valor Total<\/td>\n<\/tr>\n<tr>\n<td>1<\/td>\n<td>Contrata\u00e7\u00e3o de empresa especializada na assessoria de apoio adnistrativo com \u00eanfase na assistencia, regulariza\u00e7\u00e3o de pend\u00eancias, monitoramento e acompanhamento nos sistemas do minist\u00e9rio da Educa\u00e7\u00e3o (SIMEC), e no Fundo Nacional de Desenvolvimento da Educa\u00e7\u00e3o (FNDE), Em atendimento as necessidades da Secretaria Municipal de Educa\u00e7\u00e3o de Lajes\/RN.<\/td>\n<td>M\u00eas<\/td>\n<td>12<\/td>\n<td>4.000,00<\/td>\n<td>48.000,00<\/td>\n<\/tr>\n<tr>\n<td colspan=\"4\">Total do contrato em R$<\/td>\n<td>48.000,00<\/td>\n<td>&nbsp;<\/td>\n<\/tr>\n<\/tbody>\n<\/table>\n<p>&nbsp;<\/p>\n<p><b>DOTA\u00c7\u00c3O OR\u00c7AMENT\u00c1RIA:<\/b><\/p>\n<p>&nbsp;<\/p>\n<p>Unidade Or\u00e7ament\u00e1ria:02.006 &#8211; SECRETARIA MUNICIPAL DE EDUCACAO<\/p>\n<p>A\u00e7\u00e3o: 2029 &#8211; COORDENA\u00c7\u00c3O E MANUTEN\u00c7\u00c3O DOS SERVI\u00c7OS ADMINISTRATIVOS DA SECRETARIA MUNICIPAL DE EDUCA\u00c7\u00c3O<\/p>\n<p>Fun\u00e7\u00e3o: 04 &#8211; ADMINISTRA\u00c7\u00c3O<\/p>\n<p>Sub-Fun\u00e7\u00e3o: 122 &#8211; ADMINISTRA\u00c7\u00c3O GERAL<\/p>\n<p>Programa: 0101 &#8211; MANUTEN\u00c7\u00c3O DAS ATIVIDADES ADMINISTRATIVAS<\/p>\n<p>Natureza: 3.3.90.39 &#8211; OUTROS SERVI\u00c7OS DE TERCEIROS &#8211; PESSOA JUR\u00cdDICA<\/p>\n<p>Fonte de Recurso: 15001001 &#8211; Recursos n\u00e3o Vinculados de Impostos &#8211; Despesas com manuten\u00e7\u00e3o e desenvolvimento do ensino<\/p>\n<p>Regi\u00e3o: 0001 &#8211; Lajes<\/p>\n<p>&nbsp;<\/p>\n<p><b>VIGENCIA DO CONTRATO<\/b>: Os servi\u00e7os ser\u00e3o contratados na data da assinatura contratual, 30 de mar\u00e7o de 2026 a 29 de mar\u00e7o de 2027<b>.<\/b><\/p>\n<p>&nbsp;<\/p>\n<p>FUNDAMENTO LEGAL: A contrata\u00e7\u00e3o se encontra fundamentada na Lei n\u00ba 14.133\/21.<\/p>\n<p>&nbsp;<\/p>\n<p>Lajes\/RN, em 27 de mar\u00e7o de 2026.<\/p>\n<p>&nbsp;<\/p>\n<p><b><i>FELIPE FERREIRA DE MENEZES ARAUJO<\/i><\/b><\/p>\n<p>Prefeito Municipal<\/p>\n<p>Contratante<\/p>\n<p>&nbsp;<\/p>\n<p><b><i>FABIANA TEIXEIRA DA SILVA PEREIRA<\/i><\/b><\/p>\n<p>Secret\u00e1ria Municipal de Educa\u00e7\u00e3o<\/p>\n<p>&nbsp;<\/p>\n<p>Agir Consultoria E Assessoria LTDA<\/p>\n<p>CNPJ: 41.922.079\/0001-95<\/p>\n<p><b><i>MARIA CECILIA DA SILVA<\/i><\/b><\/p>\n<p>CPF: XXX.483.XXX-71<\/p>\n<p>Contratada<\/p>\n<div align=\"right\">\n<b>Publicado por:<\/b><br \/>\nRobson Edson Fernandes da Silva<br \/>\n<b>C\u00f3digo Identificador:<\/b>66E4D189<\/div>\n<p>&nbsp;<\/p>\n<hr \/>\n<p>Mat\u00e9ria publicada no Di\u00e1rio Oficial dos Munic\u00edpios do Estado do Rio Grande do Norte no dia 31\/03\/2026. Edi\u00e7\u00e3o 3761<br \/>\nA verifica\u00e7\u00e3o de autenticidade da mat\u00e9ria pode ser feita informando o c\u00f3digo identificador no site:<br \/>\nhttps:\/\/www.diariomunicipal.com.br\/femurn\/<\/p><\/div>\n<div class=\"pdfprnt-buttons pdfprnt-buttons-post pdfprnt-bottom-right\"><a href=\"https:\/\/lajes.rn.gov.br\/transparente\/index\/wp-json\/wp\/v2\/posts\/40260?print=pdf\" class=\"pdfprnt-button pdfprnt-button-pdf\" target=\"_blank\" ><img decoding=\"async\" src=\"https:\/\/lajes.rn.gov.br\/transparente\/index\/wp-content\/plugins\/pdf-print\/images\/pdf.png\" alt=\"image_pdf\" title=\"Ver PDF\" \/><\/a><a href=\"https:\/\/lajes.rn.gov.br\/transparente\/index\/wp-json\/wp\/v2\/posts\/40260?print=print\" class=\"pdfprnt-button pdfprnt-button-print\" target=\"_blank\" ><img decoding=\"async\" src=\"https:\/\/lajes.rn.gov.br\/transparente\/index\/wp-content\/plugins\/pdf-print\/images\/print.png\" alt=\"image_print\" title=\"Conte\u00fado de impress\u00e3o\" \/><\/a><\/div>","protected":false},"excerpt":{"rendered":"<p>ESTADO DO RIO GRANDE DO NORTE PREFEITURA MUNICIPAL DE LAJES GABINETE DO PREFEITO EXTRATO DO CONTRATO N\u00ba 26\/2026 TERMO DE CONTRATO QUE ENTRE SI CELEBRAM A PREFEITURA MUNICIPAL DE LAJES\/RN E A EMPRESA AGIR CONSULTORIA E ASSESSORIA LTDA. &nbsp; Processo Administrativo n\u00b0 30\/01-2026 Licita\u00e7\u00e3o n\u00ba 36\/2026 &nbsp; CONTRATANTE:\u00a0PREFEITURA MUNICIPAL DE LAJES, inscrita no CNPJ sob [&hellip;]<\/p>\n","protected":false},"author":3,"featured_media":0,"comment_status":"closed","ping_status":"closed","sticky":false,"template":"","format":"standard","meta":{"ocean_post_layout":"","ocean_both_sidebars_style":"","ocean_both_sidebars_content_width":0,"ocean_both_sidebars_sidebars_width":0,"ocean_sidebar":"0","ocean_second_sidebar":"0","ocean_disable_margins":"enable","ocean_add_body_class":"","ocean_shortcode_before_top_bar":"","ocean_shortcode_after_top_bar":"","ocean_shortcode_before_header":"","ocean_shortcode_after_header":"","ocean_has_shortcode":"","ocean_shortcode_after_title":"","ocean_shortcode_before_footer_widgets":"","ocean_shortcode_after_footer_widgets":"","ocean_shortcode_before_footer_bottom":"","ocean_shortcode_after_footer_bottom":"","ocean_display_top_bar":"default","ocean_display_header":"default","ocean_header_style":"","ocean_center_header_left_menu":"0","ocean_custom_header_template":"0","ocean_custom_logo":0,"ocean_custom_retina_logo":0,"ocean_custom_logo_max_width":0,"ocean_custom_logo_tablet_max_width":0,"ocean_custom_logo_mobile_max_width":0,"ocean_custom_logo_max_height":0,"ocean_custom_logo_tablet_max_height":0,"ocean_custom_logo_mobile_max_height":0,"ocean_header_custom_menu":"0","ocean_menu_typo_font_family":"0","ocean_menu_typo_font_subset":"","ocean_menu_typo_font_size":0,"ocean_menu_typo_font_size_tablet":0,"ocean_menu_typo_font_size_mobile":0,"ocean_menu_typo_font_size_unit":"px","ocean_menu_typo_font_weight":"","ocean_menu_typo_font_weight_tablet":"","ocean_menu_typo_font_weight_mobile":"","ocean_menu_typo_transform":"","ocean_menu_typo_transform_tablet":"","ocean_menu_typo_transform_mobile":"","ocean_menu_typo_line_height":0,"ocean_menu_typo_line_height_tablet":0,"ocean_menu_typo_line_height_mobile":0,"ocean_menu_typo_line_height_unit":"","ocean_menu_typo_spacing":0,"ocean_menu_typo_spacing_tablet":0,"ocean_menu_typo_spacing_mobile":0,"ocean_menu_typo_spacing_unit":"","ocean_menu_link_color":"","ocean_menu_link_color_hover":"","ocean_menu_link_color_active":"","ocean_menu_link_background":"","ocean_menu_link_hover_background":"","ocean_menu_link_active_background":"","ocean_menu_social_links_bg":"","ocean_menu_social_hover_links_bg":"","ocean_menu_social_links_color":"","ocean_menu_social_hover_links_color":"","ocean_disable_title":"default","ocean_disable_heading":"default","ocean_post_title":"","ocean_post_subheading":"","ocean_post_title_style":"","ocean_post_title_background_color":"","ocean_post_title_background":0,"ocean_post_title_bg_image_position":"","ocean_post_title_bg_image_attachment":"","ocean_post_title_bg_image_repeat":"","ocean_post_title_bg_image_size":"","ocean_post_title_height":0,"ocean_post_title_bg_overlay":0.5,"ocean_post_title_bg_overlay_color":"","ocean_disable_breadcrumbs":"default","ocean_breadcrumbs_color":"","ocean_breadcrumbs_separator_color":"","ocean_breadcrumbs_links_color":"","ocean_breadcrumbs_links_hover_color":"","ocean_display_footer_widgets":"default","ocean_display_footer_bottom":"default","ocean_custom_footer_template":"0","ocean_post_oembed":"","ocean_post_self_hosted_media":"","ocean_post_video_embed":"","ocean_link_format":"","ocean_link_format_target":"self","ocean_quote_format":"","ocean_quote_format_link":"post","ocean_gallery_link_images":"on","ocean_gallery_id":[],"footnotes":""},"categories":[76,257,3],"tags":[],"class_list":["post-40260","post","type-post","status-publish","format-standard","hentry","category-contratos","category-contratos-ou-ata-de-registro-de-preco-2026","category-licitacao","entry"],"_links":{"self":[{"href":"https:\/\/lajes.rn.gov.br\/transparente\/index\/wp-json\/wp\/v2\/posts\/40260","targetHints":{"allow":["GET"]}}],"collection":[{"href":"https:\/\/lajes.rn.gov.br\/transparente\/index\/wp-json\/wp\/v2\/posts"}],"about":[{"href":"https:\/\/lajes.rn.gov.br\/transparente\/index\/wp-json\/wp\/v2\/types\/post"}],"author":[{"embeddable":true,"href":"https:\/\/lajes.rn.gov.br\/transparente\/index\/wp-json\/wp\/v2\/users\/3"}],"replies":[{"embeddable":true,"href":"https:\/\/lajes.rn.gov.br\/transparente\/index\/wp-json\/wp\/v2\/comments?post=40260"}],"version-history":[{"count":1,"href":"https:\/\/lajes.rn.gov.br\/transparente\/index\/wp-json\/wp\/v2\/posts\/40260\/revisions"}],"predecessor-version":[{"id":40261,"href":"https:\/\/lajes.rn.gov.br\/transparente\/index\/wp-json\/wp\/v2\/posts\/40260\/revisions\/40261"}],"wp:attachment":[{"href":"https:\/\/lajes.rn.gov.br\/transparente\/index\/wp-json\/wp\/v2\/media?parent=40260"}],"wp:term":[{"taxonomy":"category","embeddable":true,"href":"https:\/\/lajes.rn.gov.br\/transparente\/index\/wp-json\/wp\/v2\/categories?post=40260"},{"taxonomy":"post_tag","embeddable":true,"href":"https:\/\/lajes.rn.gov.br\/transparente\/index\/wp-json\/wp\/v2\/tags?post=40260"}],"curies":[{"name":"wp","href":"https:\/\/api.w.org\/{rel}","templated":true}]}}