{"id":40254,"date":"2026-03-31T16:04:07","date_gmt":"2026-03-31T19:04:07","guid":{"rendered":"https:\/\/lajes.rn.gov.br\/transparente\/index\/?p=40254"},"modified":"2026-04-30T16:05:00","modified_gmt":"2026-04-30T19:05:00","slug":"primeiro-termo-aditivo-do-contrato-administrativo-n-29-2025-prorrogacao-de-prazo","status":"publish","type":"post","link":"https:\/\/lajes.rn.gov.br\/transparente\/index\/primeiro-termo-aditivo-do-contrato-administrativo-n-29-2025-prorrogacao-de-prazo\/","title":{"rendered":"PRIMEIRO TERMO ADITIVO DO CONTRATO ADMINISTRATIVO N\u00b0 29\/2025 &#8211; PRORROGA\u00c7\u00c3O DE PRAZO"},"content":{"rendered":"<div id=\"separador\" class=\"cabecalhoEstadoSeparador cabecalhoEstadoSeparador1\">\n<h1>ESTADO DO RIO GRANDE DO NORTE<br \/>\nPREFEITURA MUNICIPAL DE LAJES<\/h1>\n<\/div>\n<div id=\"cabecaorgao\" class=\"cabecaorgao\"><\/div>\n<div id=\"materia\" class=\"materia materia20091123 materia1\">\n<h5>GABINETE DO PREFEITO<br \/>\nPRIMEIRO TERMO ADITIVO DO CONTRATO ADMINISTRATIVO N\u00b0 29\/2025 &#8211; PRORROGA\u00c7\u00c3O DE PRAZO<\/h5>\n<div class=\"mat\"><\/div>\n<p><b>PROCESSO ADMINISTRATIVO PARA ADITIVO N\u00b0 40\/01-2026<\/b><\/p>\n<p><b>Preg\u00e3o\/Ades\u00e3o N\u00b0 05\/2025<\/b><\/p>\n<p>&nbsp;<\/p>\n<p>PRIMEIRO TERMO ADITIVO AO CONTRATO ADMINISTRATIVO N\u00ba 29\/2025, QUE FAZEM ENTRE SI O MUNIC\u00cdPIO DE LAJES\/RN, E A EMPRESA O M LEAL DE MESQUITA.<\/p>\n<p>&nbsp;<\/p>\n<p>Pelo presente instrumento contratual onde de um lado<b>\u00a0O MUNIC\u00cdPIO DE LAJES\/RN<\/b>, atrav\u00e9s das demais secretarias, pessoa jur\u00eddica de direito p\u00fablico, com sede administrativa \u00e0 Rua Ramiro Pereira da Silva, n\u00ba 17, centro \u2013 CEP: 59.535-000, devidamente inscrita no CNPJ\/MF, sob o n\u00ba. 08.113.466\/0001-05, neste ato representado, na forma de sua Lei Org\u00e2nica, pelo Prefeito Municipal o Sr.\u00a0<b>FELIPE FERREIRA DE MENEZES ARA\u00daJO<\/b>, doravante denominada\u00a0<b>CONTRATANTE<\/b>, e a empresa\u00a0<b>LEAL EMPREENDIMENTOS LTDA<\/b>, inscrito(a) no CNPJ\/MF sob o n\u00ba 17.737.082\/0001-54, sediado(a) Av. Dos Arrecifes, N\u00ba 1205, Centro, S\u00e3o Miguel do Gostoso\/RN, CEP: 59.585-000, neste ato representado por\u00a0<b>OLEDSON MANOEL LEAL DE MESQUITA<\/b>, inscrito no CPF n\u00ba XXX.861.XXX-30, que exerce a fun\u00e7\u00e3o de S\u00f3cio Administrador, conforme consta no ato constitutivo da empresa,, doravante denominada\u00a0<b>CONTRATADA,<\/b>\u00a0tendo em vista o que consta no Processo n\u00ba 40\/01-2026, e em observ\u00e2ncia \u00e0s disposi\u00e7\u00f5es da Lei n\u00ba 14.133, de 1\u00ba de abril de 2021, e demais legisla\u00e7\u00e3o aplic\u00e1vel, resolvem celebrar o presente\u00a0<b>Termo Aditivo de prorroga\u00e7\u00e3o do prazo de vig\u00eancia contratual<\/b>, mediante as cl\u00e1usulas e condi\u00e7\u00f5es a seguir enunciadas.<\/p>\n<p>&nbsp;<\/p>\n<p><b>CL\u00c1USULA PRIMEIRA \u2013 OBJETO<\/b><\/p>\n<p>O presente termo aditivo tem por objeto a prorroga\u00e7\u00e3o do prazo de vig\u00eancia do Contrato n\u00ba 29\/2025, por mais 12 (meses\/anos), a partir de\u00a0<b>30\/03\/2026 at\u00e9 29\/03\/2027<\/b>, para dar continuidade \u00e0 CONTRATA\u00c7\u00c3O DE EMPRESA PARA A LOCA\u00c7\u00c3O DE VE\u00cdCULOS, PARA ATENDER AS NECESSIDADES DA SECRETARIA MUNICIPAL DE GOVERNO DA PREFEITURA DE LAJES\/RN, podendo ser prorrogado sucessivamente, respeitada a vig\u00eancia m\u00e1xima decenal, na forma do artigo 107 da Lei n\u00ba 14.133, de 2021.<\/p>\n<p>&nbsp;<\/p>\n<p><b>CL\u00c1USULA SEGUNDA \u2013 ALTERA\u00c7\u00c3O DO NOME EMPRESARIAL<\/b><\/p>\n<p>2.1 Fica registrado que a CONTRATADA, anteriormente denominada\u00a0<b>O M LEAL DE MESQUITA<\/b>, passou a adotar a denomina\u00e7\u00e3o empresarial\u00a0<b>LEAL EMPREENDIMENTOS LTDA<\/b>, conforme altera\u00e7\u00e3o devidamente registrada na Junta Comercial competente.<\/p>\n<p>2.2 A altera\u00e7\u00e3o do nome empresarial n\u00e3o implica modifica\u00e7\u00e3o da personalidade jur\u00eddica da empresa, permanecendo inalterados o CNPJ, os direitos e as obriga\u00e7\u00f5es assumidas no presente contrato.<\/p>\n<p>2.3 Nos termos da Lei n\u00ba 14.133\/2021, a presente altera\u00e7\u00e3o possui car\u00e1ter meramente cadastral, n\u00e3o configurando modifica\u00e7\u00e3o contratual que afete o objeto, o equil\u00edbrio econ\u00f4mico-financeiro ou as condi\u00e7\u00f5es originalmente pactuadas.<\/p>\n<p>&nbsp;<\/p>\n<p><b>CL\u00c1USULA TERCEIRA \u2013 PRE\u00c7O<\/b><\/p>\n<p>3.1. O CONTRATANTE pagar\u00e1 ao CONTRATADO pela execu\u00e7\u00e3o do objeto deste Contrato o valor global de R$\u00a0<b>R$ 677.511,00 (seiscentos e setenta e sete mil quinhentos e onze reais).<\/b><\/p>\n<p>3.2. O valor acima \u00e9 meramente estimativo, de forma que os pagamentos devidos ao CONTRATADO depender\u00e3o dos quantitativos efetivamente prestados.<\/p>\n<p>&nbsp;<\/p>\n<p><b>CL\u00c1USULA QUARTA &#8211; DOTA\u00c7\u00c3O OR\u00c7AMENT\u00c1RIA<\/b><\/p>\n<p>4.1. As despesas decorrentes do presente termo aditivo correr\u00e3o \u00e0 conta de recursos espec\u00edficos consignados pela Secretaria Municipal de Planejamento deste munic\u00edpio, na dota\u00e7\u00e3o abaixo discriminada:<\/p>\n<p>&nbsp;<\/p>\n<p>Unidade Or\u00e7ament\u00e1ria: 02.001 \u2013 SECRETARIA MUNICIPAL DO GABINELE CIVIL<\/p>\n<p>A\u00e7\u00e3o: 2005 \u2013 MANUTEN\u00c7\u00c3O DO GABINELE CIVIL<\/p>\n<p>Natureza: 33.90.39 \u2013 OUTROS SERVI\u00c7OS DE TERCEIROS \u2013 PESSOA JUR\u00cdDICA<\/p>\n<p>Fonte: 15000000 \u2013 RECURSOS N\u00c3O VINCULADOS DE IMPOSTOS<\/p>\n<p>&nbsp;<\/p>\n<p>Unidade Or\u00e7ament\u00e1ria: 02.002 \u2013 SECRETARIA MUNICIPAL DE GOVERNO<\/p>\n<p>A\u00e7\u00e3o: 2007 \u2013 MANUTEN\u00c7\u00c3O DA SECRETARIA MUNICIPAL DE GOVERNO<\/p>\n<p>Natureza: 33.90.39 \u2013 OUTROS SERVI\u00c7OS DE TERCEIROS \u2013 PESSOA JUR\u00cdDICA<\/p>\n<p>Fonte: 15000000 \u2013 RECURSOS N\u00c3O VINCULADOS DE IMPOSTOS<\/p>\n<p>&nbsp;<\/p>\n<p>Unidade Or\u00e7ament\u00e1ria: 02.004 \u2013 SECRETARIA MUNICIPAL DE INFRAESTRUTURA E SERVI\u00c7OS URBANOS<\/p>\n<p>A\u00e7\u00e3o: 2041 \u2013 MANUTEN\u00c7\u00c3O DA INFRAESTRUTURA E SERVI\u00c7OS URBANOS<\/p>\n<p>A\u00e7\u00e3o: 2166 \u2013 MANUTEN\u00c7\u00c3O DA LIMPEZA P\u00daBLICA<\/p>\n<p>Natureza: 33.90.39 \u2013 OUTROS SERVI\u00c7OS DE TERCEIROS \u2013 PESSOA JUR\u00cdDICA<\/p>\n<p>Fonte: 15000000 \u2013 RECURSOS N\u00c3O VINCULADOS DE IMPOSTOS<\/p>\n<p>&nbsp;<\/p>\n<p>Unidade Or\u00e7ament\u00e1ria: 02.006 \u2013 SECRETARIA MUNICIPAL DE EDUCA\u00c7\u00c3O<\/p>\n<p>A\u00e7\u00e3o: 2035 \u2013 MANUTEN\u00c7\u00c3O DO TRANSPORTE ESCOLAR &#8211; FUNDAMENTAL<\/p>\n<p>A\u00e7\u00e3o: 2036 \u2013 MANUTEN\u00c7\u00c3O DO ENSINO FUNDAMENTAL \u2013 FUNDEB 30%<\/p>\n<p>Natureza: 33.90.39 \u2013 OUTROS SERVI\u00c7OS DE TERCEIROS \u2013 PESSOA JUR\u00cdDICA<\/p>\n<p>Fonte: 15001001 \u2013 RECURSOS N\u00c3O VINCULADOS DE IMPOSTOS \u2013 DESPESAS COM MANUTEN\u00c7\u00c3O E DESENVOLVIMENTO DO ENSINO<\/p>\n<p>Fonte: 15400000 \u2013 TRANSFER\u00caNCIAS DO FUNDEB \u2013 IMPOSTOS E TRANSFER\u00caNCIAS DE IMPOSTOS<\/p>\n<p>&nbsp;<\/p>\n<p>Unidade Or\u00e7ament\u00e1ria: 02.009 \u2013 SECRETARIA MUNICIPAL DA JUVENTUDE, ESPORTE E TURISMO<\/p>\n<p>A\u00e7\u00e3o: 2039 \u2013 MANUTEN\u00c7\u00c3O DA SECRETARIA MUNICIPAL DA JUVENTUDE, ESPORTE E TURISMO<\/p>\n<p>Natureza: 33.90.39 \u2013 OUTROS SERVI\u00c7OS DE TERCEIROS \u2013 PESSOA JUR\u00cdDICA<\/p>\n<p>Fonte: 15000000 \u2013 RECURSOS N\u00c3O VINCULADOS DE IMPOSTOS<\/p>\n<p>&nbsp;<\/p>\n<p>Unidade Or\u00e7ament\u00e1ria: 04.001\u2013 FUNDO MUNICIPAL DE ASSIST\u00caNCIA SOCIAL<\/p>\n<p>A\u00e7\u00e3o: 2053 \u2013 MANUTEN\u00c7\u00c3O DO FUNDO MUNICIPAL DE ASSIST\u00caNCIA SOCIAL<\/p>\n<p>A\u00e7\u00e3o: 1302\u2013 MANUTEN\u00c7\u00c3O DOS SERVI\u00c7OS DE PROTE\u00c7\u00c3O SOCIAL B\u00c1SICA (PSB)<\/p>\n<p>Natureza: 33.90.39 \u2013 OUTROS SERVI\u00c7OS DE TERCEIROS \u2013 PESSOA JUR\u00cdDICA<\/p>\n<p>Fonte: 16600000 \u2013 TRANSFER\u00caNCIA DE RECURSOS DO FUNDO NACIONAL DE ASSIST\u00caNCIA SOCIAL \u2013 FNAS<\/p>\n<p>&nbsp;<\/p>\n<p>Unidade Or\u00e7ament\u00e1ria: 03.001\u2013 FUNDO MUNICIPAL DE SA\u00daDE<\/p>\n<p>A\u00e7\u00e3o: 2023 \u2013 PROGRAMA DA ATEN\u00c7\u00c3O B\u00c1SICA<\/p>\n<p>A\u00e7\u00e3o: 2025 \u2013 MANUTEN\u00c7\u00c3O DO FUNDO MUNICIPAL DE SA\u00daDE<\/p>\n<p>Natureza: 33.90.39 \u2013 OUTROS SERVI\u00c7OS DE TERCEIROS \u2013 PESSOA JUR\u00cdDICA<\/p>\n<p>Fonte: 15001002 \u2013 RECURSOS N\u00c3O VINCULADOS DE IMPOSTOS \u2013 DESPESAS COM A\u00c7\u00d5ES E SERVI\u00c7OS P\u00daBLICOS DE SA\u00daDE<\/p>\n<p>Fonte: 16000000 \u2013 TRANS. FUNDO A FUNDO DE REC. DO SUS PROV. DO GOVERNO FEDERAL \u2013 BLOCO DE MANUT. DAS A\u00c7\u00d5ES E SERVI\u00c7O<\/p>\n<p>&nbsp;<\/p>\n<p>Unidade Or\u00e7ament\u00e1ria: 02.008 \u2013 SECRETARIA MUNICIPAL DE DESENVOLVIMENTO RURAL E AGRICULTURA FAMILIAR<\/p>\n<p>A\u00e7\u00e3o: 2043 \u2013 MANUTEN\u00c7\u00c3O SECRETARIA DA MUNICIPAL DE DESENVOLVIMENTO RURAL E AGRICULTURA FAMILIAR<\/p>\n<p>Natureza: 33.90.39 \u2013 OUTROS SERVI\u00c7OS DE TERCEIROS \u2013 PESSOA JUR\u00cdDICA<\/p>\n<p>Fonte: 15000000 \u2013 RECURSOS N\u00c3O VINCULADOS DE IMPOSTOS<\/p>\n<p>&nbsp;<\/p>\n<p>Unidade Or\u00e7ament\u00e1ria: 02.003 \u2013 SECRETARIA MUNICIPAL DE CULTURA<\/p>\n<p>A\u00e7\u00e3o: 2073 \u2013 MANUTEN\u00c7\u00c3O DA SECRETARIA MUNICIPAL DE CULTURA<\/p>\n<p>Natureza: 33.90.39 \u2013 OUTROS SERVI\u00c7OS DE TERCEIROS \u2013 PESSOA JUR\u00cdDICA<\/p>\n<p>Fonte: 15000000 \u2013 RECURSOS N\u00c3O VINCULADOS DE IMPOSTOS<\/p>\n<p>&nbsp;<\/p>\n<p>Unidade Or\u00e7ament\u00e1ria: 02.011 \u2013 SECRETARIA MUNICIPAL DE PLANEJAMENTO<\/p>\n<p>A\u00e7\u00e3o: 2218 \u2013 MANUTEN\u00c7\u00c3O DA SECRETARIA MUNICIPAL DE PLANEJAMENTO<\/p>\n<p>Natureza: 33.90.39 \u2013 OUTROS SERVI\u00c7OS DE TERCEIROS \u2013 PESSOA JUR\u00cdDICA<\/p>\n<p>Fonte: 15000000 \u2013 RECURSOS N\u00c3O VINCULADOS DE IMPOSTOS<\/p>\n<p>&nbsp;<\/p>\n<p>Unidade Or\u00e7ament\u00e1ria: 02.007 \u2013 SECRETARIA MUNICIPAL DE MEIO AMBIENTE E PROTE\u00c7\u00c3O ANIMAL<\/p>\n<p>A\u00e7\u00e3o: 2217 \u2013 MANUTEN\u00c7\u00c3O DA SECRETARIA MUNICIPAL DE MEIO AMBIENTE E PROTE\u00c7\u00c3O ANIMAL<\/p>\n<p>Natureza: 33.90.39 \u2013 OUTROS SERVI\u00c7OS DE TERCEIROS \u2013 PESSOA JUR\u00cdDICA<\/p>\n<p>Fonte: 15000000 \u2013 RECURSOS N\u00c3O VINCULADOS DE IMPOSTOS<\/p>\n<p>&nbsp;<\/p>\n<p>Unidade Or\u00e7ament\u00e1ria: 02.019 \u2013 SECRETARIA MUNICIPAL DE COMUNICA\u00c7\u00c3O<\/p>\n<p>A\u00e7\u00e3o: 2204 \u2013 MANUTEN\u00c7\u00c3O DA SECRETARIA MUNICIPAL DE COMUNICA\u00c7\u00c3O<\/p>\n<p>Natureza: 33.90.39 \u2013 OUTROS SERVI\u00c7OS DE TERCEIROS \u2013 PESSOA JUR\u00cdDICA<\/p>\n<p>Fonte: 15000000 \u2013 RECURSOS N\u00c3O VINCULADOS DE IMPOSTOS<\/p>\n<p>&nbsp;<\/p>\n<p><b>CL\u00c1USULA QUINTA \u2013 RATIFICA\u00c7\u00c3O<\/b><\/p>\n<p>5.1. Ficam mantidas e ratificadas as demais cl\u00e1usulas e condi\u00e7\u00f5es do contrato origin\u00e1rio, naquilo que n\u00e3o contrariem o presente termo aditivo.<\/p>\n<p>&nbsp;<\/p>\n<p><b>CL\u00c1USULA SEXTA \u2013 PUBLICA\u00c7\u00c3O<\/b><\/p>\n<p>6.1. Incumbir\u00e1 ao contratante divulgar o presente instrumento no Portal Nacional de Contrata\u00e7\u00f5es P\u00fablicas (PNCP), na forma prevista no art. 94 da Lei n\u00ba 14.133, de 2021, bem como no respectivo s\u00edtio oficial na Internet, em aten\u00e7\u00e3o ao art. 91, caput, da Lei n\u00ba 14.133, de 2021, e ao art. 8\u00ba, \u00a72\u00ba, da Lei n\u00ba 12.527, de 2011, c\/c art. 7\u00ba, \u00a73\u00ba, inciso V, do Decreto n\u00ba 7.724, de 2012.<\/p>\n<p>&nbsp;<\/p>\n<p>Lajes\/RN, em 30 de mar\u00e7o de 2026.<\/p>\n<p>&nbsp;<\/p>\n<p>&nbsp;<\/p>\n<p><b><i>FELIPE FERREIRA DE MENEZES ARAUJO<\/i><\/b><\/p>\n<p><b><i><\/i><\/b>&nbsp;<\/p>\n<p>Prefeito Municipal<\/p>\n<p>Contratante<\/p>\n<p>&nbsp;<\/p>\n<p>&nbsp;<\/p>\n<p><b><i>FABIANA TEIXEIRA DA SILVA PEREIRA<\/i><\/b><\/p>\n<p><b><i><\/i><\/b>&nbsp;<\/p>\n<p>Secret\u00e1ria Municipal de Educa\u00e7\u00e3o<\/p>\n<p>&nbsp;<\/p>\n<p>&nbsp;<\/p>\n<p><b><i>LILLYANE AM\u00c1LIA FERREIRA DE MENESES CRUZ<\/i><\/b><\/p>\n<p><b><i><\/i><\/b>&nbsp;<\/p>\n<p>Secret\u00e1ria Municipal de Sa\u00fade<\/p>\n<p>&nbsp;<\/p>\n<p>&nbsp;<\/p>\n<p><b><i>MARIA CAROLINE MENESES SALVIANO<\/i><\/b><\/p>\n<p><b><i><\/i><\/b>&nbsp;<\/p>\n<p>Secret\u00e1ria Municipal de Desenvolvimento Social, Pol\u00edticas para Mulheres e Habita\u00e7\u00e3o<\/p>\n<p>&nbsp;<\/p>\n<p>Leal Empreendimentos\u00a0LTDA<\/p>\n<p>CNPJ n\u00ba 17.737.082\/0001-54<\/p>\n<p>&nbsp;<\/p>\n<p><b><i>OLEDSON MANOEL LEAL DE MESQUISTA<\/i><\/b><\/p>\n<p><b><i><\/i><\/b>&nbsp;<\/p>\n<p>CPF n\u00b0 XXX.861.XXX-30<\/p>\n<div align=\"right\">\n<b>Publicado por:<\/b><br \/>\nRobson Edson Fernandes da Silva<br \/>\n<b>C\u00f3digo Identificador:<\/b>2B36DE83<\/div>\n<p>&nbsp;<\/p>\n<hr \/>\n<p>Mat\u00e9ria publicada no Di\u00e1rio Oficial dos Munic\u00edpios do Estado do Rio Grande do Norte no dia 31\/03\/2026. Edi\u00e7\u00e3o 3761<br \/>\nA verifica\u00e7\u00e3o de autenticidade da mat\u00e9ria pode ser feita informando o c\u00f3digo identificador no site:<br \/>\nhttps:\/\/www.diariomunicipal.com.br\/femurn\/<\/p><\/div>\n<div class=\"pdfprnt-buttons pdfprnt-buttons-post pdfprnt-bottom-right\"><a href=\"https:\/\/lajes.rn.gov.br\/transparente\/index\/wp-json\/wp\/v2\/posts\/40254?print=pdf\" class=\"pdfprnt-button pdfprnt-button-pdf\" target=\"_blank\" ><img decoding=\"async\" src=\"https:\/\/lajes.rn.gov.br\/transparente\/index\/wp-content\/plugins\/pdf-print\/images\/pdf.png\" alt=\"image_pdf\" title=\"Ver PDF\" \/><\/a><a href=\"https:\/\/lajes.rn.gov.br\/transparente\/index\/wp-json\/wp\/v2\/posts\/40254?print=print\" class=\"pdfprnt-button pdfprnt-button-print\" target=\"_blank\" ><img decoding=\"async\" src=\"https:\/\/lajes.rn.gov.br\/transparente\/index\/wp-content\/plugins\/pdf-print\/images\/print.png\" alt=\"image_print\" title=\"Conte\u00fado de impress\u00e3o\" \/><\/a><\/div>","protected":false},"excerpt":{"rendered":"<p>ESTADO DO RIO GRANDE DO NORTE PREFEITURA MUNICIPAL DE LAJES GABINETE DO PREFEITO PRIMEIRO TERMO ADITIVO DO CONTRATO ADMINISTRATIVO N\u00b0 29\/2025 &#8211; PRORROGA\u00c7\u00c3O DE PRAZO PROCESSO ADMINISTRATIVO PARA ADITIVO N\u00b0 40\/01-2026 Preg\u00e3o\/Ades\u00e3o N\u00b0 05\/2025 &nbsp; PRIMEIRO TERMO ADITIVO AO CONTRATO ADMINISTRATIVO N\u00ba 29\/2025, QUE FAZEM ENTRE SI O MUNIC\u00cdPIO DE LAJES\/RN, E A EMPRESA O [&hellip;]<\/p>\n","protected":false},"author":3,"featured_media":0,"comment_status":"closed","ping_status":"closed","sticky":false,"template":"","format":"standard","meta":{"ocean_post_layout":"","ocean_both_sidebars_style":"","ocean_both_sidebars_content_width":0,"ocean_both_sidebars_sidebars_width":0,"ocean_sidebar":"0","ocean_second_sidebar":"0","ocean_disable_margins":"enable","ocean_add_body_class":"","ocean_shortcode_before_top_bar":"","ocean_shortcode_after_top_bar":"","ocean_shortcode_before_header":"","ocean_shortcode_after_header":"","ocean_has_shortcode":"","ocean_shortcode_after_title":"","ocean_shortcode_before_footer_widgets":"","ocean_shortcode_after_footer_widgets":"","ocean_shortcode_before_footer_bottom":"","ocean_shortcode_after_footer_bottom":"","ocean_display_top_bar":"default","ocean_display_header":"default","ocean_header_style":"","ocean_center_header_left_menu":"0","ocean_custom_header_template":"0","ocean_custom_logo":0,"ocean_custom_retina_logo":0,"ocean_custom_logo_max_width":0,"ocean_custom_logo_tablet_max_width":0,"ocean_custom_logo_mobile_max_width":0,"ocean_custom_logo_max_height":0,"ocean_custom_logo_tablet_max_height":0,"ocean_custom_logo_mobile_max_height":0,"ocean_header_custom_menu":"0","ocean_menu_typo_font_family":"0","ocean_menu_typo_font_subset":"","ocean_menu_typo_font_size":0,"ocean_menu_typo_font_size_tablet":0,"ocean_menu_typo_font_size_mobile":0,"ocean_menu_typo_font_size_unit":"px","ocean_menu_typo_font_weight":"","ocean_menu_typo_font_weight_tablet":"","ocean_menu_typo_font_weight_mobile":"","ocean_menu_typo_transform":"","ocean_menu_typo_transform_tablet":"","ocean_menu_typo_transform_mobile":"","ocean_menu_typo_line_height":0,"ocean_menu_typo_line_height_tablet":0,"ocean_menu_typo_line_height_mobile":0,"ocean_menu_typo_line_height_unit":"","ocean_menu_typo_spacing":0,"ocean_menu_typo_spacing_tablet":0,"ocean_menu_typo_spacing_mobile":0,"ocean_menu_typo_spacing_unit":"","ocean_menu_link_color":"","ocean_menu_link_color_hover":"","ocean_menu_link_color_active":"","ocean_menu_link_background":"","ocean_menu_link_hover_background":"","ocean_menu_link_active_background":"","ocean_menu_social_links_bg":"","ocean_menu_social_hover_links_bg":"","ocean_menu_social_links_color":"","ocean_menu_social_hover_links_color":"","ocean_disable_title":"default","ocean_disable_heading":"default","ocean_post_title":"","ocean_post_subheading":"","ocean_post_title_style":"","ocean_post_title_background_color":"","ocean_post_title_background":0,"ocean_post_title_bg_image_position":"","ocean_post_title_bg_image_attachment":"","ocean_post_title_bg_image_repeat":"","ocean_post_title_bg_image_size":"","ocean_post_title_height":0,"ocean_post_title_bg_overlay":0.5,"ocean_post_title_bg_overlay_color":"","ocean_disable_breadcrumbs":"default","ocean_breadcrumbs_color":"","ocean_breadcrumbs_separator_color":"","ocean_breadcrumbs_links_color":"","ocean_breadcrumbs_links_hover_color":"","ocean_display_footer_widgets":"default","ocean_display_footer_bottom":"default","ocean_custom_footer_template":"0","ocean_post_oembed":"","ocean_post_self_hosted_media":"","ocean_post_video_embed":"","ocean_link_format":"","ocean_link_format_target":"self","ocean_quote_format":"","ocean_quote_format_link":"post","ocean_gallery_link_images":"on","ocean_gallery_id":[],"footnotes":""},"categories":[76,257,3,102],"tags":[],"class_list":["post-40254","post","type-post","status-publish","format-standard","hentry","category-contratos","category-contratos-ou-ata-de-registro-de-preco-2026","category-licitacao","category-termo-aditivo","entry"],"_links":{"self":[{"href":"https:\/\/lajes.rn.gov.br\/transparente\/index\/wp-json\/wp\/v2\/posts\/40254","targetHints":{"allow":["GET"]}}],"collection":[{"href":"https:\/\/lajes.rn.gov.br\/transparente\/index\/wp-json\/wp\/v2\/posts"}],"about":[{"href":"https:\/\/lajes.rn.gov.br\/transparente\/index\/wp-json\/wp\/v2\/types\/post"}],"author":[{"embeddable":true,"href":"https:\/\/lajes.rn.gov.br\/transparente\/index\/wp-json\/wp\/v2\/users\/3"}],"replies":[{"embeddable":true,"href":"https:\/\/lajes.rn.gov.br\/transparente\/index\/wp-json\/wp\/v2\/comments?post=40254"}],"version-history":[{"count":1,"href":"https:\/\/lajes.rn.gov.br\/transparente\/index\/wp-json\/wp\/v2\/posts\/40254\/revisions"}],"predecessor-version":[{"id":40255,"href":"https:\/\/lajes.rn.gov.br\/transparente\/index\/wp-json\/wp\/v2\/posts\/40254\/revisions\/40255"}],"wp:attachment":[{"href":"https:\/\/lajes.rn.gov.br\/transparente\/index\/wp-json\/wp\/v2\/media?parent=40254"}],"wp:term":[{"taxonomy":"category","embeddable":true,"href":"https:\/\/lajes.rn.gov.br\/transparente\/index\/wp-json\/wp\/v2\/categories?post=40254"},{"taxonomy":"post_tag","embeddable":true,"href":"https:\/\/lajes.rn.gov.br\/transparente\/index\/wp-json\/wp\/v2\/tags?post=40254"}],"curies":[{"name":"wp","href":"https:\/\/api.w.org\/{rel}","templated":true}]}}