{"id":40237,"date":"2026-03-27T15:53:34","date_gmt":"2026-03-27T18:53:34","guid":{"rendered":"https:\/\/lajes.rn.gov.br\/transparente\/index\/?p=40237"},"modified":"2026-04-30T15:54:18","modified_gmt":"2026-04-30T18:54:18","slug":"portaria-no-123-2026-dispoe-sobre-a-nomeacao-doa-servidora-tereza-katia-de-almeida-e-da-outras-providencias","status":"publish","type":"post","link":"https:\/\/lajes.rn.gov.br\/transparente\/index\/portaria-no-123-2026-dispoe-sobre-a-nomeacao-doa-servidora-tereza-katia-de-almeida-e-da-outras-providencias\/","title":{"rendered":"PORTARIA N\u00ba 123\/2026 &#8211; Disp\u00f5e sobre a nomea\u00e7\u00e3o do(a) servidor(a) TEREZA KATIA DE ALMEIDA e d\u00e1 outras provid\u00eancias."},"content":{"rendered":"<div id=\"separador\" class=\"cabecalhoEstadoSeparador cabecalhoEstadoSeparador1\">\n<h1>ESTADO DO RIO GRANDE DO NORTE<br \/>\nPREFEITURA MUNICIPAL DE LAJES<\/h1>\n<\/div>\n<div id=\"cabecaorgao\" class=\"cabecaorgao\"><\/div>\n<div id=\"materia\" class=\"materia materia20091123 materia1\">\n<h5>GABINETE DO PREFEITO<br \/>\nPORTARIA N\u00ba 123, DE 26 DE MAR\u00c7O DE 2026.<\/h5>\n<div class=\"mat\"><\/div>\n<p>Disp\u00f5e sobre a nomea\u00e7\u00e3o do(a) servidor(a) TEREZA KATIA DE ALMEIDA e d\u00e1 outras provid\u00eancias.<\/p>\n<p>&nbsp;<\/p>\n<p><b>O PREFEITO CONSTITUCIONAL DO MUNICIPIO DE LAJES, ESTADO DO RIO GRANDE DO NORTE<\/b>, no uso de suas atribui\u00e7\u00f5es que lhes s\u00e3o conferidas pela Lei Org\u00e2nica Municipal, e;<\/p>\n<p>&nbsp;<\/p>\n<p><b>CONSIDERANDO\u00a0<\/b>o disposto na Lei Municipal n\u00ba 1007 de 08 de janeiro de 2025.<\/p>\n<p>&nbsp;<\/p>\n<p><b>CONSIDERANDO\u00a0<\/b>o disposto na Lei Complementar Municipal n\u00ba 001, de 25 de setembro de 1997.<\/p>\n<p>&nbsp;<\/p>\n<p><b>RESOLVE:<\/b><\/p>\n<p>&nbsp;<\/p>\n<p><b>Art. 1\u00ba &#8211;\u00a0<\/b>Nomear o (a) senhor (a)<b>\u00a0TEREZA KATIA DE ALMEIDA<\/b><b>,<\/b>\u00a0inscrito no CPF sob n\u00ba ##7.056.514-## do Cargo em comiss\u00e3o de\u00a0<b>COORDENADOR(a) DOS PONTOS DE ATENDIMENTO,\u00a0<\/b>lotado (a) na\u00a0<b>SECRETARIA MUNICIPAL DE SA\u00daDE<\/b>,<b>\u00a0<\/b>do munic\u00edpio de Lajes\/RN.<\/p>\n<p>&nbsp;<\/p>\n<p><b>Art. 2\u00ba &#8211;\u00a0<\/b>Esta\u00a0<i>Portaria<\/i>\u00a0entrar\u00e1 em vigor na data de sua publica\u00e7\u00e3o, retroagindo seus efeitos a 23 de mar\u00e7o de 2026, revogando disposi\u00e7\u00f5es em sentido contr\u00e1rio.<\/p>\n<p>&nbsp;<\/p>\n<p>Registre. Publique-se e cumpra-se.<\/p>\n<p>&nbsp;<\/p>\n<p><b>\u00a0Lajes\/RN, 26 de mar\u00e7o de 2026.<\/b><\/p>\n<p>&nbsp;<\/p>\n<p>&nbsp;<\/p>\n<p><b><i>FELIPE FERREIRA DE MENEZES ARA\u00daJO<\/i><\/b><\/p>\n<p><b><i><\/i><\/b>&nbsp;<\/p>\n<p>Prefeito Municipal<\/p>\n<div align=\"right\">\n<b>Publicado por:<\/b><br \/>\nJanssen Anderson do Nascimento Costa<br \/>\n<b>C\u00f3digo Identificador:<\/b>E9FAED4D<\/div>\n<p>&nbsp;<\/p>\n<hr \/>\n<p>Mat\u00e9ria publicada no Di\u00e1rio Oficial dos Munic\u00edpios do Estado do Rio Grande do Norte no dia 27\/03\/2026. Edi\u00e7\u00e3o 3759<br \/>\nA verifica\u00e7\u00e3o de autenticidade da mat\u00e9ria pode ser feita informando o c\u00f3digo identificador no site:<br \/>\nhttps:\/\/www.diariomunicipal.com.br\/femurn\/<\/p><\/div>\n<div class=\"pdfprnt-buttons pdfprnt-buttons-post pdfprnt-bottom-right\"><a href=\"https:\/\/lajes.rn.gov.br\/transparente\/index\/wp-json\/wp\/v2\/posts\/40237?print=pdf\" class=\"pdfprnt-button pdfprnt-button-pdf\" target=\"_blank\" ><img decoding=\"async\" src=\"https:\/\/lajes.rn.gov.br\/transparente\/index\/wp-content\/plugins\/pdf-print\/images\/pdf.png\" alt=\"image_pdf\" title=\"Ver PDF\" \/><\/a><a href=\"https:\/\/lajes.rn.gov.br\/transparente\/index\/wp-json\/wp\/v2\/posts\/40237?print=print\" class=\"pdfprnt-button pdfprnt-button-print\" target=\"_blank\" ><img decoding=\"async\" src=\"https:\/\/lajes.rn.gov.br\/transparente\/index\/wp-content\/plugins\/pdf-print\/images\/print.png\" alt=\"image_print\" title=\"Conte\u00fado de impress\u00e3o\" \/><\/a><\/div>","protected":false},"excerpt":{"rendered":"<p>ESTADO DO RIO GRANDE DO NORTE PREFEITURA MUNICIPAL DE LAJES GABINETE DO PREFEITO PORTARIA N\u00ba 123, DE 26 DE MAR\u00c7O DE 2026. Disp\u00f5e sobre a nomea\u00e7\u00e3o do(a) servidor(a) TEREZA KATIA DE ALMEIDA e d\u00e1 outras provid\u00eancias. &nbsp; O PREFEITO CONSTITUCIONAL DO MUNICIPIO DE LAJES, ESTADO DO RIO GRANDE DO NORTE, no uso de suas atribui\u00e7\u00f5es [&hellip;]<\/p>\n","protected":false},"author":3,"featured_media":0,"comment_status":"closed","ping_status":"closed","sticky":false,"template":"","format":"standard","meta":{"ocean_post_layout":"","ocean_both_sidebars_style":"","ocean_both_sidebars_content_width":0,"ocean_both_sidebars_sidebars_width":0,"ocean_sidebar":"0","ocean_second_sidebar":"0","ocean_disable_margins":"enable","ocean_add_body_class":"","ocean_shortcode_before_top_bar":"","ocean_shortcode_after_top_bar":"","ocean_shortcode_before_header":"","ocean_shortcode_after_header":"","ocean_has_shortcode":"","ocean_shortcode_after_title":"","ocean_shortcode_before_footer_widgets":"","ocean_shortcode_after_footer_widgets":"","ocean_shortcode_before_footer_bottom":"","ocean_shortcode_after_footer_bottom":"","ocean_display_top_bar":"default","ocean_display_header":"default","ocean_header_style":"","ocean_center_header_left_menu":"0","ocean_custom_header_template":"0","ocean_custom_logo":0,"ocean_custom_retina_logo":0,"ocean_custom_logo_max_width":0,"ocean_custom_logo_tablet_max_width":0,"ocean_custom_logo_mobile_max_width":0,"ocean_custom_logo_max_height":0,"ocean_custom_logo_tablet_max_height":0,"ocean_custom_logo_mobile_max_height":0,"ocean_header_custom_menu":"0","ocean_menu_typo_font_family":"0","ocean_menu_typo_font_subset":"","ocean_menu_typo_font_size":0,"ocean_menu_typo_font_size_tablet":0,"ocean_menu_typo_font_size_mobile":0,"ocean_menu_typo_font_size_unit":"px","ocean_menu_typo_font_weight":"","ocean_menu_typo_font_weight_tablet":"","ocean_menu_typo_font_weight_mobile":"","ocean_menu_typo_transform":"","ocean_menu_typo_transform_tablet":"","ocean_menu_typo_transform_mobile":"","ocean_menu_typo_line_height":0,"ocean_menu_typo_line_height_tablet":0,"ocean_menu_typo_line_height_mobile":0,"ocean_menu_typo_line_height_unit":"","ocean_menu_typo_spacing":0,"ocean_menu_typo_spacing_tablet":0,"ocean_menu_typo_spacing_mobile":0,"ocean_menu_typo_spacing_unit":"","ocean_menu_link_color":"","ocean_menu_link_color_hover":"","ocean_menu_link_color_active":"","ocean_menu_link_background":"","ocean_menu_link_hover_background":"","ocean_menu_link_active_background":"","ocean_menu_social_links_bg":"","ocean_menu_social_hover_links_bg":"","ocean_menu_social_links_color":"","ocean_menu_social_hover_links_color":"","ocean_disable_title":"default","ocean_disable_heading":"default","ocean_post_title":"","ocean_post_subheading":"","ocean_post_title_style":"","ocean_post_title_background_color":"","ocean_post_title_background":0,"ocean_post_title_bg_image_position":"","ocean_post_title_bg_image_attachment":"","ocean_post_title_bg_image_repeat":"","ocean_post_title_bg_image_size":"","ocean_post_title_height":0,"ocean_post_title_bg_overlay":0.5,"ocean_post_title_bg_overlay_color":"","ocean_disable_breadcrumbs":"default","ocean_breadcrumbs_color":"","ocean_breadcrumbs_separator_color":"","ocean_breadcrumbs_links_color":"","ocean_breadcrumbs_links_hover_color":"","ocean_display_footer_widgets":"default","ocean_display_footer_bottom":"default","ocean_custom_footer_template":"0","ocean_post_oembed":"","ocean_post_self_hosted_media":"","ocean_post_video_embed":"","ocean_link_format":"","ocean_link_format_target":"self","ocean_quote_format":"","ocean_quote_format_link":"post","ocean_gallery_link_images":"on","ocean_gallery_id":[],"footnotes":""},"categories":[2,61,253],"tags":[],"class_list":["post-40237","post","type-post","status-publish","format-standard","hentry","category-legislacao","category-portarias","category-portarias-2026","entry"],"_links":{"self":[{"href":"https:\/\/lajes.rn.gov.br\/transparente\/index\/wp-json\/wp\/v2\/posts\/40237","targetHints":{"allow":["GET"]}}],"collection":[{"href":"https:\/\/lajes.rn.gov.br\/transparente\/index\/wp-json\/wp\/v2\/posts"}],"about":[{"href":"https:\/\/lajes.rn.gov.br\/transparente\/index\/wp-json\/wp\/v2\/types\/post"}],"author":[{"embeddable":true,"href":"https:\/\/lajes.rn.gov.br\/transparente\/index\/wp-json\/wp\/v2\/users\/3"}],"replies":[{"embeddable":true,"href":"https:\/\/lajes.rn.gov.br\/transparente\/index\/wp-json\/wp\/v2\/comments?post=40237"}],"version-history":[{"count":1,"href":"https:\/\/lajes.rn.gov.br\/transparente\/index\/wp-json\/wp\/v2\/posts\/40237\/revisions"}],"predecessor-version":[{"id":40238,"href":"https:\/\/lajes.rn.gov.br\/transparente\/index\/wp-json\/wp\/v2\/posts\/40237\/revisions\/40238"}],"wp:attachment":[{"href":"https:\/\/lajes.rn.gov.br\/transparente\/index\/wp-json\/wp\/v2\/media?parent=40237"}],"wp:term":[{"taxonomy":"category","embeddable":true,"href":"https:\/\/lajes.rn.gov.br\/transparente\/index\/wp-json\/wp\/v2\/categories?post=40237"},{"taxonomy":"post_tag","embeddable":true,"href":"https:\/\/lajes.rn.gov.br\/transparente\/index\/wp-json\/wp\/v2\/tags?post=40237"}],"curies":[{"name":"wp","href":"https:\/\/api.w.org\/{rel}","templated":true}]}}