{"id":40235,"date":"2026-03-26T15:51:02","date_gmt":"2026-03-26T18:51:02","guid":{"rendered":"https:\/\/lajes.rn.gov.br\/transparente\/index\/?p=40235"},"modified":"2026-04-30T15:52:12","modified_gmt":"2026-04-30T18:52:12","slug":"homologacao-do-pregao-eletronico-srp-no-034-2025-pml-rn","status":"publish","type":"post","link":"https:\/\/lajes.rn.gov.br\/transparente\/index\/homologacao-do-pregao-eletronico-srp-no-034-2025-pml-rn\/","title":{"rendered":"HOMOLOGA\u00c7\u00c3O DO PREG\u00c3O ELETR\u00d4NICO SRP N\u00ba 034\/2025 \u2013 PML\/RN"},"content":{"rendered":"<div id=\"separador\" class=\"cabecalhoEstadoSeparador cabecalhoEstadoSeparador2\">\n<h1>ESTADO DO RIO GRANDE DO NORTE<br \/>\nPREFEITURA MUNICIPAL DE LAJES<\/h1>\n<\/div>\n<div id=\"cabecaorgao\" class=\"cabecaorgao\"><\/div>\n<div id=\"materia\" class=\"materia materia20091123 materia2\">\n<h5>GABINETE DO PREFEITO<br \/>\nHOMOLOGA\u00c7\u00c3O DO PREG\u00c3O ELETR\u00d4NICO SRP N\u00ba 034\/2025 \u2013 PML\/RN<\/h5>\n<p>&nbsp;<\/p>\n<p><b>Processo administrativo n\u00ba 1617\/2025<\/b><\/p>\n<p><b>Licita\u00e7\u00e3o n\u00ba 165\/2025<\/b><\/p>\n<p>&nbsp;<\/p>\n<p>O Prefeito do Munic\u00edpio de Lajes\/RN,\u00a0<b>HOMOLOGA<\/b>\u00a0todos os atos praticados no processo licitat\u00f3rio na modalidade PREG\u00c3O ELETR\u00d4NICO SISTEMA DE\u00a0<b>REGISTRO DE PRE\u00c7OS<\/b>\u00a0N\u00ba. 034\/2025 \u2013 PML com o objetivo\u00a0<b>REGISTRO DE PRE\u00c7O PARA FUTURA E EVENTUAL CONTRATA\u00c7\u00c3O DE EMPRESA PARA PRESTA\u00c7\u00c3O DE SERVI\u00c7OS DE ADMINISTRA\u00c7\u00c3O, GERENCIAMENTO E CONTROLE DE ABASTECIMENTO, COM IMPLANTA\u00c7\u00c3O E OPERA\u00c7\u00c3O DE SISTEMA INFORMATIZADO E INTEGRADO PARA GEST\u00c3O DE FROTA, POR MEIO DE DISPOSITIVOS DENOMINADOS TAG\u2019S (ETIQUETA) COM TECNOLOGIA RFID, ATRAV\u00c9S DE REDE DE ESTABELECIMENTOS CREDENCIADOS PARA ATENDER A FROTA AUTOMOTIVA DA PREFEITURA MUNICIPAL DE LAJES\/RN. TRATA-SE OBJETO DE UM SISTEMA INFORMATIZADO E INTEGRADO, COM UTILIZA\u00c7\u00c3O DE ETIQUETA COM TECNOLOGIA RFID, DE GERENCIAMENTO PARA O FORNECIMENTO DE COMBUST\u00cdVEIS E OUTROS SERVI\u00c7OS EM ESTABELECIMENTOS CREDENCIADOS, PARA TODA A FROTA DE VE\u00cdCULOS,<\/b>\u00a0adjudicando o objeto em ep\u00edgrafe, em favor da empresa:\u00a0<b>PRIME CONSULTORIA E ASSESSORIA EMPRESARIAL LTDA, inscrita no CNPJ sob n\u00ba 05.340.639\/0001-30,\u00a0<\/b>estabelecida na Alameda Rio Negro, n\u00ba 585, Sala 23, Edif Jacari, Alphaville Centro Industrial e Empresarial\/Alphav, Barueri\/SP<b>\u00a0<\/b>\u2013 CEP: 06.454-000, sendo representada pelo Sra. RENATA NUNES FERREIRA, inscrito no CPF n\u00ba XXX.237.XXX-40 e RG n\u00ba XXX.370.XXX \u2013 SSP\/SP saiu vencedora nos itens conforme planilha a seguir:<\/p>\n<p>&nbsp;<\/p>\n<table class=\"mat\" border=\"1\" cellspacing=\"0\" cellpadding=\"0\" align=\"left\">\n<tbody>\n<tr>\n<td width=\"41\"><b>ITEM<\/b><\/td>\n<td width=\"124\"><b>OBJETO\/ESPECIFICA\u00c7\u00c3O T\u00c9CNICA<\/b><\/td>\n<td width=\"51\"><b>UN. DE MEDIDA<\/b><\/td>\n<td width=\"128\"><b>MARCA\/FABRICANTE<\/b><\/td>\n<td width=\"56\"><b>QUANT.<\/b><\/td>\n<td width=\"72\"><b>VALOR DE REFER\u00caNCIA (12 MESES)<\/b><\/td>\n<td width=\"74\"><b>PERCENTUAL DE DESCONTO OFERTADO (%)<\/b><\/td>\n<td width=\"71\"><b>VALOR TOTAL (COM DESCONTO)<\/b><\/td>\n<\/tr>\n<tr>\n<td width=\"41\">1<\/td>\n<td width=\"124\">Servi\u00e7o de administra\u00e7\u00e3o, gerenciamento e controle de abastecimento, com implanta\u00e7\u00e3o e opera\u00e7\u00e3o de sistema informatizado e integrado para gest\u00e3o de frota, por meio de dispositivos denominados TAG\u2019s (etiqueta) com tecnologia RFID, atrav\u00e9s de rede de estabelecimentos credenciados para atender a frota automotiva da Prefeitura Municipal<\/td>\n<td width=\"51\">SERV<\/td>\n<td width=\"128\">PRIME<\/td>\n<td width=\"56\">1<\/td>\n<td width=\"72\">R$ 3.367.416,00<\/td>\n<td width=\"74\">2,10%<\/td>\n<td width=\"71\">R$ 3.296.700,26<\/td>\n<\/tr>\n<\/tbody>\n<\/table>\n<p>&nbsp;<\/p>\n<p>Para que produzam os efeitos legais nos termos do art. 71, inciso IV da Lei n\u00ba. 14.133\/2021, com suas posteriores altera\u00e7\u00f5es.<\/p>\n<p>&nbsp;<\/p>\n<p>Lajes\/RN, 24 de mar\u00e7o de 2026.<\/p>\n<p>&nbsp;<\/p>\n<p><b><i>FELIPE FERREIRA DE MENEZES ARA\u00daJO<\/i><\/b><\/p>\n<p>Prefeito Municipal<\/p>\n<div align=\"right\">\n<b>Publicado por:<\/b><br \/>\nRobson Edson Fernandes da Silva<br \/>\n<b>C\u00f3digo Identificador:<\/b>791BF109<\/div>\n<p>&nbsp;<\/p>\n<hr \/>\n<p>Mat\u00e9ria publicada no Di\u00e1rio Oficial dos Munic\u00edpios do Estado do Rio Grande do Norte no dia 26\/03\/2026. Edi\u00e7\u00e3o 3758<br \/>\nA verifica\u00e7\u00e3o de autenticidade da mat\u00e9ria pode ser feita informando o c\u00f3digo identificador no site:<br \/>\nhttps:\/\/www.diariomunicipal.com.br\/femurn\/<\/p><\/div>\n<div class=\"pdfprnt-buttons pdfprnt-buttons-post pdfprnt-bottom-right\"><a href=\"https:\/\/lajes.rn.gov.br\/transparente\/index\/wp-json\/wp\/v2\/posts\/40235?print=pdf\" class=\"pdfprnt-button pdfprnt-button-pdf\" target=\"_blank\" ><img decoding=\"async\" src=\"https:\/\/lajes.rn.gov.br\/transparente\/index\/wp-content\/plugins\/pdf-print\/images\/pdf.png\" alt=\"image_pdf\" title=\"Ver PDF\" \/><\/a><a href=\"https:\/\/lajes.rn.gov.br\/transparente\/index\/wp-json\/wp\/v2\/posts\/40235?print=print\" class=\"pdfprnt-button pdfprnt-button-print\" target=\"_blank\" ><img decoding=\"async\" src=\"https:\/\/lajes.rn.gov.br\/transparente\/index\/wp-content\/plugins\/pdf-print\/images\/print.png\" alt=\"image_print\" title=\"Conte\u00fado de impress\u00e3o\" \/><\/a><\/div>","protected":false},"excerpt":{"rendered":"<p>ESTADO DO RIO GRANDE DO NORTE PREFEITURA MUNICIPAL DE LAJES GABINETE DO PREFEITO HOMOLOGA\u00c7\u00c3O DO PREG\u00c3O ELETR\u00d4NICO SRP N\u00ba 034\/2025 \u2013 PML\/RN &nbsp; Processo administrativo n\u00ba 1617\/2025 Licita\u00e7\u00e3o n\u00ba 165\/2025 &nbsp; O Prefeito do Munic\u00edpio de Lajes\/RN,\u00a0HOMOLOGA\u00a0todos os atos praticados no processo licitat\u00f3rio na modalidade PREG\u00c3O ELETR\u00d4NICO SISTEMA DE\u00a0REGISTRO DE PRE\u00c7OS\u00a0N\u00ba. 034\/2025 \u2013 PML com [&hellip;]<\/p>\n","protected":false},"author":3,"featured_media":0,"comment_status":"closed","ping_status":"closed","sticky":false,"template":"","format":"standard","meta":{"ocean_post_layout":"","ocean_both_sidebars_style":"","ocean_both_sidebars_content_width":0,"ocean_both_sidebars_sidebars_width":0,"ocean_sidebar":"0","ocean_second_sidebar":"0","ocean_disable_margins":"enable","ocean_add_body_class":"","ocean_shortcode_before_top_bar":"","ocean_shortcode_after_top_bar":"","ocean_shortcode_before_header":"","ocean_shortcode_after_header":"","ocean_has_shortcode":"","ocean_shortcode_after_title":"","ocean_shortcode_before_footer_widgets":"","ocean_shortcode_after_footer_widgets":"","ocean_shortcode_before_footer_bottom":"","ocean_shortcode_after_footer_bottom":"","ocean_display_top_bar":"default","ocean_display_header":"default","ocean_header_style":"","ocean_center_header_left_menu":"0","ocean_custom_header_template":"0","ocean_custom_logo":0,"ocean_custom_retina_logo":0,"ocean_custom_logo_max_width":0,"ocean_custom_logo_tablet_max_width":0,"ocean_custom_logo_mobile_max_width":0,"ocean_custom_logo_max_height":0,"ocean_custom_logo_tablet_max_height":0,"ocean_custom_logo_mobile_max_height":0,"ocean_header_custom_menu":"0","ocean_menu_typo_font_family":"0","ocean_menu_typo_font_subset":"","ocean_menu_typo_font_size":0,"ocean_menu_typo_font_size_tablet":0,"ocean_menu_typo_font_size_mobile":0,"ocean_menu_typo_font_size_unit":"px","ocean_menu_typo_font_weight":"","ocean_menu_typo_font_weight_tablet":"","ocean_menu_typo_font_weight_mobile":"","ocean_menu_typo_transform":"","ocean_menu_typo_transform_tablet":"","ocean_menu_typo_transform_mobile":"","ocean_menu_typo_line_height":0,"ocean_menu_typo_line_height_tablet":0,"ocean_menu_typo_line_height_mobile":0,"ocean_menu_typo_line_height_unit":"","ocean_menu_typo_spacing":0,"ocean_menu_typo_spacing_tablet":0,"ocean_menu_typo_spacing_mobile":0,"ocean_menu_typo_spacing_unit":"","ocean_menu_link_color":"","ocean_menu_link_color_hover":"","ocean_menu_link_color_active":"","ocean_menu_link_background":"","ocean_menu_link_hover_background":"","ocean_menu_link_active_background":"","ocean_menu_social_links_bg":"","ocean_menu_social_hover_links_bg":"","ocean_menu_social_links_color":"","ocean_menu_social_hover_links_color":"","ocean_disable_title":"default","ocean_disable_heading":"default","ocean_post_title":"","ocean_post_subheading":"","ocean_post_title_style":"","ocean_post_title_background_color":"","ocean_post_title_background":0,"ocean_post_title_bg_image_position":"","ocean_post_title_bg_image_attachment":"","ocean_post_title_bg_image_repeat":"","ocean_post_title_bg_image_size":"","ocean_post_title_height":0,"ocean_post_title_bg_overlay":0.5,"ocean_post_title_bg_overlay_color":"","ocean_disable_breadcrumbs":"default","ocean_breadcrumbs_color":"","ocean_breadcrumbs_separator_color":"","ocean_breadcrumbs_links_color":"","ocean_breadcrumbs_links_hover_color":"","ocean_display_footer_widgets":"default","ocean_display_footer_bottom":"default","ocean_custom_footer_template":"0","ocean_post_oembed":"","ocean_post_self_hosted_media":"","ocean_post_video_embed":"","ocean_link_format":"","ocean_link_format_target":"self","ocean_quote_format":"","ocean_quote_format_link":"post","ocean_gallery_link_images":"on","ocean_gallery_id":[],"footnotes":""},"categories":[89,3,90],"tags":[],"class_list":["post-40235","post","type-post","status-publish","format-standard","hentry","category-homologacao","category-licitacao","category-pregao-eletronico","entry"],"_links":{"self":[{"href":"https:\/\/lajes.rn.gov.br\/transparente\/index\/wp-json\/wp\/v2\/posts\/40235","targetHints":{"allow":["GET"]}}],"collection":[{"href":"https:\/\/lajes.rn.gov.br\/transparente\/index\/wp-json\/wp\/v2\/posts"}],"about":[{"href":"https:\/\/lajes.rn.gov.br\/transparente\/index\/wp-json\/wp\/v2\/types\/post"}],"author":[{"embeddable":true,"href":"https:\/\/lajes.rn.gov.br\/transparente\/index\/wp-json\/wp\/v2\/users\/3"}],"replies":[{"embeddable":true,"href":"https:\/\/lajes.rn.gov.br\/transparente\/index\/wp-json\/wp\/v2\/comments?post=40235"}],"version-history":[{"count":1,"href":"https:\/\/lajes.rn.gov.br\/transparente\/index\/wp-json\/wp\/v2\/posts\/40235\/revisions"}],"predecessor-version":[{"id":40236,"href":"https:\/\/lajes.rn.gov.br\/transparente\/index\/wp-json\/wp\/v2\/posts\/40235\/revisions\/40236"}],"wp:attachment":[{"href":"https:\/\/lajes.rn.gov.br\/transparente\/index\/wp-json\/wp\/v2\/media?parent=40235"}],"wp:term":[{"taxonomy":"category","embeddable":true,"href":"https:\/\/lajes.rn.gov.br\/transparente\/index\/wp-json\/wp\/v2\/categories?post=40235"},{"taxonomy":"post_tag","embeddable":true,"href":"https:\/\/lajes.rn.gov.br\/transparente\/index\/wp-json\/wp\/v2\/tags?post=40235"}],"curies":[{"name":"wp","href":"https:\/\/api.w.org\/{rel}","templated":true}]}}