{"id":40229,"date":"2026-03-26T15:47:04","date_gmt":"2026-03-26T18:47:04","guid":{"rendered":"https:\/\/lajes.rn.gov.br\/transparente\/index\/?p=40229"},"modified":"2026-04-30T15:47:57","modified_gmt":"2026-04-30T18:47:57","slug":"tornar-sem-efeito-a-publicacao-do-termo-de-contrato-no-24-2026-pml","status":"publish","type":"post","link":"https:\/\/lajes.rn.gov.br\/transparente\/index\/tornar-sem-efeito-a-publicacao-do-termo-de-contrato-no-24-2026-pml\/","title":{"rendered":"TORNAR SEM EFEITO A PUBLICA\u00c7\u00c3O DO TERMO DE CONTRATO N\u00ba 24\/2026 \u2013 PML"},"content":{"rendered":"<div id=\"separador\" class=\"cabecalhoEstadoSeparador cabecalhoEstadoSeparador1\">\n<h1>ESTADO DO RIO GRANDE DO NORTE<br \/>\nPREFEITURA MUNICIPAL DE LAJES<\/h1>\n<\/div>\n<div id=\"cabecaorgao\" class=\"cabecaorgao\"><\/div>\n<div id=\"materia\" class=\"materia materia20091123 materia1\">\n<h5>GABINETE DO PREFEITO<br \/>\nTORNAR SEM EFEITO A PUBLICA\u00c7\u00c3O DO TERMO DE CONTRATO N\u00ba 24\/2026 \u2013 PML<\/h5>\n<div class=\"mat\"><\/div>\n<p>O Prefeito do Munic\u00edpio de Lajes\/RN, no uso de suas atribui\u00e7\u00f5es legais, TORNA P\u00daBLICO para conhecimento dos interessados que decidiu\u00a0<b>TORNAR SEM EFEITO<\/b>\u00a0a\u00a0<b>PUBLICA\u00c7\u00c3O DO TERMO DE CONTRATO N\u00ba 24\/2026 \u2013 PML,\u00a0<\/b>devidamente circulada no Di\u00e1rio Oficial dos Munic\u00edpios \u2013 FEMURN no dia 06 de mar\u00e7o de 2026, na edi\u00e7\u00e3o 3744 com c\u00f3digo identificador n\u00ba 814EFBB0, conforme publica\u00e7\u00e3o que se trata do termo de contrato objetivando o PAGAMENTO DE TAXAS OBRIGAT\u00d3RIAS JUNTO \u00c0 FEDERA\u00c7\u00c3O NORTE-RIOGRANDENSE DE FUTEBOL DE SAL\u00c3O \u2013 FNFS, COMPREENDENDO TAXA DE FILIA\u00c7\u00c3O, TAXAS DE INSCRI\u00c7\u00c3O EM COMPETI\u00c7\u00d5ES OFICIAIS, TAXAS DE ARBITRAGEM POR JOGOS REALIZADOS E TAXAS DE TRANSFER\u00caNCIA E REGULARIZA\u00c7\u00c3O DE ATLETAS, VISANDO ASSEGURAR A PARTICIPA\u00c7\u00c3O REGULAR DA EQUIPE DE FUTEBOL DE SAL\u00c3O QUE REPRESENTA A SECRETARIA MUNICIPAL DA JUVENTUDE, ESPORTES E TURISMO E O MUNIC\u00cdPIO DE LAJES\/RN EM COMPETI\u00c7\u00d5ES OFICIAIS PROMOVIDAS PELA REFERIDA FEDERA\u00c7\u00c3O<b>.<\/b><\/p>\n<p>&nbsp;<\/p>\n<p>Lajes\/RN, em 25 de mar\u00e7o de 2026.<\/p>\n<p>&nbsp;<\/p>\n<p>&nbsp;<\/p>\n<p><b><i>FELIPE FERREIRA DE MENEZES ARA\u00daJO<\/i><\/b><\/p>\n<p><b><i><\/i><\/b>&nbsp;<\/p>\n<p>Prefeito Municipal<\/p>\n<div align=\"right\">\n<b>Publicado por:<\/b><br \/>\nRobson Edson Fernandes da Silva<br \/>\n<b>C\u00f3digo Identificador:<\/b>DA2D04CA<\/div>\n<p>&nbsp;<\/p>\n<hr \/>\n<p>Mat\u00e9ria publicada no Di\u00e1rio Oficial dos Munic\u00edpios do Estado do Rio Grande do Norte no dia 26\/03\/2026. Edi\u00e7\u00e3o 3758<br \/>\nA verifica\u00e7\u00e3o de autenticidade da mat\u00e9ria pode ser feita informando o c\u00f3digo identificador no site:<br \/>\nhttps:\/\/www.diariomunicipal.com.br\/femurn\/<\/p><\/div>\n<div class=\"pdfprnt-buttons pdfprnt-buttons-post pdfprnt-bottom-right\"><a href=\"https:\/\/lajes.rn.gov.br\/transparente\/index\/wp-json\/wp\/v2\/posts\/40229?print=pdf\" class=\"pdfprnt-button pdfprnt-button-pdf\" target=\"_blank\" ><img decoding=\"async\" src=\"https:\/\/lajes.rn.gov.br\/transparente\/index\/wp-content\/plugins\/pdf-print\/images\/pdf.png\" alt=\"image_pdf\" title=\"Ver PDF\" \/><\/a><a href=\"https:\/\/lajes.rn.gov.br\/transparente\/index\/wp-json\/wp\/v2\/posts\/40229?print=print\" class=\"pdfprnt-button pdfprnt-button-print\" target=\"_blank\" ><img decoding=\"async\" src=\"https:\/\/lajes.rn.gov.br\/transparente\/index\/wp-content\/plugins\/pdf-print\/images\/print.png\" alt=\"image_print\" title=\"Conte\u00fado de impress\u00e3o\" \/><\/a><\/div>","protected":false},"excerpt":{"rendered":"<p>ESTADO DO RIO GRANDE DO NORTE PREFEITURA MUNICIPAL DE LAJES GABINETE DO PREFEITO TORNAR SEM EFEITO A PUBLICA\u00c7\u00c3O DO TERMO DE CONTRATO N\u00ba 24\/2026 \u2013 PML O Prefeito do Munic\u00edpio de Lajes\/RN, no uso de suas atribui\u00e7\u00f5es legais, TORNA P\u00daBLICO para conhecimento dos interessados que decidiu\u00a0TORNAR SEM EFEITO\u00a0a\u00a0PUBLICA\u00c7\u00c3O DO TERMO DE CONTRATO N\u00ba 24\/2026 \u2013 [&hellip;]<\/p>\n","protected":false},"author":3,"featured_media":0,"comment_status":"closed","ping_status":"closed","sticky":false,"template":"","format":"standard","meta":{"ocean_post_layout":"","ocean_both_sidebars_style":"","ocean_both_sidebars_content_width":0,"ocean_both_sidebars_sidebars_width":0,"ocean_sidebar":"0","ocean_second_sidebar":"0","ocean_disable_margins":"enable","ocean_add_body_class":"","ocean_shortcode_before_top_bar":"","ocean_shortcode_after_top_bar":"","ocean_shortcode_before_header":"","ocean_shortcode_after_header":"","ocean_has_shortcode":"","ocean_shortcode_after_title":"","ocean_shortcode_before_footer_widgets":"","ocean_shortcode_after_footer_widgets":"","ocean_shortcode_before_footer_bottom":"","ocean_shortcode_after_footer_bottom":"","ocean_display_top_bar":"default","ocean_display_header":"default","ocean_header_style":"","ocean_center_header_left_menu":"0","ocean_custom_header_template":"0","ocean_custom_logo":0,"ocean_custom_retina_logo":0,"ocean_custom_logo_max_width":0,"ocean_custom_logo_tablet_max_width":0,"ocean_custom_logo_mobile_max_width":0,"ocean_custom_logo_max_height":0,"ocean_custom_logo_tablet_max_height":0,"ocean_custom_logo_mobile_max_height":0,"ocean_header_custom_menu":"0","ocean_menu_typo_font_family":"0","ocean_menu_typo_font_subset":"","ocean_menu_typo_font_size":0,"ocean_menu_typo_font_size_tablet":0,"ocean_menu_typo_font_size_mobile":0,"ocean_menu_typo_font_size_unit":"px","ocean_menu_typo_font_weight":"","ocean_menu_typo_font_weight_tablet":"","ocean_menu_typo_font_weight_mobile":"","ocean_menu_typo_transform":"","ocean_menu_typo_transform_tablet":"","ocean_menu_typo_transform_mobile":"","ocean_menu_typo_line_height":0,"ocean_menu_typo_line_height_tablet":0,"ocean_menu_typo_line_height_mobile":0,"ocean_menu_typo_line_height_unit":"","ocean_menu_typo_spacing":0,"ocean_menu_typo_spacing_tablet":0,"ocean_menu_typo_spacing_mobile":0,"ocean_menu_typo_spacing_unit":"","ocean_menu_link_color":"","ocean_menu_link_color_hover":"","ocean_menu_link_color_active":"","ocean_menu_link_background":"","ocean_menu_link_hover_background":"","ocean_menu_link_active_background":"","ocean_menu_social_links_bg":"","ocean_menu_social_hover_links_bg":"","ocean_menu_social_links_color":"","ocean_menu_social_hover_links_color":"","ocean_disable_title":"default","ocean_disable_heading":"default","ocean_post_title":"","ocean_post_subheading":"","ocean_post_title_style":"","ocean_post_title_background_color":"","ocean_post_title_background":0,"ocean_post_title_bg_image_position":"","ocean_post_title_bg_image_attachment":"","ocean_post_title_bg_image_repeat":"","ocean_post_title_bg_image_size":"","ocean_post_title_height":0,"ocean_post_title_bg_overlay":0.5,"ocean_post_title_bg_overlay_color":"","ocean_disable_breadcrumbs":"default","ocean_breadcrumbs_color":"","ocean_breadcrumbs_separator_color":"","ocean_breadcrumbs_links_color":"","ocean_breadcrumbs_links_hover_color":"","ocean_display_footer_widgets":"default","ocean_display_footer_bottom":"default","ocean_custom_footer_template":"0","ocean_post_oembed":"","ocean_post_self_hosted_media":"","ocean_post_video_embed":"","ocean_link_format":"","ocean_link_format_target":"self","ocean_quote_format":"","ocean_quote_format_link":"post","ocean_gallery_link_images":"on","ocean_gallery_id":[],"footnotes":""},"categories":[76,257,3],"tags":[],"class_list":["post-40229","post","type-post","status-publish","format-standard","hentry","category-contratos","category-contratos-ou-ata-de-registro-de-preco-2026","category-licitacao","entry"],"_links":{"self":[{"href":"https:\/\/lajes.rn.gov.br\/transparente\/index\/wp-json\/wp\/v2\/posts\/40229","targetHints":{"allow":["GET"]}}],"collection":[{"href":"https:\/\/lajes.rn.gov.br\/transparente\/index\/wp-json\/wp\/v2\/posts"}],"about":[{"href":"https:\/\/lajes.rn.gov.br\/transparente\/index\/wp-json\/wp\/v2\/types\/post"}],"author":[{"embeddable":true,"href":"https:\/\/lajes.rn.gov.br\/transparente\/index\/wp-json\/wp\/v2\/users\/3"}],"replies":[{"embeddable":true,"href":"https:\/\/lajes.rn.gov.br\/transparente\/index\/wp-json\/wp\/v2\/comments?post=40229"}],"version-history":[{"count":1,"href":"https:\/\/lajes.rn.gov.br\/transparente\/index\/wp-json\/wp\/v2\/posts\/40229\/revisions"}],"predecessor-version":[{"id":40230,"href":"https:\/\/lajes.rn.gov.br\/transparente\/index\/wp-json\/wp\/v2\/posts\/40229\/revisions\/40230"}],"wp:attachment":[{"href":"https:\/\/lajes.rn.gov.br\/transparente\/index\/wp-json\/wp\/v2\/media?parent=40229"}],"wp:term":[{"taxonomy":"category","embeddable":true,"href":"https:\/\/lajes.rn.gov.br\/transparente\/index\/wp-json\/wp\/v2\/categories?post=40229"},{"taxonomy":"post_tag","embeddable":true,"href":"https:\/\/lajes.rn.gov.br\/transparente\/index\/wp-json\/wp\/v2\/tags?post=40229"}],"curies":[{"name":"wp","href":"https:\/\/api.w.org\/{rel}","templated":true}]}}