{"id":40222,"date":"2026-03-25T15:44:16","date_gmt":"2026-03-25T18:44:16","guid":{"rendered":"https:\/\/lajes.rn.gov.br\/transparente\/index\/?p=40222"},"modified":"2026-04-30T15:44:48","modified_gmt":"2026-04-30T18:44:48","slug":"extrato-do-contrato-no-25-2026","status":"publish","type":"post","link":"https:\/\/lajes.rn.gov.br\/transparente\/index\/extrato-do-contrato-no-25-2026\/","title":{"rendered":"EXTRATO DO CONTRATO N\u00ba 25\/2026"},"content":{"rendered":"<div id=\"separador\" class=\"cabecalhoEstadoSeparador cabecalhoEstadoSeparador1\">\n<h1>ESTADO DO RIO GRANDE DO NORTE<br \/>\nPREFEITURA MUNICIPAL DE LAJES<\/h1>\n<\/div>\n<div id=\"cabecaorgao\" class=\"cabecaorgao\"><\/div>\n<div id=\"materia\" class=\"materia materia20091123 materia1\">\n<h5>GABINETE DO PREFEITO<br \/>\nEXTRATO DO CONTRATO N\u00ba 25\/2026<\/h5>\n<div class=\"mat\"><\/div>\n<p>TERMO DE CONTRATO QUE ENTRE SI CELEBRAM A PREFEITURA MUNICIPAL DE LAJES\/RN E A EMPRESA MARLUCE MARIA DO NASCIMENTO FERNANDES DE QUEIROZ &amp; CIA LTDA.<\/p>\n<p>&nbsp;<\/p>\n<p>Processo Administrativo n\u00b0 67\/02-2026<\/p>\n<p>Licita\u00e7\u00e3o n\u00ba 42\/2026<\/p>\n<p>&nbsp;<\/p>\n<p><b>CONTRATANTE<\/b>:\u00a0<b>PREFEITURA MUNICIPAL DE LAJES<\/b>, inscrita no CNPJ sob o n\u00ba 08.113.466\/0001-05, com sede no Pal\u00e1cio Alzira Soriano, situado \u00e0 Rua Ramiro Pereira da Silva, 17, Centro, CEP: 59535-000,LAJES\/RN, neste ato representado pelo PREFEITO CONSTITUCIONAL, Sr.\u00a0<b>FELIPE FERREIRA DE MENEZES ARA\u00daJO<\/b>.<\/p>\n<p>&nbsp;<\/p>\n<p><b>CONTRATADA<\/b>:\u00a0<b>MARLUCE MARIA DO NASCIMENTO FERNANDES DE QUEIROZ &amp; CIA LTDA<\/b>, n\u00ba\u00a0<b>24.556.522\/0001-32<\/b>, sediado na Rua Jos\u00e9 Tomaz Ferreira Campos, n\u00ba 195, Candel\u00e1ria \u2013 Natal\/RN, CEP: 59.066-160, neste ato, representada por<b>\u00a0MARLUCE MARIA DO NASCIMENTO FERNANDES DE QUEIROZ<\/b>, administradora, conforme atos constitutivos da empresa, inscrita no RG n\u00b0 XXX.210, SSP\/RN, e CPF sob o n\u00b0 XXX.717.XXX-34.<\/p>\n<p>&nbsp;<\/p>\n<p><b>OBJETO<\/b>: LOCA\u00c7\u00c3O DE IM\u00d3VEL SITUADO NA RUA FERNANDO BARRETO, N\u00ba 1427, LAGOA NOVA &#8211; NATAL\/RN, CEP: 59.075-720, DESTINADO A ACOLHER PACIENTES DO MUNIC\u00cdPIO DE LAJES QUE NECESSITAM DESLOCAR-SE \u00c0 CAPITAL PARA TRATAMENTOS M\u00c9DICOS.<\/p>\n<p>&nbsp;<\/p>\n<p><b>MODALIDADE<\/b>: Inexigibilidade de Licita\u00e7\u00e3o n\u00ba 23\/2026<\/p>\n<p>&nbsp;<\/p>\n<p><b>VALOR DA CONTRATA\u00c7\u00c3O:\u00a0<\/b>O valor mensal \u00e9 de 4.550,00 (quatro mil, quinhentos e cinquenta reais), perfazendo o valor global de R$ 54.600,00 (cinquenta e quatro mil e seiscentos reais).<\/p>\n<p>&nbsp;<\/p>\n<table class=\"mat\" border=\"1\" cellspacing=\"0\" cellpadding=\"0\" align=\"left\">\n<tbody>\n<tr>\n<td width=\"61\"><b>ITEM<\/b><\/td>\n<td width=\"253\"><b>ESPECIFICA\u00c7\u00c3O<\/b><\/td>\n<td width=\"96\"><b>UNIDADE<\/b><\/td>\n<td width=\"60\"><b>QTD<\/b><\/td>\n<td width=\"103\"><b>VALOR UNIT\u00c1RIO<\/b><\/td>\n<td width=\"108\"><b>VALOR TOTAL<\/b><\/td>\n<\/tr>\n<tr>\n<td width=\"61\"><b>1<\/b><\/td>\n<td width=\"253\">Loca\u00e7\u00e3o de im\u00f3vel situado na Rua Fernando Barreto, n\u00ba 1427, Lagoa Nova &#8211; Natal\/RN, CEP: 59.075-720, destinado a acolher pacientes do munic\u00edpio de Lajes que necessitam deslocar-se \u00e0 capital para tratamentos m\u00e9dicos<\/td>\n<td width=\"96\">M\u00caS<\/td>\n<td width=\"60\">12<\/td>\n<td width=\"103\">R$ 4.550,00<\/td>\n<td width=\"108\">R$ 54.600,00<\/td>\n<\/tr>\n<\/tbody>\n<\/table>\n<p>&nbsp;<\/p>\n<p><b>DOTA\u00c7\u00c3O OR\u00c7AMENT\u00c1RIA:<\/b><\/p>\n<p>&nbsp;<\/p>\n<p>Unidade Or\u00e7ament\u00e1ria:03.001 &#8211; FUNDO MUNICIPAL DE SA\u00daDE<\/p>\n<p>A\u00e7\u00e3o: 1227 &#8211; Coordena\u00e7\u00e3o e Manuten\u00e7\u00e3o da Casa de Apoio Carmelita Cabral<\/p>\n<p>Natureza: 3.3.90.39 &#8211; OUTROS SERVI\u00c7OS DE TERCEIROS &#8211; PESSOA JUR\u00cdDICA<\/p>\n<p>Fonte de Recurso: 15001002 &#8211; Recursos n\u00e3o Vinculados de Impostos &#8211; Despesas com a\u00e7\u00f5es e servi\u00e7os p\u00fablicos de sa\u00fade<\/p>\n<p>Regi\u00e3o: 0001 &#8211; Lajes<\/p>\n<p>&nbsp;<\/p>\n<p><b>VIGENCIA DO CONTRATO<\/b>: Os servi\u00e7os ser\u00e3o contratados na data da assinatura contratual, 24 de mar\u00e7o de 2026 a 23 de mar\u00e7o de 2027<b>.<\/b><\/p>\n<p>&nbsp;<\/p>\n<p>FUNDAMENTO LEGAL: A contrata\u00e7\u00e3o se encontra fundamentada na Lei n\u00ba 14.133\/21.<\/p>\n<p>&nbsp;<\/p>\n<p>Lajes\/RN, em 23 de mar\u00e7o de 2026<\/p>\n<p>&nbsp;<\/p>\n<p><b><i>FELIPE FERREIRA DE MENEZES ARAUJO<\/i><\/b><\/p>\n<p>Prefeito Municipal<\/p>\n<p>Contratante<\/p>\n<p>&nbsp;<\/p>\n<p><b><i>LILLYANE AM\u00c1LIA FERREIRA DE MENESES CRUZ<\/i><\/b><\/p>\n<p>Secret\u00e1ria Municipal de Sa\u00fade<\/p>\n<p>&nbsp;<\/p>\n<p>Marluce Maria Do Nascimento Fernandes De Queiroz &amp; CIA LTDA<\/p>\n<p>CNPJ: 24.556.522\/0001-32<\/p>\n<p><b><i>MARLUCE MARIA DO NASCIMENTO FERNANDES QUEIROZ<\/i><\/b><\/p>\n<p>CPF: XXX.717.XXX-34<\/p>\n<p>Contratada<\/p>\n<div align=\"right\">\n<b>Publicado por:<\/b><br \/>\nRobson Edson Fernandes da Silva<br \/>\n<b>C\u00f3digo Identificador:<\/b>7DCCA624<\/div>\n<p>&nbsp;<\/p>\n<hr \/>\n<p>Mat\u00e9ria publicada no Di\u00e1rio Oficial dos Munic\u00edpios do Estado do Rio Grande do Norte no dia 25\/03\/2026. Edi\u00e7\u00e3o 3757<br \/>\nA verifica\u00e7\u00e3o de autenticidade da mat\u00e9ria pode ser feita informando o c\u00f3digo identificador no site:<br \/>\nhttps:\/\/www.diariomunicipal.com.br\/femurn\/<\/p><\/div>\n<div class=\"pdfprnt-buttons pdfprnt-buttons-post pdfprnt-bottom-right\"><a href=\"https:\/\/lajes.rn.gov.br\/transparente\/index\/wp-json\/wp\/v2\/posts\/40222?print=pdf\" class=\"pdfprnt-button pdfprnt-button-pdf\" target=\"_blank\" ><img decoding=\"async\" src=\"https:\/\/lajes.rn.gov.br\/transparente\/index\/wp-content\/plugins\/pdf-print\/images\/pdf.png\" alt=\"image_pdf\" title=\"Ver PDF\" \/><\/a><a href=\"https:\/\/lajes.rn.gov.br\/transparente\/index\/wp-json\/wp\/v2\/posts\/40222?print=print\" class=\"pdfprnt-button pdfprnt-button-print\" target=\"_blank\" ><img decoding=\"async\" src=\"https:\/\/lajes.rn.gov.br\/transparente\/index\/wp-content\/plugins\/pdf-print\/images\/print.png\" alt=\"image_print\" title=\"Conte\u00fado de impress\u00e3o\" \/><\/a><\/div>","protected":false},"excerpt":{"rendered":"<p>ESTADO DO RIO GRANDE DO NORTE PREFEITURA MUNICIPAL DE LAJES GABINETE DO PREFEITO EXTRATO DO CONTRATO N\u00ba 25\/2026 TERMO DE CONTRATO QUE ENTRE SI CELEBRAM A PREFEITURA MUNICIPAL DE LAJES\/RN E A EMPRESA MARLUCE MARIA DO NASCIMENTO FERNANDES DE QUEIROZ &amp; CIA LTDA. &nbsp; Processo Administrativo n\u00b0 67\/02-2026 Licita\u00e7\u00e3o n\u00ba 42\/2026 &nbsp; CONTRATANTE:\u00a0PREFEITURA MUNICIPAL DE [&hellip;]<\/p>\n","protected":false},"author":3,"featured_media":0,"comment_status":"closed","ping_status":"closed","sticky":false,"template":"","format":"standard","meta":{"ocean_post_layout":"","ocean_both_sidebars_style":"","ocean_both_sidebars_content_width":0,"ocean_both_sidebars_sidebars_width":0,"ocean_sidebar":"0","ocean_second_sidebar":"0","ocean_disable_margins":"enable","ocean_add_body_class":"","ocean_shortcode_before_top_bar":"","ocean_shortcode_after_top_bar":"","ocean_shortcode_before_header":"","ocean_shortcode_after_header":"","ocean_has_shortcode":"","ocean_shortcode_after_title":"","ocean_shortcode_before_footer_widgets":"","ocean_shortcode_after_footer_widgets":"","ocean_shortcode_before_footer_bottom":"","ocean_shortcode_after_footer_bottom":"","ocean_display_top_bar":"default","ocean_display_header":"default","ocean_header_style":"","ocean_center_header_left_menu":"0","ocean_custom_header_template":"0","ocean_custom_logo":0,"ocean_custom_retina_logo":0,"ocean_custom_logo_max_width":0,"ocean_custom_logo_tablet_max_width":0,"ocean_custom_logo_mobile_max_width":0,"ocean_custom_logo_max_height":0,"ocean_custom_logo_tablet_max_height":0,"ocean_custom_logo_mobile_max_height":0,"ocean_header_custom_menu":"0","ocean_menu_typo_font_family":"0","ocean_menu_typo_font_subset":"","ocean_menu_typo_font_size":0,"ocean_menu_typo_font_size_tablet":0,"ocean_menu_typo_font_size_mobile":0,"ocean_menu_typo_font_size_unit":"px","ocean_menu_typo_font_weight":"","ocean_menu_typo_font_weight_tablet":"","ocean_menu_typo_font_weight_mobile":"","ocean_menu_typo_transform":"","ocean_menu_typo_transform_tablet":"","ocean_menu_typo_transform_mobile":"","ocean_menu_typo_line_height":0,"ocean_menu_typo_line_height_tablet":0,"ocean_menu_typo_line_height_mobile":0,"ocean_menu_typo_line_height_unit":"","ocean_menu_typo_spacing":0,"ocean_menu_typo_spacing_tablet":0,"ocean_menu_typo_spacing_mobile":0,"ocean_menu_typo_spacing_unit":"","ocean_menu_link_color":"","ocean_menu_link_color_hover":"","ocean_menu_link_color_active":"","ocean_menu_link_background":"","ocean_menu_link_hover_background":"","ocean_menu_link_active_background":"","ocean_menu_social_links_bg":"","ocean_menu_social_hover_links_bg":"","ocean_menu_social_links_color":"","ocean_menu_social_hover_links_color":"","ocean_disable_title":"default","ocean_disable_heading":"default","ocean_post_title":"","ocean_post_subheading":"","ocean_post_title_style":"","ocean_post_title_background_color":"","ocean_post_title_background":0,"ocean_post_title_bg_image_position":"","ocean_post_title_bg_image_attachment":"","ocean_post_title_bg_image_repeat":"","ocean_post_title_bg_image_size":"","ocean_post_title_height":0,"ocean_post_title_bg_overlay":0.5,"ocean_post_title_bg_overlay_color":"","ocean_disable_breadcrumbs":"default","ocean_breadcrumbs_color":"","ocean_breadcrumbs_separator_color":"","ocean_breadcrumbs_links_color":"","ocean_breadcrumbs_links_hover_color":"","ocean_display_footer_widgets":"default","ocean_display_footer_bottom":"default","ocean_custom_footer_template":"0","ocean_post_oembed":"","ocean_post_self_hosted_media":"","ocean_post_video_embed":"","ocean_link_format":"","ocean_link_format_target":"self","ocean_quote_format":"","ocean_quote_format_link":"post","ocean_gallery_link_images":"on","ocean_gallery_id":[],"footnotes":""},"categories":[76,257,3],"tags":[],"class_list":["post-40222","post","type-post","status-publish","format-standard","hentry","category-contratos","category-contratos-ou-ata-de-registro-de-preco-2026","category-licitacao","entry"],"_links":{"self":[{"href":"https:\/\/lajes.rn.gov.br\/transparente\/index\/wp-json\/wp\/v2\/posts\/40222","targetHints":{"allow":["GET"]}}],"collection":[{"href":"https:\/\/lajes.rn.gov.br\/transparente\/index\/wp-json\/wp\/v2\/posts"}],"about":[{"href":"https:\/\/lajes.rn.gov.br\/transparente\/index\/wp-json\/wp\/v2\/types\/post"}],"author":[{"embeddable":true,"href":"https:\/\/lajes.rn.gov.br\/transparente\/index\/wp-json\/wp\/v2\/users\/3"}],"replies":[{"embeddable":true,"href":"https:\/\/lajes.rn.gov.br\/transparente\/index\/wp-json\/wp\/v2\/comments?post=40222"}],"version-history":[{"count":1,"href":"https:\/\/lajes.rn.gov.br\/transparente\/index\/wp-json\/wp\/v2\/posts\/40222\/revisions"}],"predecessor-version":[{"id":40223,"href":"https:\/\/lajes.rn.gov.br\/transparente\/index\/wp-json\/wp\/v2\/posts\/40222\/revisions\/40223"}],"wp:attachment":[{"href":"https:\/\/lajes.rn.gov.br\/transparente\/index\/wp-json\/wp\/v2\/media?parent=40222"}],"wp:term":[{"taxonomy":"category","embeddable":true,"href":"https:\/\/lajes.rn.gov.br\/transparente\/index\/wp-json\/wp\/v2\/categories?post=40222"},{"taxonomy":"post_tag","embeddable":true,"href":"https:\/\/lajes.rn.gov.br\/transparente\/index\/wp-json\/wp\/v2\/tags?post=40222"}],"curies":[{"name":"wp","href":"https:\/\/api.w.org\/{rel}","templated":true}]}}