{"id":40218,"date":"2026-03-25T15:40:51","date_gmt":"2026-03-25T18:40:51","guid":{"rendered":"https:\/\/lajes.rn.gov.br\/transparente\/index\/?p=40218"},"modified":"2026-04-30T15:42:31","modified_gmt":"2026-04-30T18:42:31","slug":"primeiro-termo-aditivo-do-contrato-administrativo-n-19-2025-prorrogacao-de-prazo","status":"publish","type":"post","link":"https:\/\/lajes.rn.gov.br\/transparente\/index\/primeiro-termo-aditivo-do-contrato-administrativo-n-19-2025-prorrogacao-de-prazo\/","title":{"rendered":"PRIMEIRO TERMO ADITIVO DO CONTRATO ADMINISTRATIVO N\u00b0 19\/2025 &#8211; PRORROGA\u00c7\u00c3O DE PRAZO"},"content":{"rendered":"<div id=\"separador\" class=\"cabecalhoEstadoSeparador cabecalhoEstadoSeparador1\">\n<h1>ESTADO DO RIO GRANDE DO NORTE<br \/>\nPREFEITURA MUNICIPAL DE LAJES<\/h1>\n<\/div>\n<div id=\"cabecaorgao\" class=\"cabecaorgao\"><\/div>\n<div id=\"materia\" class=\"materia materia20091123 materia1\">\n<h5>GABINETE DO PREFEITO<br \/>\nPRIMEIRO TERMO ADITIVO DO CONTRATO ADMINISTRATIVO N\u00b0 19\/2025 &#8211; PRORROGA\u00c7\u00c3O DE PRAZO<\/h5>\n<div class=\"mat\"><\/div>\n<p><b>PROCESSO ADMINISTRATIVO PARA ADITIVO N\u00b0 60\/02-2026<\/b><\/p>\n<p><b>Inexigibilidade N\u00b0 15\/2025<\/b><\/p>\n<p>&nbsp;<\/p>\n<p>PRIMEIRO TERMO ADITIVO AO CONTRATO ADMINISTRATIVO N\u00ba 19\/2025, QUE FAZEM ENTRE SI O MUNIC\u00cdPIO DE LAJES\/RN, E A EMPRESA DANILO BEZERRA ARAUJO-ME.<\/p>\n<p>&nbsp;<\/p>\n<p>Pelo presente instrumento contratual onde de um lado<b>\u00a0O MUNIC\u00cdPIO DE LAJES\/RN<\/b>, pessoa jur\u00eddica de direito p\u00fablico, com sede administrativa \u00e0 Rua Ramiro Pereira da Silva, n\u00ba 17, centro \u2013 CEP: 59.535-000, devidamente inscrita no CNPJ\/MF, sob o n\u00ba. 08.113.466\/0001-05, neste ato representado, na forma de sua Lei Org\u00e2nica, pelo Prefeito Municipal o Sr.\u00a0<b>FELIPE FERREIRA DE MENEZES ARA\u00daJO<\/b>, doravante denominada\u00a0<b>CONTRATANTE<\/b>, e a empresa\u00a0<b>DANILO BEZERRA ARAUJO-ME (ALPHA.CON),\u00a0<\/b>inscrito(a) no CNPJ\/MF sob o n\u00ba 19.686.025\/0001-19,<b>\u00a0<\/b>sediado na Rua Senador Jos\u00e9 Bernardo, n\u00ba 806, Ap 301, Centro, Caic\u00f3\/RN \u2013 CEP: 59.300-000, neste ato representado por\u00a0<b>DANILO BEZERRA ARAUJO<\/b>, inscrito no CPF n\u00ba XXX.490.XXX-38, que exerce a fun\u00e7\u00e3o de S\u00f3cio, conforme atos constitutivos da empresa, doravante denominada\u00a0<b>CONTRATADA,<\/b>\u00a0tendo em vista o que consta no Processo n\u00ba\u00a0<b>60\/02-2026<\/b>, e em observ\u00e2ncia \u00e0s disposi\u00e7\u00f5es da Lei n\u00ba 14.133, de 1\u00ba de abril de 2021, e demais legisla\u00e7\u00e3o aplic\u00e1vel, resolvem celebrar o presente\u00a0<b>Termo Aditivo de prorroga\u00e7\u00e3o do prazo de vig\u00eancia contratual<\/b>, mediante as cl\u00e1usulas e condi\u00e7\u00f5es a seguir enunciadas.<\/p>\n<p>&nbsp;<\/p>\n<p><b>CL\u00c1USULA PRIMEIRA \u2013 OBJETO<\/b><\/p>\n<p>&nbsp;<\/p>\n<p>O presente termo aditivo tem por objeto a prorroga\u00e7\u00e3o do prazo de vig\u00eancia do Contrato n\u00ba 19\/2025, por mais 12 meses, a partir de\u00a0<b>17\/03\/2026 at\u00e9 16\/03\/2027<\/b>, para dar continuidade \u00c0 CONTINUA\u00c7\u00c3O DA PRESTA\u00c7\u00c3O DE SERVI\u00c7OS ESPECIALIZADO EM ASSESSORIA E CONSULTORIA E APOIO OPERACIONAL E ADMINISTRATIVO NO \u00c2MBITO DO CADASTRO \u00daNICO, PROGRAMA BOLSA FAM\u00cdLIA, PROGRAMA CRIAN\u00c7A FELIZ, PROTE\u00c7\u00c3O SOCIAL B\u00c1SICA E ESPECIAL E GEST\u00c3O MUNICIPAL DO SISTEMA \u00daNICO DE ASSIST\u00caNCIA SOCIAL, podendo ser prorrogado sucessivamente, respeitada a vig\u00eancia m\u00e1xima decenal, na forma do artigo 107 da Lei n\u00ba 14.133, de 2021.<\/p>\n<p>&nbsp;<\/p>\n<p><b>CL\u00c1USULA SEGUNDA \u2013 PRE\u00c7O<\/b><\/p>\n<p>2.1. O CONTRATANTE pagar\u00e1 ao CONTRATADO pela execu\u00e7\u00e3o do objeto deste Contrato o valor mensal de R$ 2,500,00 (dois mil e quinhentos reais), totalizando o valor global de R$ 30.000,00 (trinta mil reais ).<\/p>\n<p>2.2. O valor acima \u00e9 meramente estimativo, de forma que os pagamentos devidos ao CONTRATADO depender\u00e3o dos quantitativos efetivamente prestados.<\/p>\n<p>&nbsp;<\/p>\n<p><b>CL\u00c1USULA TERCEIRA &#8211; DOTA\u00c7\u00c3O OR\u00c7AMENT\u00c1RIA<\/b><\/p>\n<p>3.1. As despesas decorrentes do presente termo aditivo correr\u00e3o \u00e0 conta de recursos espec\u00edficos consignados pela Secretaria Municipal de Planejamento deste munic\u00edpio, na dota\u00e7\u00e3o abaixo discriminada:<\/p>\n<p>&nbsp;<\/p>\n<p>Unidade Or\u00e7ament\u00e1ria:04.001 &#8211; FUNDO MUNICIPAL DE ASSISTENCIA SOCIAL<\/p>\n<p>A\u00e7\u00e3o: 2053 &#8211; COORDENA\u00c7\u00c3O E MANUTEN\u00c7\u00c3O DOS SERVI\u00c7OS ADMINISTRATIVOS DO FUNDO MUNICIPAL DE ASSIST\u00caNCIA SOCIAL<\/p>\n<p>Natureza: 3.3.90.39 &#8211; OUTROS SERVI\u00c7OS DE TERCEIROS &#8211; PESSOA JUR\u00cdDICA<\/p>\n<p>Fonte de Recurso: 16600000 &#8211; TRANSFER\u00caNCIA DE RECURSOS DO FUNDO NACIONAL DE ASSIST\u00caNCIA SOCIAL &#8211; FNAS<\/p>\n<p>Regi\u00e3o: 0001 &#8211; Lajes<\/p>\n<p>&nbsp;<\/p>\n<p><b>CL\u00c1USULA QUARTA \u2013 RATIFICA\u00c7\u00c3O<\/b><\/p>\n<p>&nbsp;<\/p>\n<p>4.1. Ficam mantidas e ratificadas as demais cl\u00e1usulas e condi\u00e7\u00f5es do contrato origin\u00e1rio, naquilo que n\u00e3o contrariem o presente termo aditivo.<\/p>\n<p>&nbsp;<\/p>\n<p><b>CL\u00c1USULA QUINTA \u2013 PUBLICA\u00c7\u00c3O<\/b><\/p>\n<p>&nbsp;<\/p>\n<p>5.1. Incumbir\u00e1 ao contratante divulgar o presente instrumento no Portal Nacional de Contrata\u00e7\u00f5es P\u00fablicas (PNCP), na forma prevista no art. 94 da Lei n\u00ba 14.133, de 2021, bem como no respectivo s\u00edtio oficial na Internet, em aten\u00e7\u00e3o ao art. 91, caput, da Lei n\u00ba 14.133, de 2021, e ao art. 8\u00ba, \u00a72\u00ba, da Lei n\u00ba 12.527, de 2011, c\/c art. 7\u00ba, \u00a73\u00ba, inciso V, do Decreto n\u00ba 7.724, de 2012.<\/p>\n<p>&nbsp;<\/p>\n<p>Lajes\/RN, em 17 de mar\u00e7o de 2026.<\/p>\n<p>&nbsp;<\/p>\n<p>&nbsp;<\/p>\n<p><b><i>FELIPE FERREIRA DE MENEZES ARAUJO<\/i><\/b><\/p>\n<p><b><i><\/i><\/b>&nbsp;<\/p>\n<p>Prefeito Municipal<\/p>\n<p>Contratante<\/p>\n<p>&nbsp;<\/p>\n<p>&nbsp;<\/p>\n<p><b><i>MARIA CAROLINE MENESES SALVIANO<\/i><\/b><\/p>\n<p><b><i><\/i><\/b>&nbsp;<\/p>\n<p>Secret\u00e1ria Municipal de Desenvolvimento Social, Pol\u00edticas para Mulheres e Habita\u00e7\u00e3o<\/p>\n<p>&nbsp;<\/p>\n<p>Danilo Bezerra Araujo-ME (ALPHA.CON)<\/p>\n<p>CNPJ: 19.686.025\/0001-19<\/p>\n<p>&nbsp;<\/p>\n<p><b><i>DANILO BEZERRA ARAUJO<\/i><\/b><\/p>\n<p><b><i><\/i><\/b>&nbsp;<\/p>\n<p>XXX.490.XXX-38<\/p>\n<p>Contratada<\/p>\n<div align=\"right\">\n<b>Publicado por:<\/b><br \/>\nRobson Edson Fernandes da Silva<br \/>\n<b>C\u00f3digo Identificador:<\/b>CCA7D37C<\/div>\n<p>&nbsp;<\/p>\n<hr \/>\n<p>Mat\u00e9ria publicada no Di\u00e1rio Oficial dos Munic\u00edpios do Estado do Rio Grande do Norte no dia 25\/03\/2026. Edi\u00e7\u00e3o 3757<br \/>\nA verifica\u00e7\u00e3o de autenticidade da mat\u00e9ria pode ser feita informando o c\u00f3digo identificador no site:<br \/>\nhttps:\/\/www.diariomunicipal.com.br\/femurn\/<\/p><\/div>\n<div class=\"pdfprnt-buttons pdfprnt-buttons-post pdfprnt-bottom-right\"><a href=\"https:\/\/lajes.rn.gov.br\/transparente\/index\/wp-json\/wp\/v2\/posts\/40218?print=pdf\" class=\"pdfprnt-button pdfprnt-button-pdf\" target=\"_blank\" ><img decoding=\"async\" src=\"https:\/\/lajes.rn.gov.br\/transparente\/index\/wp-content\/plugins\/pdf-print\/images\/pdf.png\" alt=\"image_pdf\" title=\"Ver PDF\" \/><\/a><a href=\"https:\/\/lajes.rn.gov.br\/transparente\/index\/wp-json\/wp\/v2\/posts\/40218?print=print\" class=\"pdfprnt-button pdfprnt-button-print\" target=\"_blank\" ><img decoding=\"async\" src=\"https:\/\/lajes.rn.gov.br\/transparente\/index\/wp-content\/plugins\/pdf-print\/images\/print.png\" alt=\"image_print\" title=\"Conte\u00fado de impress\u00e3o\" \/><\/a><\/div>","protected":false},"excerpt":{"rendered":"<p>ESTADO DO RIO GRANDE DO NORTE PREFEITURA MUNICIPAL DE LAJES GABINETE DO PREFEITO PRIMEIRO TERMO ADITIVO DO CONTRATO ADMINISTRATIVO N\u00b0 19\/2025 &#8211; PRORROGA\u00c7\u00c3O DE PRAZO PROCESSO ADMINISTRATIVO PARA ADITIVO N\u00b0 60\/02-2026 Inexigibilidade N\u00b0 15\/2025 &nbsp; PRIMEIRO TERMO ADITIVO AO CONTRATO ADMINISTRATIVO N\u00ba 19\/2025, QUE FAZEM ENTRE SI O MUNIC\u00cdPIO DE LAJES\/RN, E A EMPRESA DANILO [&hellip;]<\/p>\n","protected":false},"author":3,"featured_media":0,"comment_status":"closed","ping_status":"closed","sticky":false,"template":"","format":"standard","meta":{"ocean_post_layout":"","ocean_both_sidebars_style":"","ocean_both_sidebars_content_width":0,"ocean_both_sidebars_sidebars_width":0,"ocean_sidebar":"0","ocean_second_sidebar":"0","ocean_disable_margins":"enable","ocean_add_body_class":"","ocean_shortcode_before_top_bar":"","ocean_shortcode_after_top_bar":"","ocean_shortcode_before_header":"","ocean_shortcode_after_header":"","ocean_has_shortcode":"","ocean_shortcode_after_title":"","ocean_shortcode_before_footer_widgets":"","ocean_shortcode_after_footer_widgets":"","ocean_shortcode_before_footer_bottom":"","ocean_shortcode_after_footer_bottom":"","ocean_display_top_bar":"default","ocean_display_header":"default","ocean_header_style":"","ocean_center_header_left_menu":"0","ocean_custom_header_template":"0","ocean_custom_logo":0,"ocean_custom_retina_logo":0,"ocean_custom_logo_max_width":0,"ocean_custom_logo_tablet_max_width":0,"ocean_custom_logo_mobile_max_width":0,"ocean_custom_logo_max_height":0,"ocean_custom_logo_tablet_max_height":0,"ocean_custom_logo_mobile_max_height":0,"ocean_header_custom_menu":"0","ocean_menu_typo_font_family":"0","ocean_menu_typo_font_subset":"","ocean_menu_typo_font_size":0,"ocean_menu_typo_font_size_tablet":0,"ocean_menu_typo_font_size_mobile":0,"ocean_menu_typo_font_size_unit":"px","ocean_menu_typo_font_weight":"","ocean_menu_typo_font_weight_tablet":"","ocean_menu_typo_font_weight_mobile":"","ocean_menu_typo_transform":"","ocean_menu_typo_transform_tablet":"","ocean_menu_typo_transform_mobile":"","ocean_menu_typo_line_height":0,"ocean_menu_typo_line_height_tablet":0,"ocean_menu_typo_line_height_mobile":0,"ocean_menu_typo_line_height_unit":"","ocean_menu_typo_spacing":0,"ocean_menu_typo_spacing_tablet":0,"ocean_menu_typo_spacing_mobile":0,"ocean_menu_typo_spacing_unit":"","ocean_menu_link_color":"","ocean_menu_link_color_hover":"","ocean_menu_link_color_active":"","ocean_menu_link_background":"","ocean_menu_link_hover_background":"","ocean_menu_link_active_background":"","ocean_menu_social_links_bg":"","ocean_menu_social_hover_links_bg":"","ocean_menu_social_links_color":"","ocean_menu_social_hover_links_color":"","ocean_disable_title":"default","ocean_disable_heading":"default","ocean_post_title":"","ocean_post_subheading":"","ocean_post_title_style":"","ocean_post_title_background_color":"","ocean_post_title_background":0,"ocean_post_title_bg_image_position":"","ocean_post_title_bg_image_attachment":"","ocean_post_title_bg_image_repeat":"","ocean_post_title_bg_image_size":"","ocean_post_title_height":0,"ocean_post_title_bg_overlay":0.5,"ocean_post_title_bg_overlay_color":"","ocean_disable_breadcrumbs":"default","ocean_breadcrumbs_color":"","ocean_breadcrumbs_separator_color":"","ocean_breadcrumbs_links_color":"","ocean_breadcrumbs_links_hover_color":"","ocean_display_footer_widgets":"default","ocean_display_footer_bottom":"default","ocean_custom_footer_template":"0","ocean_post_oembed":"","ocean_post_self_hosted_media":"","ocean_post_video_embed":"","ocean_link_format":"","ocean_link_format_target":"self","ocean_quote_format":"","ocean_quote_format_link":"post","ocean_gallery_link_images":"on","ocean_gallery_id":[],"footnotes":""},"categories":[76,257,3,102],"tags":[],"class_list":["post-40218","post","type-post","status-publish","format-standard","hentry","category-contratos","category-contratos-ou-ata-de-registro-de-preco-2026","category-licitacao","category-termo-aditivo","entry"],"_links":{"self":[{"href":"https:\/\/lajes.rn.gov.br\/transparente\/index\/wp-json\/wp\/v2\/posts\/40218","targetHints":{"allow":["GET"]}}],"collection":[{"href":"https:\/\/lajes.rn.gov.br\/transparente\/index\/wp-json\/wp\/v2\/posts"}],"about":[{"href":"https:\/\/lajes.rn.gov.br\/transparente\/index\/wp-json\/wp\/v2\/types\/post"}],"author":[{"embeddable":true,"href":"https:\/\/lajes.rn.gov.br\/transparente\/index\/wp-json\/wp\/v2\/users\/3"}],"replies":[{"embeddable":true,"href":"https:\/\/lajes.rn.gov.br\/transparente\/index\/wp-json\/wp\/v2\/comments?post=40218"}],"version-history":[{"count":1,"href":"https:\/\/lajes.rn.gov.br\/transparente\/index\/wp-json\/wp\/v2\/posts\/40218\/revisions"}],"predecessor-version":[{"id":40219,"href":"https:\/\/lajes.rn.gov.br\/transparente\/index\/wp-json\/wp\/v2\/posts\/40218\/revisions\/40219"}],"wp:attachment":[{"href":"https:\/\/lajes.rn.gov.br\/transparente\/index\/wp-json\/wp\/v2\/media?parent=40218"}],"wp:term":[{"taxonomy":"category","embeddable":true,"href":"https:\/\/lajes.rn.gov.br\/transparente\/index\/wp-json\/wp\/v2\/categories?post=40218"},{"taxonomy":"post_tag","embeddable":true,"href":"https:\/\/lajes.rn.gov.br\/transparente\/index\/wp-json\/wp\/v2\/tags?post=40218"}],"curies":[{"name":"wp","href":"https:\/\/api.w.org\/{rel}","templated":true}]}}