{"id":40206,"date":"2026-03-23T15:29:07","date_gmt":"2026-03-23T18:29:07","guid":{"rendered":"https:\/\/lajes.rn.gov.br\/transparente\/index\/?p=40206"},"modified":"2026-04-30T15:30:13","modified_gmt":"2026-04-30T18:30:13","slug":"segundo-termo-aditivo-do-contrato-administrativo-n-22-2025-prorrogacao-de-prazo","status":"publish","type":"post","link":"https:\/\/lajes.rn.gov.br\/transparente\/index\/segundo-termo-aditivo-do-contrato-administrativo-n-22-2025-prorrogacao-de-prazo\/","title":{"rendered":"SEGUNDO TERMO ADITIVO DO CONTRATO ADMINISTRATIVO N\u00b0 22\/2025 &#8211; PRORROGA\u00c7\u00c3O DE PRAZO"},"content":{"rendered":"<div id=\"separador\" class=\"cabecalhoEstadoSeparador cabecalhoEstadoSeparador1\">\n<p style=\"text-align: center;\"><strong>ESTADO DO RIO GRANDE DO NORTE<\/strong><br \/>\n<strong>PREFEITURA MUNICIPAL DE LAJES<\/strong><\/p>\n<\/div>\n<p class=\"cabecaorgao\" style=\"text-align: center;\"><strong>GABINETE DO PREFEITO<\/strong><\/p>\n<hr \/>\n<div id=\"materia\" class=\"materia materia20091123 materia1\">\n<p><strong>SEGUNDO TERMO ADITIVO DO CONTRATO ADMINISTRATIVO N\u00b0 22\/2025 &#8211; PRORROGA\u00c7\u00c3O DE PRAZO<\/strong><\/p>\n<div class=\"mat\"><b>PROCESSO ADMINISTRATIVO N\u00b053\/02-2026<\/b><\/div>\n<p><b>Preg\u00e3o\/Ades\u00e3o N\u00b0 02\/2025<\/b><\/p>\n<p>&nbsp;<\/p>\n<p>SEGUNDO TERMO ADITIVO AO CONTRATO ADMINISTRATIVO N\u00ba 22\/2025, QUE FAZEM ENTRE SI O MUNIC\u00cdPIO DE LAJES\/RN, E A EMPRESA JMT SERVI\u00c7OS E LOCA\u00c7\u00c3O DE M\u00c3O DE OBRA LTDA.<\/p>\n<p>&nbsp;<\/p>\n<p>Pelo presente instrumento contratual onde de um lado<b>\u00a0O MUNIC\u00cdPIO DE LAJES\/RN<\/b>, atrav\u00e9s da demais secretarias, pessoa jur\u00eddica de direito p\u00fablico, com sede administrativa \u00e0 Rua Ramiro Pereira da Silva, n\u00ba 17, centro \u2013 CEP: 59.535-000, devidamente inscrita no CNPJ\/MF, sob o n\u00ba. 08.113.466\/0001-05, neste ato representado, na forma de sua Lei Org\u00e2nica, pelo Prefeito Municipal o Sr.\u00a0<b>FELIPE FERREIRA DE MENEZES ARA\u00daJO<\/b>, doravante denominada\u00a0<b>CONTRATANTE<\/b>, e a empresa\u00a0<b>JMT SERVICOS DE LOCACAO DE MAO DE OBRA LTDA<\/b>, inscrito(a) no CNPJ\/MF sob o n\u00ba 07.442.731\/0001-36, sediado(a) Rua dos Potiguares \u2013 N\u00ba 2300 \u2013 Nossa Senhora de Nazar\u00e9 \u2013 Natal\/RN \u2013 CEP: 59.062-280, neste ato representado por\u00a0<b>JONAS ALVES DA SILVA<\/b>\u00a0inscrito no CPF n\u00ba XXX.755.XXX-53, que exerce a fun\u00e7\u00e3o de Diretor, conforme consta no ato constitutivo da empresa, doravante denominada\u00a0<b>CONTRATADA,<\/b>\u00a0tendo em vista o que consta no Processo n\u00ba 53\/02\/2026, e em observ\u00e2ncia \u00e0s disposi\u00e7\u00f5es da Lei n\u00ba 14.133, de 1\u00ba de abril de 2021, e demais legisla\u00e7\u00e3o aplic\u00e1vel, resolvem celebrar o presente\u00a0<b>Termo Aditivo de prorroga\u00e7\u00e3o do prazo de vig\u00eancia contratual<\/b>, mediante as cl\u00e1usulas e condi\u00e7\u00f5es a seguir enunciadas.<\/p>\n<p>&nbsp;<\/p>\n<p><b>CL\u00c1USULA PRIMEIRA \u2013 OBJETO<\/b><\/p>\n<p>&nbsp;<\/p>\n<p>O presente termo aditivo tem por objeto a prorroga\u00e7\u00e3o do prazo de vig\u00eancia do Contrato n\u00ba 22\/2025, por mais 12 meses, a partir de\u00a0<b>25\/03\/2026 at\u00e9 24\/03\/2027<\/b>, para dar continuidade a CONTRATA\u00c7\u00c3O DE EMPRESA, PARA PRESTA\u00c7\u00c3O DE SERVI\u00c7O DE M\u00c3O DE OBRA, podendo ser prorrogado sucessivamente, respeitada a vig\u00eancia m\u00e1xima decenal, na forma do artigo 107 da Lei n\u00ba 14.133, de 2021.<\/p>\n<p>&nbsp;<\/p>\n<p><b>CL\u00c1USULA SEGUNDA \u2013 PRE\u00c7O<\/b><\/p>\n<p>2.1. O CONTRATANTE pagar\u00e1 ao CONTRATADO pela execu\u00e7\u00e3o do objeto deste Contrato o valor mensal de R$ R$ 608.890,49 (Seiscentos e oito mil, oitocentos e noventa reais e quarenta e nove centavos), totalizando o valor global de R$ 7.306.685,88 (sete milh\u00f5es, trezentos e seis mil, seiscentos e oitenta e cinco reais e oitenta e oito centavos).<\/p>\n<p>2.2. O valor acima \u00e9 meramente estimativo, de forma que os pagamentos devidos ao CONTRATADO depender\u00e3o dos quantitativos efetivamente prestados.<\/p>\n<p>&nbsp;<\/p>\n<p><b>CL\u00c1USULA TERCEIRA &#8211; DOTA\u00c7\u00c3O OR\u00c7AMENT\u00c1RIA<\/b><\/p>\n<p>3.1. As despesas decorrentes do presente termo aditivo correr\u00e3o \u00e0 conta de recursos espec\u00edficos consignados pela Secretaria Municipal de Planejamento deste munic\u00edpio, na dota\u00e7\u00e3o abaixo discriminada:<\/p>\n<p>&nbsp;<\/p>\n<p>Und. Or\u00e7ament\u00e1ria: 02.013 \u2013 SECRETARIA MUNICIPAL DA FAZENDA<\/p>\n<p>Fun\u00e7\u00e3o: 04 \u2013 ADMINISTRA\u00c7\u00c3O<\/p>\n<p>Subfun\u00e7\u00e3o: 122 \u2013 ADMINISTRA\u00c7\u00c3O GERAL<\/p>\n<p>Programa: 0101 \u2013 ORGANIZACAO E MELHORIA DOS SERVICOS MUNICIPAIS<\/p>\n<p>A\u00e7\u00e3o: 2228 \u2013 COORDENA\u00c7\u00c3O E MANUTEN\u00c7\u00c3O DOS SERVI\u00c7OS ADMINISTRATIVOS DA SECRETARIA MUNICIPAL DA FAZENDA<\/p>\n<p>Natureza 33.90.37 \u2013 LOCA\u00c7\u00c3O DE M\u00c3O-DE-OBRA<\/p>\n<p>Fonte: 15000000 \u2013 RECURSOS N\u00c3O VINCULADOS DE IMPOSTOS<\/p>\n<p>Regi\u00e3o 01 LAJES \/ RN<\/p>\n<p>&nbsp;<\/p>\n<p>Und. Or\u00e7ament\u00e1ria: 02.004 \u2013 SEC MUNICIPAL DE INFRAESTRUTURA E SERVI\u00c7OS URBANOS<\/p>\n<p>Fun\u00e7\u00e3o: 04 \u2013 ADMINISTRA\u00c7\u00c3O<\/p>\n<p>Subfun\u00e7\u00e3o: 122 \u2013 ADMINISTRA\u00c7\u00c3O GERAL<\/p>\n<p>Programa: 0101 \u2013 ORGANIZACAO E MELHORIA DOS SERVICOS MUNICIPAIS<\/p>\n<p>A\u00e7\u00e3o: 2041 \u2013 MANUTEN\u00c7\u00c3O DA SEC MUNICIPAL DE INFRAESTRUTURA E SERVI\u00c7OS URBANOS<\/p>\n<p>Natureza: 33.90.37 \u2013 LOCA\u00c7\u00c3O DE M\u00c3O-DE-OBRA<\/p>\n<p>Fonte: 15000000 \u2013 RECURSOS N\u00c3O VINCULADOS DE IMPOSTOS<\/p>\n<p>Regi\u00e3o: 01 \u2013 LAJES \/ RN<\/p>\n<p>&nbsp;<\/p>\n<p>Und. Or\u00e7ament\u00e1ria 02.002 \u2013 SECRETARIA MUNICIPAL DO GOVERNO<\/p>\n<p>Fun\u00e7\u00e3o: 04 \u2013 ADMINISTRA\u00c7\u00c3O<\/p>\n<p>Subfun\u00e7\u00e3o: 122 \u2013 ADMINISTRA\u00c7\u00c3O GERAL<\/p>\n<p>Programa: 0101 \u2013 ORGANIZACAO E MELHORIA DOS SERVICOS MUNICIPAIS<\/p>\n<p>A\u00e7\u00e3o: 2007 \u2013 MANUTEN\u00c7\u00c3O SECRETARIA MUNICIPAL DO GOVERNO<\/p>\n<p>Natureza: 33.90.37 \u2013 LOCA\u00c7\u00c3O DE M\u00c3O-DE-OBRA<\/p>\n<p>Fonte: 15000000 \u2013 RECURSOS N\u00c3O VINCULADOS DE IMPOSTOS<\/p>\n<p>Regi\u00e3o: 01 \u2013 LAJES\/RN<\/p>\n<p>&nbsp;<\/p>\n<p>Und. Or\u00e7ament\u00e1ria 02.006 \u2013 SECRETARIA MUNICIPAL DE EDUCACAO<\/p>\n<p>Fun\u00e7\u00e3o: 12 \u2013 EDUCA\u00c7\u00c3O<\/p>\n<p>Subfun\u00e7\u00e3o: 361 \u2013 ENSINO FUNDAMENTAL<\/p>\n<p>Programa: 0101 \u2013 ORGANIZACAO E MELHORIA DOS SERVICOS MUNICIPAIS<\/p>\n<p>A\u00e7\u00e3o: 2029 \u2013 MANUTEN\u00c7\u00c3O DA SECRETARIA MUNICIPAL DE EDUCA\u00c7\u00c3O<\/p>\n<p>Natureza: 33.90.37 \u2013 LOCA\u00c7\u00c3O DE M\u00c3O-DE-OBRA<\/p>\n<p>Fonte: 15001001 \u2013 RECURSOS N\u00c3O VINCULADOS DE IMPOSTOS &#8211; DESPESAS COM MANUTEN\u00c7\u00c3O E DESENVOLVIMENTO DO ENSINO<\/p>\n<p>Fonte: 15710000 \u2013 TRANSFER\u00caNCIAS DO ESTADO REFERENTES A CONV\u00caNIOS E INSTRUMENTOS CONG\u00caNERES VINCULADOS \u00c0 EDUCA\u00c7\u00c3O<\/p>\n<p>Regi\u00e3o 01 LAJES \/ RN<\/p>\n<p>&nbsp;<\/p>\n<p>Und. Or\u00e7ament\u00e1ria 02.008 \u2013 SEC MUN DE DESENVOLVIMENTO RURAL E AGRI FAMILIAR<\/p>\n<p>Fun\u00e7\u00e3o: 20 \u2013 AGRICULTURA<\/p>\n<p>Subfun\u00e7\u00e3o: 122 \u2013 ADMINISTRA\u00c7\u00c3O GERAL<\/p>\n<p>Programa: 0101 \u2013 ORGANIZACAO E MELHORIA DOS SERVICOS MUNICIPAIS<\/p>\n<p>A\u00e7\u00e3o: 2043 \u2013 MANUTENCAO DA SECRETARIA MUNICIPAL DE DESENVOLVIMENTO RURAL E AGRICULTURA FAMILIAR<\/p>\n<p>Natureza: 33.90.37 \u2013 LOCA\u00c7\u00c3O DE M\u00c3O-DE-OBRA<\/p>\n<p>Fonte: 15000000 \u2013 RECURSOS N\u00c3O VINCULADOS DE IMPOSTOS<\/p>\n<p>Regi\u00e3o 01 LAJES \/ RN<\/p>\n<p>&nbsp;<\/p>\n<p>Und. Or\u00e7ament\u00e1ria: 02.009 \u2013 SEC MUN DA JUVENTUDE ESPORTE E TURISMO<\/p>\n<p>Fun\u00e7\u00e3o: 27 \u2013 DESPORTO E LAZER<\/p>\n<p>Subfun\u00e7\u00e3o: 812 \u2013 DESPORTO COMUNIT\u00c1RIO<\/p>\n<p>Programa: 0101 \u2013 ORGANIZACAO E MELHORIA DOS SERVICOS MUNICIPAIS<\/p>\n<p>A\u00e7\u00e3o: 2039 \u2013 MANUT DA SEC. DA JUVENTUDE, ESPORTE E LAZER<\/p>\n<p>Natureza: 33.90.37 \u2013 LOCA\u00c7\u00c3O DE M\u00c3O-DE-OBRA<\/p>\n<p>Fonte: 15000000 \u2013 RECURSOS N\u00c3O VINCULADOS DE IMPOSTOS<\/p>\n<p>Regi\u00e3o 01 LAJES \/ RN<\/p>\n<p>&nbsp;<\/p>\n<p>Und. Or\u00e7ament\u00e1ria: 03.001 \u2013 MANUT. DO FUNDO MUNICIPAL DE SA\u00daDE<\/p>\n<p>Fun\u00e7\u00e3o: 10 \u2013 SA\u00daDE<\/p>\n<p>Subfun\u00e7\u00e3o: 122 \u2013 ADMINISTRA\u00c7\u00c3O GERAL<\/p>\n<p>Programa: 0101 \u2013 ORGANIZACAO E MELHORIA DOS SERVICOS MUNICIPAIS<\/p>\n<p>A\u00e7\u00e3o: 2025 \u2013 MANUT. DO FUNDO MUNICIPAL DE SA\u00daDE<\/p>\n<p>Natureza: 33.90.37 \u2013 LOCA\u00c7\u00c3O DE M\u00c3O-DE-OBRA<\/p>\n<p>Fonte: 15001002 \u2013 RECURSOS N\u00c3O VINCULADOS DE IMPOSTOS &#8211; DESPESAS COM A\u00c7\u00d5ES E SERVI\u00c7OS P\u00daBLICOS DE SA\u00daDE<\/p>\n<p>Regi\u00e3o: 01 \u2013 LAJES \/ RN<\/p>\n<p>&nbsp;<\/p>\n<p>Und. Or\u00e7ament\u00e1ria: 04.001 \u2013 FUNDO MUNICIPAL DE ASSISTENCIA SOCIAL<\/p>\n<p>Fun\u00e7\u00e3o: 08 \u2013 ASSIST\u00caNCIA SOCIAL<\/p>\n<p>Subfun\u00e7\u00e3o: 244 \u2013 ASSIST\u00caNCIA COMUNIT\u00c1RIA<\/p>\n<p>Programa: 0101 \u2013 ORGANIZACAO E MELHORIA DOS SERVICOS MUNICIPAIS<\/p>\n<p>A\u00e7\u00e3o: 2053 \u2013 MANUT. DO FUNDO MUNICIPAL DE ASSISTENCIA SOCIAL<\/p>\n<p>Natureza: 33.90.37 \u2013 LOCA\u00c7\u00c3O DE M\u00c3O-DE-OBRA<\/p>\n<p>Fonte: 16600000 \u2013 TRANSFER\u00caNCIA DE RECURSOS DO FUNDO NACIONAL DE ASSIST\u00caNCIA SOCIAL &#8211; FNAS<\/p>\n<p>Regi\u00e3o: 01 \u2013 LAJES \/ RN<\/p>\n<p>&nbsp;<\/p>\n<p>Und. Or\u00e7ament\u00e1ria: 02.011 \u2013 SECRETARIA MUNICIPAL DE PLANEJAMENTO<\/p>\n<p>Fun\u00e7\u00e3o: 04 \u2013 ADMINISTRA\u00c7\u00c3O<\/p>\n<p>Subfun\u00e7\u00e3o: 123 \u2013 ADMINISTRA\u00c7\u00c3O FINANCEIRA<\/p>\n<p>Programa: 0101 \u2013 ORGANIZACAO E MELHORIA DOS SERVICOS MUNICIPAIS<\/p>\n<p>A\u00e7\u00e3o: 2218 \u2013 MANUT. DA SECRETARIAM MUNICIPAL DE PALNEJAMENTO<\/p>\n<p>Natureza: 33.90.37 \u2013 LOCA\u00c7\u00c3O DE M\u00c3O-DE-OBRA<\/p>\n<p>Fonte: 15000000 \u2013 RECURSOS N\u00c3O VINCULADOS DE IMPOSTOS<\/p>\n<p>Regi\u00e3o 01 LAJES \/ RN<\/p>\n<p>&nbsp;<\/p>\n<p>Und. Or\u00e7ament\u00e1ria: 02.010 \u2013 SEC. MUNICIPAL DE FINAN\u00c7AS E ECONOMIA<\/p>\n<p>Fun\u00e7\u00e3o: 04 \u2013 ADMINISTRA\u00c7\u00c3O<\/p>\n<p>Subfun\u00e7\u00e3o: 123 \u2013 ADMINISTRA\u00c7\u00c3O FINANCEIRA<\/p>\n<p>Programa: 0107 \u2013 FORTALECIMENTO DO PLANEJAMENTO FINANCEIRO E ADMINISTRATIVO<\/p>\n<p>A\u00e7\u00e3o: 2002 \u2013 MANUTENCAO DA SECRETARIA MUNICIPAL DE FINAN\u00c7AS E ECONOMIA Natureza: 33.90.37 \u2013 LOCA\u00c7\u00c3O DE M\u00c3O-DE-OBRA<\/p>\n<p>Fonte: 15000000 \u2013 Recursos n\u00e3o Vinculados de Impostos<\/p>\n<p>Regi\u00e3o 01 LAJES\/RN<\/p>\n<p>Und. Or\u00e7ament\u00e1ria: 02.014 \u2013 SEC. MUNICIPAL DE CULTURA<\/p>\n<p>Fun\u00e7\u00e3o: 04 \u2013 ADMINISTRA\u00c7\u00c3O<\/p>\n<p>Subfun\u00e7\u00e3o: 123 \u2013 ADMINISTRA\u00c7\u00c3O FINANCEIRA<\/p>\n<p>Programa: 0101 \u2013 ORGANIZACAO E MELHORIA DOS SERVICOS MUNICIPAIS<\/p>\n<p>A\u00e7\u00e3o: 2073 \u2013 MANUTEN\u00c7\u00c3O DA SECRETARIA MUNICIPAL DE CULTURA<\/p>\n<p>Natureza: 33.90.37 \u2013 LOCA\u00c7\u00c3O DE M\u00c3O-DE-OBRA<\/p>\n<p>Fonte: 15000000 \u2013 Recursos n\u00e3o Vinculados de Impostos<\/p>\n<p>Regi\u00e3o 01 LAJES\/RN<\/p>\n<p>&nbsp;<\/p>\n<p>Und. Or\u00e7ament\u00e1ria: 02.001 \u2013 SEC. MUNICIPAL DO GABINETE CIVIL<\/p>\n<p>Fun\u00e7\u00e3o: 04 \u2013 ADMINISTRA\u00c7\u00c3O<\/p>\n<p>Subfun\u00e7\u00e3o: 122 \u2013 ADMINISTRA\u00c7\u00c3O FINANCEIRA<\/p>\n<p>Programa: 0101 \u2013 ORGANIZACAO E MELHORIA DOS SERVICOS MUNICIPAIS<\/p>\n<p>A\u00e7\u00e3o: 2005 \u2013 MANUTEN\u00c7\u00c3O DO GABINETE CIVIL<\/p>\n<p>Natureza: 33.90.37 \u2013 LOCA\u00c7\u00c3O DE M\u00c3O-DE-OBRA<\/p>\n<p>Fonte: 15000000 \u2013 Recursos n\u00e3o Vinculados de Impostos<\/p>\n<p>Regi\u00e3o: 01 \u2013 LAJES\/RN<\/p>\n<p>&nbsp;<\/p>\n<p><b>CL\u00c1USULA QUARTA \u2013 RATIFICA\u00c7\u00c3O<\/b><\/p>\n<p>&nbsp;<\/p>\n<p>4.1. Ficam mantidas e ratificadas as demais cl\u00e1usulas e condi\u00e7\u00f5es do contrato origin\u00e1rio, naquilo que n\u00e3o contrariem o presente termo aditivo.<\/p>\n<p>&nbsp;<\/p>\n<p><b>CL\u00c1USULA QUINTA \u2013 PUBLICA\u00c7\u00c3O<\/b><\/p>\n<p>&nbsp;<\/p>\n<p>5.1. Incumbir\u00e1 ao contratante divulgar o presente instrumento no Portal Nacional de Contrata\u00e7\u00f5es P\u00fablicas (PNCP), na forma prevista no art. 94 da Lei n\u00ba 14.133, de 2021, bem como no respectivo s\u00edtio oficial na Internet, em aten\u00e7\u00e3o ao art. 91, caput, da Lei n\u00ba 14.133, de 2021, e ao art. 8\u00ba, \u00a72\u00ba, da Lei n\u00ba 12.527, de 2011, c\/c art. 7\u00ba, \u00a73\u00ba, inciso V, do Decreto n\u00ba 7.724, de 2012.<\/p>\n<p>&nbsp;<\/p>\n<p>Lajes\/RN, em 17 de mar\u00e7o de 2026.<\/p>\n<p>&nbsp;<\/p>\n<p>&nbsp;<\/p>\n<p><b><i>FELIPE FERREIRA DE MENEZES ARAUJO<\/i><\/b><\/p>\n<p><b><i><\/i><\/b>&nbsp;<\/p>\n<p>Prefeito Municipal<\/p>\n<p>Contratante<\/p>\n<p>&nbsp;<\/p>\n<p>&nbsp;<\/p>\n<p><b><i>FABIANA TEIXEIRA DA SILVA PEREIRA<\/i><\/b><\/p>\n<p><b><i><\/i><\/b>&nbsp;<\/p>\n<p>Secret\u00e1ria Municipal de Educa\u00e7\u00e3o<\/p>\n<p>&nbsp;<\/p>\n<p>&nbsp;<\/p>\n<p><b><i>LILLYANE AM\u00c1LIA FERREIRA DE MENESES CRUZ<\/i><\/b><\/p>\n<p><b><i><\/i><\/b>&nbsp;<\/p>\n<p>Secret\u00e1ria Municipal de Sa\u00fade<\/p>\n<p>&nbsp;<\/p>\n<p>&nbsp;<\/p>\n<p><b><i>MARIA CAROLINE MENESES SALVIANO<\/i><\/b><\/p>\n<p><b><i><\/i><\/b>&nbsp;<\/p>\n<p>Secret\u00e1ria Municipal de Desenvolvimento Social, Pol\u00edticas para Mulheres e Habita\u00e7\u00e3o<\/p>\n<p>&nbsp;<\/p>\n<p>&nbsp;<\/p>\n<p><b><i>JMT SERVICOS DE LOCACAO DE MAO DE OBRA LTDA<\/i><\/b><\/p>\n<p><b><i><\/i><\/b>&nbsp;<\/p>\n<p>CNPJ: 07.442.731\/0001-36<\/p>\n<p>&nbsp;<\/p>\n<p>&nbsp;<\/p>\n<p><b><i>JONAS ALVES DA SILVA<\/i><\/b><\/p>\n<p><b><i><\/i><\/b>&nbsp;<\/p>\n<p>CPF n\u00ba XXX.755.XXX-53<\/p>\n<p>Contratada<\/p>\n<div align=\"right\">\n<b>Publicado por:<\/b><br \/>\nRobson Edson Fernandes da Silva<br \/>\n<b>C\u00f3digo Identificador:<\/b>CECED9B5<\/div>\n<p>&nbsp;<\/p>\n<hr \/>\n<p>Mat\u00e9ria publicada no Di\u00e1rio Oficial dos Munic\u00edpios do Estado do Rio Grande do Norte no dia 23\/03\/2026. Edi\u00e7\u00e3o 3755<br \/>\nA verifica\u00e7\u00e3o de autenticidade da mat\u00e9ria pode ser feita informando o c\u00f3digo identificador no site:<br \/>\nhttps:\/\/www.diariomunicipal.com.br\/femurn\/<\/p><\/div>\n<div class=\"pdfprnt-buttons pdfprnt-buttons-post pdfprnt-bottom-right\"><a href=\"https:\/\/lajes.rn.gov.br\/transparente\/index\/wp-json\/wp\/v2\/posts\/40206?print=pdf\" class=\"pdfprnt-button pdfprnt-button-pdf\" target=\"_blank\" ><img decoding=\"async\" src=\"https:\/\/lajes.rn.gov.br\/transparente\/index\/wp-content\/plugins\/pdf-print\/images\/pdf.png\" alt=\"image_pdf\" title=\"Ver PDF\" \/><\/a><a href=\"https:\/\/lajes.rn.gov.br\/transparente\/index\/wp-json\/wp\/v2\/posts\/40206?print=print\" class=\"pdfprnt-button pdfprnt-button-print\" target=\"_blank\" ><img decoding=\"async\" src=\"https:\/\/lajes.rn.gov.br\/transparente\/index\/wp-content\/plugins\/pdf-print\/images\/print.png\" alt=\"image_print\" title=\"Conte\u00fado de impress\u00e3o\" \/><\/a><\/div>","protected":false},"excerpt":{"rendered":"<p>ESTADO DO RIO GRANDE DO NORTE PREFEITURA MUNICIPAL DE LAJES GABINETE DO PREFEITO SEGUNDO TERMO ADITIVO DO CONTRATO ADMINISTRATIVO N\u00b0 22\/2025 &#8211; PRORROGA\u00c7\u00c3O DE PRAZO PROCESSO ADMINISTRATIVO N\u00b053\/02-2026 Preg\u00e3o\/Ades\u00e3o N\u00b0 02\/2025 &nbsp; SEGUNDO TERMO ADITIVO AO CONTRATO ADMINISTRATIVO N\u00ba 22\/2025, QUE FAZEM ENTRE SI O MUNIC\u00cdPIO DE LAJES\/RN, E A EMPRESA JMT SERVI\u00c7OS E LOCA\u00c7\u00c3O [&hellip;]<\/p>\n","protected":false},"author":3,"featured_media":0,"comment_status":"closed","ping_status":"closed","sticky":false,"template":"","format":"standard","meta":{"ocean_post_layout":"","ocean_both_sidebars_style":"","ocean_both_sidebars_content_width":0,"ocean_both_sidebars_sidebars_width":0,"ocean_sidebar":"0","ocean_second_sidebar":"0","ocean_disable_margins":"enable","ocean_add_body_class":"","ocean_shortcode_before_top_bar":"","ocean_shortcode_after_top_bar":"","ocean_shortcode_before_header":"","ocean_shortcode_after_header":"","ocean_has_shortcode":"","ocean_shortcode_after_title":"","ocean_shortcode_before_footer_widgets":"","ocean_shortcode_after_footer_widgets":"","ocean_shortcode_before_footer_bottom":"","ocean_shortcode_after_footer_bottom":"","ocean_display_top_bar":"default","ocean_display_header":"default","ocean_header_style":"","ocean_center_header_left_menu":"0","ocean_custom_header_template":"0","ocean_custom_logo":0,"ocean_custom_retina_logo":0,"ocean_custom_logo_max_width":0,"ocean_custom_logo_tablet_max_width":0,"ocean_custom_logo_mobile_max_width":0,"ocean_custom_logo_max_height":0,"ocean_custom_logo_tablet_max_height":0,"ocean_custom_logo_mobile_max_height":0,"ocean_header_custom_menu":"0","ocean_menu_typo_font_family":"0","ocean_menu_typo_font_subset":"","ocean_menu_typo_font_size":0,"ocean_menu_typo_font_size_tablet":0,"ocean_menu_typo_font_size_mobile":0,"ocean_menu_typo_font_size_unit":"px","ocean_menu_typo_font_weight":"","ocean_menu_typo_font_weight_tablet":"","ocean_menu_typo_font_weight_mobile":"","ocean_menu_typo_transform":"","ocean_menu_typo_transform_tablet":"","ocean_menu_typo_transform_mobile":"","ocean_menu_typo_line_height":0,"ocean_menu_typo_line_height_tablet":0,"ocean_menu_typo_line_height_mobile":0,"ocean_menu_typo_line_height_unit":"","ocean_menu_typo_spacing":0,"ocean_menu_typo_spacing_tablet":0,"ocean_menu_typo_spacing_mobile":0,"ocean_menu_typo_spacing_unit":"","ocean_menu_link_color":"","ocean_menu_link_color_hover":"","ocean_menu_link_color_active":"","ocean_menu_link_background":"","ocean_menu_link_hover_background":"","ocean_menu_link_active_background":"","ocean_menu_social_links_bg":"","ocean_menu_social_hover_links_bg":"","ocean_menu_social_links_color":"","ocean_menu_social_hover_links_color":"","ocean_disable_title":"default","ocean_disable_heading":"default","ocean_post_title":"","ocean_post_subheading":"","ocean_post_title_style":"","ocean_post_title_background_color":"","ocean_post_title_background":0,"ocean_post_title_bg_image_position":"","ocean_post_title_bg_image_attachment":"","ocean_post_title_bg_image_repeat":"","ocean_post_title_bg_image_size":"","ocean_post_title_height":0,"ocean_post_title_bg_overlay":0.5,"ocean_post_title_bg_overlay_color":"","ocean_disable_breadcrumbs":"default","ocean_breadcrumbs_color":"","ocean_breadcrumbs_separator_color":"","ocean_breadcrumbs_links_color":"","ocean_breadcrumbs_links_hover_color":"","ocean_display_footer_widgets":"default","ocean_display_footer_bottom":"default","ocean_custom_footer_template":"0","ocean_post_oembed":"","ocean_post_self_hosted_media":"","ocean_post_video_embed":"","ocean_link_format":"","ocean_link_format_target":"self","ocean_quote_format":"","ocean_quote_format_link":"post","ocean_gallery_link_images":"on","ocean_gallery_id":[],"footnotes":""},"categories":[76,257,3,102],"tags":[],"class_list":["post-40206","post","type-post","status-publish","format-standard","hentry","category-contratos","category-contratos-ou-ata-de-registro-de-preco-2026","category-licitacao","category-termo-aditivo","entry"],"_links":{"self":[{"href":"https:\/\/lajes.rn.gov.br\/transparente\/index\/wp-json\/wp\/v2\/posts\/40206","targetHints":{"allow":["GET"]}}],"collection":[{"href":"https:\/\/lajes.rn.gov.br\/transparente\/index\/wp-json\/wp\/v2\/posts"}],"about":[{"href":"https:\/\/lajes.rn.gov.br\/transparente\/index\/wp-json\/wp\/v2\/types\/post"}],"author":[{"embeddable":true,"href":"https:\/\/lajes.rn.gov.br\/transparente\/index\/wp-json\/wp\/v2\/users\/3"}],"replies":[{"embeddable":true,"href":"https:\/\/lajes.rn.gov.br\/transparente\/index\/wp-json\/wp\/v2\/comments?post=40206"}],"version-history":[{"count":1,"href":"https:\/\/lajes.rn.gov.br\/transparente\/index\/wp-json\/wp\/v2\/posts\/40206\/revisions"}],"predecessor-version":[{"id":40207,"href":"https:\/\/lajes.rn.gov.br\/transparente\/index\/wp-json\/wp\/v2\/posts\/40206\/revisions\/40207"}],"wp:attachment":[{"href":"https:\/\/lajes.rn.gov.br\/transparente\/index\/wp-json\/wp\/v2\/media?parent=40206"}],"wp:term":[{"taxonomy":"category","embeddable":true,"href":"https:\/\/lajes.rn.gov.br\/transparente\/index\/wp-json\/wp\/v2\/categories?post=40206"},{"taxonomy":"post_tag","embeddable":true,"href":"https:\/\/lajes.rn.gov.br\/transparente\/index\/wp-json\/wp\/v2\/tags?post=40206"}],"curies":[{"name":"wp","href":"https:\/\/api.w.org\/{rel}","templated":true}]}}