{"id":40204,"date":"2026-03-20T15:25:27","date_gmt":"2026-03-20T18:25:27","guid":{"rendered":"https:\/\/lajes.rn.gov.br\/transparente\/index\/?p=40204"},"modified":"2026-04-30T15:26:26","modified_gmt":"2026-04-30T18:26:26","slug":"segundo-termo-de-apostilamento-do-contrato-administrativo-no-17-2025","status":"publish","type":"post","link":"https:\/\/lajes.rn.gov.br\/transparente\/index\/segundo-termo-de-apostilamento-do-contrato-administrativo-no-17-2025\/","title":{"rendered":"SEGUNDO TERMO DE APOSTILAMENTO DO CONTRATO ADMINISTRATIVO N\u00ba 17\/2025"},"content":{"rendered":"<div id=\"separador\" class=\"cabecalhoEstadoSeparador cabecalhoEstadoSeparador1\">\n<p style=\"text-align: center;\"><strong>ESTADO DO RIO GRANDE DO NORTE<\/strong><br \/>\n<strong>PREFEITURA MUNICIPAL DE LAJES<\/strong><\/p>\n<\/div>\n<p class=\"cabecaorgao\" style=\"text-align: center;\"><strong>GABINETE DO PREFEITO<\/strong><\/p>\n<hr \/>\n<div id=\"materia\" class=\"materia materia20091123 materia1\">\n<p><strong>SEGUNDO TERMO DE APOSTILAMENTO DO CONTRATO ADMINISTRATIVO N\u00ba 17\/2025<\/strong><\/p>\n<div class=\"mat\"><b>Processo Administrativo para aditivo N\u00b0 38\/01-2026<\/b><\/div>\n<p><b>Preg\u00e3o Eletr\u00f4nico N\u00b0 02\/2025<\/b><\/p>\n<p>&nbsp;<\/p>\n<p>TERMO DE APOSTILAMENTO AO CONTRATO N\u00ba 17\/2025, QUE ENTRE SI CELEBRAM A PREFEITURA MUNICIPAL DE LAJES\/RN, E A COOPERATIVA DOS PROFISSIONAIS DA EDUCA\u00c7\u00c3O DO ESTADO DO RN \u2013 COOPEDU.<\/p>\n<p>&nbsp;<\/p>\n<p><b>O MUNIC\u00cdPIO DE LAJES\/RN<\/b>, pessoa jur\u00eddica de direito p\u00fablico, com sede administrativa \u00e0 Rua Ramiro Pereira da Silva, n\u00ba 17, centro \u2013 CEP: 59.535-000, devidamente inscrita no CNPJ\/MF, sob o n\u00ba. 08.113.466\/0001-05, neste ato representado, na forma de sua Lei Org\u00e2nica, pelo Prefeito Municipal o Sr.\u00a0<b>FELIPE FERREIRA DE MENEZES ARA\u00daJO<\/b>, brasileiro, residente \u00e0 Rua Vereador Mael Querino, n\u00ba 88 centro, Lajes\/RN \u2013 CEP: 59.535-000, portador do CPF n\u00ba XXX.085.XXX-27 e RG n\u00ba XXX.842.XXX \u2013 SSP\/RN, no uso de suas atribui\u00e7\u00f5es legais,<\/p>\n<p>&nbsp;<\/p>\n<p><b>RESOLVE:<\/b><\/p>\n<p>Com fundamento no art. 136, inciso I, da Lei n\u00ba 14.133\/2021, apostilar o Contrato n\u00ba 17\/2025, firmado com a\u00a0<b>COOPERATIVA DE TRABALHO DOS PROFISSIONAIS DA EDUCA\u00c7\u00c3O DO ESTADO DO RN \u2013 COOPEDU<\/b>, inscrita no CNPJ n\u00ba 35.537.126\/0001-84, sediado(a) Rua Projetada, n\u00ba 01, Loteamento Mirante do Trairi, Centro, Monte Alegre\/RN \u2013 CEP: 59.182-000, para fins de recomposi\u00e7\u00e3o do equil\u00edbrio econ\u00f4mico-financeiro, mediante repactua\u00e7\u00e3o, conforme as condi\u00e7\u00f5es a seguir:<b><\/b><\/p>\n<p>&nbsp;<\/p>\n<p>CL\u00c1USULA PRIMEIRA &#8211; DO OBJETO<\/p>\n<p>&nbsp;<\/p>\n<p>O presente Termo de Apostilamento tem por objeto a\u00a0<b>repactua\u00e7\u00e3o dos valores contratuais<\/b>, visando \u00e0 recomposi\u00e7\u00e3o do equil\u00edbrio econ\u00f4mico-financeiro do Contrato n\u00ba 17\/2025, em raz\u00e3o do aumento do sal\u00e1rio m\u00ednimo nacional, conforme Decreto Federal n\u00ba 12.797\/2025.<\/p>\n<p>&nbsp;<\/p>\n<p>CL\u00c1USULA SEGUNDA \u2013 DA JUSTIFICATIVA<\/p>\n<p>&nbsp;<\/p>\n<p>2.1. A presente repactua\u00e7\u00e3o decorre da eleva\u00e7\u00e3o do sal\u00e1rio m\u00ednimo nacional, que passou de R$ 1.518,00 para R$ 1.621,00 a partir de 1\u00ba de janeiro de 2026, impactando diretamente os custos de m\u00e3o de obra vinculados \u00e0 execu\u00e7\u00e3o contratual.<\/p>\n<p>2.2. A medida encontra respaldo no art. 6\u00ba, inciso LIX, e art. 135 da Lei n\u00ba 14.133\/2021, bem como no parecer jur\u00eddico constante dos autos.<\/p>\n<p>&nbsp;<\/p>\n<p>CL\u00c1USULA TERCEIRA \u2013 DO VALOR<\/p>\n<p>&nbsp;<\/p>\n<p>3.1. Em raz\u00e3o da repactua\u00e7\u00e3o, o valor do contrato passa de\u00a0<b>R$ 10.144.531,68 (dez milh\u00f5es, cento e quarenta e quatro mil, quinhentos e trinta e um reais e sessenta e oito centavos)<\/b>\u00a0para\u00a0<b>R$ 10.357.078,56 (dez milh\u00f5es, trezentos e cinquenta e sete mil, setenta e oito reais e cinquenta e seis centavos)<\/b>, conforme planilha de custos aprovada pelo setor competente, que passa a integrar o presente apostilamento.<\/p>\n<p>3.2. A recomposi\u00e7\u00e3o limita-se exclusivamente \u00e0s parcelas afetadas pela varia\u00e7\u00e3o do sal\u00e1rio m\u00ednimo, conforme demonstrado nas planilhas apresentadas e analisadas pela Administra\u00e7\u00e3o.<\/p>\n<p>&nbsp;<\/p>\n<p>CL\u00c1USULA QUARTA \u2013 DO PAGAMENTO E DA DOTA\u00c7\u00c3O OR\u00c7AMENT\u00c1RIA<\/p>\n<p>&nbsp;<\/p>\n<p>4.1. Os pagamentos ser\u00e3o realizados de acordo com a presta\u00e7\u00e3o dos servi\u00e7os descriminados nas Ordens de Servi\u00e7os emitidas pelo respons\u00e1vel desta Prefeitura Municipal.<\/p>\n<p>&nbsp;<\/p>\n<p>4.2. As despesas decorrentes do presente contrato correr\u00e3o por conta dos seguintes recursos consignados no Or\u00e7amento da Prefeitura Municipal de Lajes\/RN, relacionados abaixo:<\/p>\n<p>&nbsp;<\/p>\n<p>Und. Or\u00e7ament\u00e1ria 02.006 SECRETARIA MUNICIPAL DE EDUCACAO<\/p>\n<p>Fun\u00e7\u00e3o 12 EDUCA\u00c7\u00c3O<\/p>\n<p>Subfun\u00e7\u00e3o 365 EDUCA\u00c7\u00c3O INFANTIL<\/p>\n<p>Programa 0139 MANUTEN\u00c7\u00c3O DA EDUCA\u00c7\u00c3O INFANTIL<\/p>\n<p>A\u00e7\u00e3o 2036 MANUTENCAO DO ENSINO INFANTIL<\/p>\n<p>Natureza 339039 OUTROS SERVI\u00c7OS DE TERCEIROS \u2013 PESSOA JUR\u00cdDICA<\/p>\n<p>Fonte 15001001 RECURSOS N\u00c3O VINCULADOS DE IMPOSTOS &#8211; DESPESAS COM MANUTEN\u00c7\u00c3O E DESENVOLVIMENTO DO ENSINO<\/p>\n<p>Fonte 15400000 TRANSFER\u00caNCIAS DO FUNDEB &#8211; IMPOSTOS E TRANSFER\u00caNCIAS DE IMPOSTOS<\/p>\n<p>Regi\u00e3o 01 Lajes \/ RN<\/p>\n<p>&nbsp;<\/p>\n<p>Und. Or\u00e7ament\u00e1ria 02.006 SECRETARIA MUNICIPAL DE EDUCACAO<\/p>\n<p>Fun\u00e7\u00e3o 04 ADMINISTRA\u00c7\u00c3O<\/p>\n<p>Subfun\u00e7\u00e3o 122 ADMINISTRA\u00c7\u00c3O GERAL<\/p>\n<p>Programa 0101 ORGANIZACAO E MELHORIA DOS SERVICOS MUNICIPAIS<\/p>\n<p>A\u00e7\u00e3o 2029 MANUT. DA SECRETARIA MUNICIPAL DE EDUCA\u00c7\u00c3O<\/p>\n<p>Natureza 339039 OUTROS SERVI\u00c7OS DE TERCEIROS \u2013 PESSOA JUR\u00cdDICA<\/p>\n<p>Fonte 15001001 RECURSOS N\u00c3O VINCULADOS DE IMPOSTOS &#8211; DESPESAS COM MANUTEN\u00c7\u00c3O E DESENVOLVIMENTO DO ENSINO<\/p>\n<p>Regi\u00e3o 01 Lajes \/ RN<\/p>\n<p>&nbsp;<\/p>\n<p>Und. Or\u00e7ament\u00e1ria 02.006 SECRETARIA MUNICIPAL DE EDUCACAO<\/p>\n<p>Fun\u00e7\u00e3o 12 EDUCA\u00c7\u00c3O<\/p>\n<p>Subfun\u00e7\u00e3o 361 ENSINO FUNDAMENTAL<\/p>\n<p>Programa 0137 MANUTEN\u00c7\u00c3O DO ENSINO FUNDAMENTAL<\/p>\n<p>A\u00e7\u00e3o 2035 MANUTENCAO DO ENSINO FUNDAMENTAL Natureza 339039 OUTROS SERVI\u00c7OS DE TERCEIROS \u2013 PESSOA JUR\u00cdDICA<\/p>\n<p>Fonte 15001001 RECURSOS N\u00c3O VINCULADOS DE IMPOSTOS &#8211; DESPESAS COM MANUTEN\u00c7\u00c3O E DESENVOLVIMENTO DO ENSINO<\/p>\n<p>Regi\u00e3o 01 Lajes \/ RN<\/p>\n<p>&nbsp;<\/p>\n<p>CL\u00c1USULA QUINTA &#8211; DA RATIFICA\u00c7\u00c3O<\/p>\n<p>&nbsp;<\/p>\n<p>5.1. Ficam ratificadas as demais cl\u00e1usulas constantes no contrato original, n\u00e3o expressamente alteradas por este instrumento de aditamento.<\/p>\n<p>&nbsp;<\/p>\n<p>CL\u00c1USULA SEXTA \u2013 DOS EFEITOS FINANCEIROS<\/p>\n<p>&nbsp;<\/p>\n<p>6.1. Os efeitos financeiros da presente repactua\u00e7\u00e3o retroagem a\u00a0<b>01 de janeiro de 2026<\/b>, data de in\u00edcio da vig\u00eancia do novo sal\u00e1rio m\u00ednimo, conforme legisla\u00e7\u00e3o federal.<\/p>\n<p>&nbsp;<\/p>\n<p>CL\u00c1USULA S\u00c9TIMA \u2013 DAS CONDI\u00c7\u00d5ES GERAIS<\/p>\n<p>&nbsp;<\/p>\n<p>7.1. Ficam mantidas e ratificadas as demais cl\u00e1usulas e condi\u00e7\u00f5es do contrato origin\u00e1rio, naquilo que n\u00e3o contrariem o presente apostilamento.<\/p>\n<p>&nbsp;<\/p>\n<p>Lajes\/RN, em 19 de mar\u00e7o de 2026.<\/p>\n<p>&nbsp;<\/p>\n<p>&nbsp;<\/p>\n<p><b><i>FELIPE FERREIRA DE MENEZES ARAUJO<\/i><\/b><\/p>\n<p><b><i><\/i><\/b>&nbsp;<\/p>\n<p>Prefeito Municipal<\/p>\n<p>Contratante<\/p>\n<div align=\"right\">\n<b>Publicado por:<\/b><br \/>\nRobson Edson Fernandes da Silva<br \/>\n<b>C\u00f3digo Identificador:<\/b>E83EF51F<\/div>\n<p>&nbsp;<\/p>\n<hr \/>\n<p>Mat\u00e9ria publicada no Di\u00e1rio Oficial dos Munic\u00edpios do Estado do Rio Grande do Norte no dia 20\/03\/2026. Edi\u00e7\u00e3o 3754<br \/>\nA verifica\u00e7\u00e3o de autenticidade da mat\u00e9ria pode ser feita informando o c\u00f3digo identificador no site:<br \/>\nhttps:\/\/www.diariomunicipal.com.br\/femurn\/<\/p><\/div>\n<div class=\"pdfprnt-buttons pdfprnt-buttons-post pdfprnt-bottom-right\"><a href=\"https:\/\/lajes.rn.gov.br\/transparente\/index\/wp-json\/wp\/v2\/posts\/40204?print=pdf\" class=\"pdfprnt-button pdfprnt-button-pdf\" target=\"_blank\" ><img decoding=\"async\" src=\"https:\/\/lajes.rn.gov.br\/transparente\/index\/wp-content\/plugins\/pdf-print\/images\/pdf.png\" alt=\"image_pdf\" title=\"Ver PDF\" \/><\/a><a href=\"https:\/\/lajes.rn.gov.br\/transparente\/index\/wp-json\/wp\/v2\/posts\/40204?print=print\" class=\"pdfprnt-button pdfprnt-button-print\" target=\"_blank\" ><img decoding=\"async\" src=\"https:\/\/lajes.rn.gov.br\/transparente\/index\/wp-content\/plugins\/pdf-print\/images\/print.png\" alt=\"image_print\" title=\"Conte\u00fado de impress\u00e3o\" \/><\/a><\/div>","protected":false},"excerpt":{"rendered":"<p>ESTADO DO RIO GRANDE DO NORTE PREFEITURA MUNICIPAL DE LAJES GABINETE DO PREFEITO SEGUNDO TERMO DE APOSTILAMENTO DO CONTRATO ADMINISTRATIVO N\u00ba 17\/2025 Processo Administrativo para aditivo N\u00b0 38\/01-2026 Preg\u00e3o Eletr\u00f4nico N\u00b0 02\/2025 &nbsp; TERMO DE APOSTILAMENTO AO CONTRATO N\u00ba 17\/2025, QUE ENTRE SI CELEBRAM A PREFEITURA MUNICIPAL DE LAJES\/RN, E A COOPERATIVA DOS PROFISSIONAIS DA [&hellip;]<\/p>\n","protected":false},"author":3,"featured_media":0,"comment_status":"closed","ping_status":"closed","sticky":false,"template":"","format":"standard","meta":{"ocean_post_layout":"","ocean_both_sidebars_style":"","ocean_both_sidebars_content_width":0,"ocean_both_sidebars_sidebars_width":0,"ocean_sidebar":"0","ocean_second_sidebar":"0","ocean_disable_margins":"enable","ocean_add_body_class":"","ocean_shortcode_before_top_bar":"","ocean_shortcode_after_top_bar":"","ocean_shortcode_before_header":"","ocean_shortcode_after_header":"","ocean_has_shortcode":"","ocean_shortcode_after_title":"","ocean_shortcode_before_footer_widgets":"","ocean_shortcode_after_footer_widgets":"","ocean_shortcode_before_footer_bottom":"","ocean_shortcode_after_footer_bottom":"","ocean_display_top_bar":"default","ocean_display_header":"default","ocean_header_style":"","ocean_center_header_left_menu":"0","ocean_custom_header_template":"0","ocean_custom_logo":0,"ocean_custom_retina_logo":0,"ocean_custom_logo_max_width":0,"ocean_custom_logo_tablet_max_width":0,"ocean_custom_logo_mobile_max_width":0,"ocean_custom_logo_max_height":0,"ocean_custom_logo_tablet_max_height":0,"ocean_custom_logo_mobile_max_height":0,"ocean_header_custom_menu":"0","ocean_menu_typo_font_family":"0","ocean_menu_typo_font_subset":"","ocean_menu_typo_font_size":0,"ocean_menu_typo_font_size_tablet":0,"ocean_menu_typo_font_size_mobile":0,"ocean_menu_typo_font_size_unit":"px","ocean_menu_typo_font_weight":"","ocean_menu_typo_font_weight_tablet":"","ocean_menu_typo_font_weight_mobile":"","ocean_menu_typo_transform":"","ocean_menu_typo_transform_tablet":"","ocean_menu_typo_transform_mobile":"","ocean_menu_typo_line_height":0,"ocean_menu_typo_line_height_tablet":0,"ocean_menu_typo_line_height_mobile":0,"ocean_menu_typo_line_height_unit":"","ocean_menu_typo_spacing":0,"ocean_menu_typo_spacing_tablet":0,"ocean_menu_typo_spacing_mobile":0,"ocean_menu_typo_spacing_unit":"","ocean_menu_link_color":"","ocean_menu_link_color_hover":"","ocean_menu_link_color_active":"","ocean_menu_link_background":"","ocean_menu_link_hover_background":"","ocean_menu_link_active_background":"","ocean_menu_social_links_bg":"","ocean_menu_social_hover_links_bg":"","ocean_menu_social_links_color":"","ocean_menu_social_hover_links_color":"","ocean_disable_title":"default","ocean_disable_heading":"default","ocean_post_title":"","ocean_post_subheading":"","ocean_post_title_style":"","ocean_post_title_background_color":"","ocean_post_title_background":0,"ocean_post_title_bg_image_position":"","ocean_post_title_bg_image_attachment":"","ocean_post_title_bg_image_repeat":"","ocean_post_title_bg_image_size":"","ocean_post_title_height":0,"ocean_post_title_bg_overlay":0.5,"ocean_post_title_bg_overlay_color":"","ocean_disable_breadcrumbs":"default","ocean_breadcrumbs_color":"","ocean_breadcrumbs_separator_color":"","ocean_breadcrumbs_links_color":"","ocean_breadcrumbs_links_hover_color":"","ocean_display_footer_widgets":"default","ocean_display_footer_bottom":"default","ocean_custom_footer_template":"0","ocean_post_oembed":"","ocean_post_self_hosted_media":"","ocean_post_video_embed":"","ocean_link_format":"","ocean_link_format_target":"self","ocean_quote_format":"","ocean_quote_format_link":"post","ocean_gallery_link_images":"on","ocean_gallery_id":[],"footnotes":""},"categories":[76,257,3],"tags":[],"class_list":["post-40204","post","type-post","status-publish","format-standard","hentry","category-contratos","category-contratos-ou-ata-de-registro-de-preco-2026","category-licitacao","entry"],"_links":{"self":[{"href":"https:\/\/lajes.rn.gov.br\/transparente\/index\/wp-json\/wp\/v2\/posts\/40204","targetHints":{"allow":["GET"]}}],"collection":[{"href":"https:\/\/lajes.rn.gov.br\/transparente\/index\/wp-json\/wp\/v2\/posts"}],"about":[{"href":"https:\/\/lajes.rn.gov.br\/transparente\/index\/wp-json\/wp\/v2\/types\/post"}],"author":[{"embeddable":true,"href":"https:\/\/lajes.rn.gov.br\/transparente\/index\/wp-json\/wp\/v2\/users\/3"}],"replies":[{"embeddable":true,"href":"https:\/\/lajes.rn.gov.br\/transparente\/index\/wp-json\/wp\/v2\/comments?post=40204"}],"version-history":[{"count":1,"href":"https:\/\/lajes.rn.gov.br\/transparente\/index\/wp-json\/wp\/v2\/posts\/40204\/revisions"}],"predecessor-version":[{"id":40205,"href":"https:\/\/lajes.rn.gov.br\/transparente\/index\/wp-json\/wp\/v2\/posts\/40204\/revisions\/40205"}],"wp:attachment":[{"href":"https:\/\/lajes.rn.gov.br\/transparente\/index\/wp-json\/wp\/v2\/media?parent=40204"}],"wp:term":[{"taxonomy":"category","embeddable":true,"href":"https:\/\/lajes.rn.gov.br\/transparente\/index\/wp-json\/wp\/v2\/categories?post=40204"},{"taxonomy":"post_tag","embeddable":true,"href":"https:\/\/lajes.rn.gov.br\/transparente\/index\/wp-json\/wp\/v2\/tags?post=40204"}],"curies":[{"name":"wp","href":"https:\/\/api.w.org\/{rel}","templated":true}]}}