{"id":40199,"date":"2026-03-18T14:46:01","date_gmt":"2026-03-18T17:46:01","guid":{"rendered":"https:\/\/lajes.rn.gov.br\/transparente\/index\/?p=40199"},"modified":"2026-04-09T14:46:50","modified_gmt":"2026-04-09T17:46:50","slug":"julgamento-de-habilitacao-dispensa-de-licitacao-n-06-2026","status":"publish","type":"post","link":"https:\/\/lajes.rn.gov.br\/transparente\/index\/julgamento-de-habilitacao-dispensa-de-licitacao-n-06-2026\/","title":{"rendered":"JULGAMENTO DE HABILITA\u00c7\u00c3O &#8211; DISPENSA DE LICITA\u00c7\u00c3O N\u00b0 06\/2026"},"content":{"rendered":"<div id=\"separador\" class=\"cabecalhoEstadoSeparador cabecalhoEstadoSeparador1\">\n<p style=\"text-align: center;\"><strong>ESTADO DO RIO GRANDE DO NORTE<\/strong><br \/>\n<strong>PREFEITURA MUNICIPAL DE LAJES<\/strong><\/p>\n<\/div>\n<p class=\"cabecaorgao\" style=\"text-align: center;\"><strong>GABINETE DO PREFEITO<\/strong><\/p>\n<hr \/>\n<div id=\"materia\" class=\"materia materia20091123 materia1\">\n<p><strong>JULGAMENTO DE HABILITA\u00c7\u00c3O &#8211; DISPENSA DE LICITA\u00c7\u00c3O N\u00b0 06\/2026<\/strong><\/p>\n<div class=\"mat\"><\/div>\n<p>OBJETO: Contrata\u00e7\u00e3o de empresa para presta\u00e7\u00e3o de servi\u00e7os de assessoria administrativa, visando a gest\u00e3o e monitoramento de programas educacionais junto aos sistemas governamentais (SIMEC e FNDE), bem como o saneamento de pend\u00eancias e a otimiza\u00e7\u00e3o das rotinas operacionais da Secretaria Municipal de Educa\u00e7\u00e3o de Lajes\/RN.<\/p>\n<p>&nbsp;<\/p>\n<p>Ap\u00f3s an\u00e1lise da documenta\u00e7\u00e3o e das condi\u00e7\u00f5es apresentadas, e em observ\u00e2ncia ao disposto no art. 62 e seguintes da Lei n\u00ba 14.133\/21, bem como ao Aviso de Dispensa de Licita\u00e7\u00e3o e seus anexos, procede \u00e0 an\u00e1lise da documenta\u00e7\u00e3o apresentada pelas empresas para fins de habilita\u00e7\u00e3o:<\/p>\n<p>&nbsp;<\/p>\n<p>*A empresa\u00a0<b>57.775.341 MARCIO CASTILHO DOS SANTOS<\/b>, inscrita no CNPJ n\u00ba\u00a0<b>57.775.341\/0001-56<\/b>, apresentou atividades econ\u00f4micas incompat\u00edveis com o objeto da contrata\u00e7\u00e3o, em desacordo com o\u00a0<b>item 3.1<\/b>\u00a0<b>do Aviso de Dispensa<\/b>, que exige atua\u00e7\u00e3o no ramo pertinente. Ademais, n\u00e3o apresentou a Certid\u00e3o de Regularidade do FGTS (CRF), exigida para comprova\u00e7\u00e3o de regularidade fiscal junto \u00e0 Caixa Econ\u00f4mica Federal, conforme\u00a0<b>item 9.14<\/b>\u00a0. Verificou-se ainda que a Certid\u00e3o Federal foi apresentada em nome do CPF do propriet\u00e1rio, e n\u00e3o no CNPJ da empresa, contrariando as exig\u00eancias do instrumento convocat\u00f3rio. Assim, por n\u00e3o atender integralmente \u00e0s exig\u00eancias, e com fundamento nos\u00a0<b>itens 9.1 e 9.1.1<\/b>\u00a0do Aviso de Dispensa, a empresa \u00e9 declarada\u00a0<b>INABILITADA<\/b>\u00a0no presente procedimento;<\/p>\n<p>&nbsp;<\/p>\n<p>*A empresa\u00a0<b>ALFA SERVI\u00c7OS EMPRESARIAIS LTDA<\/b>, inscrita no CNPJ n\u00ba\u00a0<b>40.783.433\/0001-85<\/b>, apresentou atividades econ\u00f4micas incompat\u00edveis com o objeto da contrata\u00e7\u00e3o, em desacordo com o\u00a0<b>item 3.1 do Aviso de Dispensa<\/b>, que exige atua\u00e7\u00e3o no ramo pertinente. Ademais, n\u00e3o apresentou documento de identifica\u00e7\u00e3o do respons\u00e1vel legal (RG e CPF), bem como deixou de apresentar a declara\u00e7\u00e3o de que n\u00e3o emprega menor de 18 anos em trabalho noturno, perigoso ou insalubre, nem menor de 16 anos, em desacordo com as exig\u00eancias previstas no\u00a0<b>item 9.14.5 do Termo de Refer\u00eancia<\/b>\u00a0. Assim, por n\u00e3o atender integralmente \u00e0s exig\u00eancias do instrumento convocat\u00f3rio, e com fundamento nos\u00a0<b>itens 9.1 e 9.1.1 do Aviso de Dispensa<\/b>, a empresa \u00e9 declarada\u00a0<b>INABILITADA<\/b>\u00a0no presente procedimento;<\/p>\n<p>&nbsp;<\/p>\n<p>*A empresa\u00a0<b>AGIR CONSULTORIA E ASSESSORIA LTDA<\/b>, CNPJ:\u00a0<b>41.922.079\/0001-95<\/b>, apresentou toda a documenta\u00e7\u00e3o exigida, atendendo aos requisitos legais e edital\u00edcios, sendo, portanto, considerada\u00a0<b>HABILITADA<\/b>\u00a0para a contrata\u00e7\u00e3o;<\/p>\n<p>&nbsp;<\/p>\n<p>O julgamento fundamentou-se na\u00a0<b>verifica\u00e7\u00e3o da regularidade jur\u00eddica, fiscal e trabalhista<\/b>\u00a0conforme o Aviso de Dispensa e o termo de refer\u00eancia.<\/p>\n<p>Ressalta-se que, inicialmente, a an\u00e1lise de habilita\u00e7\u00e3o recaiu sobre a documenta\u00e7\u00e3o apresentada pela primeira empresa classificada no certame, em estrita observ\u00e2ncia \u00e0 ordem de classifica\u00e7\u00e3o estabelecida no procedimento. Diante da inabilita\u00e7\u00e3o da referida empresa, procedeu-se, de forma sucessiva e conforme previsto no Aviso de Dispensa de Licita\u00e7\u00e3o e na Lei n\u00ba 14.133\/2021, \u00e0 convoca\u00e7\u00e3o e an\u00e1lise da documenta\u00e7\u00e3o das empresas subsequentes, respeitando-se rigorosamente a ordem classificat\u00f3ria, o que efetivamente ocorreu no presente caso, at\u00e9 a identifica\u00e7\u00e3o de empresa que atendesse integralmente \u00e0s exig\u00eancias habilitat\u00f3rias.<\/p>\n<p>&nbsp;<\/p>\n<p>QUADRO RESUMO:<\/p>\n<p>&nbsp;<\/p>\n<table class=\"mat\" border=\"1\" cellspacing=\"0\" cellpadding=\"0\" align=\"left\">\n<tbody>\n<tr>\n<td width=\"21%\"><b>CLASSIFICA\u00c7\u00c3O<\/b><\/td>\n<td width=\"57%\"><b>LICITANTES<\/b><\/td>\n<td width=\"20%\"><b>SITUA\u00c7\u00c3O<\/b><\/td>\n<\/tr>\n<tr>\n<td width=\"21%\">01<\/td>\n<td width=\"57%\">57.775.341 MARCIO CASTILHO DOS SANTOS<\/td>\n<td width=\"20%\">INABILITADA<\/td>\n<\/tr>\n<tr>\n<td width=\"21%\">02<\/td>\n<td width=\"57%\">ALFA SERVICOS EMPRESARIAIS LTDA<\/td>\n<td width=\"20%\">INABILITADA<\/td>\n<\/tr>\n<tr>\n<td width=\"21%\"><b>03<\/b><\/td>\n<td width=\"57%\"><b>AGIR CONSULTORIA E ASSESSORIA LTDA<\/b><\/td>\n<td width=\"20%\"><b>HABILITADA<\/b><\/td>\n<\/tr>\n<tr>\n<td width=\"21%\">04<\/td>\n<td width=\"57%\">JG FROM HOME SERVICOS ESPECIALIZADOS LTDA<\/td>\n<td width=\"20%\">&#8212;<\/td>\n<\/tr>\n<tr>\n<td width=\"21%\">05<\/td>\n<td width=\"57%\">LUCIANO NERES RODRIGUES<\/td>\n<td width=\"20%\">&#8212;<\/td>\n<\/tr>\n<tr>\n<td width=\"21%\">06<\/td>\n<td width=\"57%\">59.775.795 ELIKA BETHANIA DA SILVA MOURA DE LIMA<\/td>\n<td width=\"20%\">&#8212;<\/td>\n<\/tr>\n<\/tbody>\n<\/table>\n<p>Lajes\/RN, em 18 de mar\u00e7o de 2026.<\/p>\n<p>&nbsp;<\/p>\n<p><b><i>RAFAEL ANDERSON DE ARA\u00daJO SILVA<\/i><\/b><\/p>\n<p>Agente de Contrata\u00e7\u00e3o<\/p>\n<div align=\"right\">\n<b>Publicado por:<\/b><br \/>\nRobson Edson Fernandes da Silva<br \/>\n<b>C\u00f3digo Identificador:<\/b>C2795753<\/div>\n<p>&nbsp;<\/p>\n<hr \/>\n<p>Mat\u00e9ria publicada no Di\u00e1rio Oficial dos Munic\u00edpios do Estado do Rio Grande do Norte no dia 19\/03\/2026. Edi\u00e7\u00e3o 3753<br \/>\nA verifica\u00e7\u00e3o de autenticidade da mat\u00e9ria pode ser feita informando o c\u00f3digo identificador no site:<br \/>\nhttps:\/\/www.diariomunicipal.com.br\/femurn\/<\/p><\/div>\n<div class=\"pdfprnt-buttons pdfprnt-buttons-post pdfprnt-bottom-right\"><a href=\"https:\/\/lajes.rn.gov.br\/transparente\/index\/wp-json\/wp\/v2\/posts\/40199?print=pdf\" class=\"pdfprnt-button pdfprnt-button-pdf\" target=\"_blank\" ><img decoding=\"async\" src=\"https:\/\/lajes.rn.gov.br\/transparente\/index\/wp-content\/plugins\/pdf-print\/images\/pdf.png\" alt=\"image_pdf\" title=\"Ver PDF\" \/><\/a><a href=\"https:\/\/lajes.rn.gov.br\/transparente\/index\/wp-json\/wp\/v2\/posts\/40199?print=print\" class=\"pdfprnt-button pdfprnt-button-print\" target=\"_blank\" ><img decoding=\"async\" src=\"https:\/\/lajes.rn.gov.br\/transparente\/index\/wp-content\/plugins\/pdf-print\/images\/print.png\" alt=\"image_print\" title=\"Conte\u00fado de impress\u00e3o\" \/><\/a><\/div>","protected":false},"excerpt":{"rendered":"<p>ESTADO DO RIO GRANDE DO NORTE PREFEITURA MUNICIPAL DE LAJES GABINETE DO PREFEITO JULGAMENTO DE HABILITA\u00c7\u00c3O &#8211; DISPENSA DE LICITA\u00c7\u00c3O N\u00b0 06\/2026 OBJETO: Contrata\u00e7\u00e3o de empresa para presta\u00e7\u00e3o de servi\u00e7os de assessoria administrativa, visando a gest\u00e3o e monitoramento de programas educacionais junto aos sistemas governamentais (SIMEC e FNDE), bem como o saneamento de pend\u00eancias e [&hellip;]<\/p>\n","protected":false},"author":3,"featured_media":0,"comment_status":"closed","ping_status":"closed","sticky":false,"template":"","format":"standard","meta":{"ocean_post_layout":"","ocean_both_sidebars_style":"","ocean_both_sidebars_content_width":0,"ocean_both_sidebars_sidebars_width":0,"ocean_sidebar":"0","ocean_second_sidebar":"0","ocean_disable_margins":"enable","ocean_add_body_class":"","ocean_shortcode_before_top_bar":"","ocean_shortcode_after_top_bar":"","ocean_shortcode_before_header":"","ocean_shortcode_after_header":"","ocean_has_shortcode":"","ocean_shortcode_after_title":"","ocean_shortcode_before_footer_widgets":"","ocean_shortcode_after_footer_widgets":"","ocean_shortcode_before_footer_bottom":"","ocean_shortcode_after_footer_bottom":"","ocean_display_top_bar":"default","ocean_display_header":"default","ocean_header_style":"","ocean_center_header_left_menu":"0","ocean_custom_header_template":"0","ocean_custom_logo":0,"ocean_custom_retina_logo":0,"ocean_custom_logo_max_width":0,"ocean_custom_logo_tablet_max_width":0,"ocean_custom_logo_mobile_max_width":0,"ocean_custom_logo_max_height":0,"ocean_custom_logo_tablet_max_height":0,"ocean_custom_logo_mobile_max_height":0,"ocean_header_custom_menu":"0","ocean_menu_typo_font_family":"0","ocean_menu_typo_font_subset":"","ocean_menu_typo_font_size":0,"ocean_menu_typo_font_size_tablet":0,"ocean_menu_typo_font_size_mobile":0,"ocean_menu_typo_font_size_unit":"px","ocean_menu_typo_font_weight":"","ocean_menu_typo_font_weight_tablet":"","ocean_menu_typo_font_weight_mobile":"","ocean_menu_typo_transform":"","ocean_menu_typo_transform_tablet":"","ocean_menu_typo_transform_mobile":"","ocean_menu_typo_line_height":0,"ocean_menu_typo_line_height_tablet":0,"ocean_menu_typo_line_height_mobile":0,"ocean_menu_typo_line_height_unit":"","ocean_menu_typo_spacing":0,"ocean_menu_typo_spacing_tablet":0,"ocean_menu_typo_spacing_mobile":0,"ocean_menu_typo_spacing_unit":"","ocean_menu_link_color":"","ocean_menu_link_color_hover":"","ocean_menu_link_color_active":"","ocean_menu_link_background":"","ocean_menu_link_hover_background":"","ocean_menu_link_active_background":"","ocean_menu_social_links_bg":"","ocean_menu_social_hover_links_bg":"","ocean_menu_social_links_color":"","ocean_menu_social_hover_links_color":"","ocean_disable_title":"default","ocean_disable_heading":"default","ocean_post_title":"","ocean_post_subheading":"","ocean_post_title_style":"","ocean_post_title_background_color":"","ocean_post_title_background":0,"ocean_post_title_bg_image_position":"","ocean_post_title_bg_image_attachment":"","ocean_post_title_bg_image_repeat":"","ocean_post_title_bg_image_size":"","ocean_post_title_height":0,"ocean_post_title_bg_overlay":0.5,"ocean_post_title_bg_overlay_color":"","ocean_disable_breadcrumbs":"default","ocean_breadcrumbs_color":"","ocean_breadcrumbs_separator_color":"","ocean_breadcrumbs_links_color":"","ocean_breadcrumbs_links_hover_color":"","ocean_display_footer_widgets":"default","ocean_display_footer_bottom":"default","ocean_custom_footer_template":"0","ocean_post_oembed":"","ocean_post_self_hosted_media":"","ocean_post_video_embed":"","ocean_link_format":"","ocean_link_format_target":"self","ocean_quote_format":"","ocean_quote_format_link":"post","ocean_gallery_link_images":"on","ocean_gallery_id":[],"footnotes":""},"categories":[84,254,3],"tags":[],"class_list":["post-40199","post","type-post","status-publish","format-standard","hentry","category-dispensa-de-licitacao","category-dispensa-de-licitacao-2026","category-licitacao","entry"],"_links":{"self":[{"href":"https:\/\/lajes.rn.gov.br\/transparente\/index\/wp-json\/wp\/v2\/posts\/40199","targetHints":{"allow":["GET"]}}],"collection":[{"href":"https:\/\/lajes.rn.gov.br\/transparente\/index\/wp-json\/wp\/v2\/posts"}],"about":[{"href":"https:\/\/lajes.rn.gov.br\/transparente\/index\/wp-json\/wp\/v2\/types\/post"}],"author":[{"embeddable":true,"href":"https:\/\/lajes.rn.gov.br\/transparente\/index\/wp-json\/wp\/v2\/users\/3"}],"replies":[{"embeddable":true,"href":"https:\/\/lajes.rn.gov.br\/transparente\/index\/wp-json\/wp\/v2\/comments?post=40199"}],"version-history":[{"count":1,"href":"https:\/\/lajes.rn.gov.br\/transparente\/index\/wp-json\/wp\/v2\/posts\/40199\/revisions"}],"predecessor-version":[{"id":40200,"href":"https:\/\/lajes.rn.gov.br\/transparente\/index\/wp-json\/wp\/v2\/posts\/40199\/revisions\/40200"}],"wp:attachment":[{"href":"https:\/\/lajes.rn.gov.br\/transparente\/index\/wp-json\/wp\/v2\/media?parent=40199"}],"wp:term":[{"taxonomy":"category","embeddable":true,"href":"https:\/\/lajes.rn.gov.br\/transparente\/index\/wp-json\/wp\/v2\/categories?post=40199"},{"taxonomy":"post_tag","embeddable":true,"href":"https:\/\/lajes.rn.gov.br\/transparente\/index\/wp-json\/wp\/v2\/tags?post=40199"}],"curies":[{"name":"wp","href":"https:\/\/api.w.org\/{rel}","templated":true}]}}