{"id":40193,"date":"2026-03-16T14:42:14","date_gmt":"2026-03-16T17:42:14","guid":{"rendered":"https:\/\/lajes.rn.gov.br\/transparente\/index\/?p=40193"},"modified":"2026-04-09T14:43:03","modified_gmt":"2026-04-09T17:43:03","slug":"segundo-termo-aditivo-do-contrato-administrativo-n-17-2025-aditivo-de-valor","status":"publish","type":"post","link":"https:\/\/lajes.rn.gov.br\/transparente\/index\/segundo-termo-aditivo-do-contrato-administrativo-n-17-2025-aditivo-de-valor\/","title":{"rendered":"SEGUNDO TERMO ADITIVO DO CONTRATO ADMINISTRATIVO N\u00b0 17\/2025 \u2013 ADITIVO DE VALOR*"},"content":{"rendered":"<div id=\"separador\" class=\"cabecalhoEstadoSeparador cabecalhoEstadoSeparador1\">\n<p style=\"text-align: center;\"><strong>ESTADO DO RIO GRANDE DO NORTE<\/strong><br \/>\n<strong>PREFEITURA MUNICIPAL DE LAJES<\/strong><\/p>\n<\/div>\n<p class=\"cabecaorgao\" style=\"text-align: center;\"><strong>GABINETE DO PREFEITO<\/strong><\/p>\n<hr \/>\n<div id=\"materia\" class=\"materia materia20091123 materia1\">\n<p><strong>SEGUNDO TERMO ADITIVO DO CONTRATO ADMINISTRATIVO N\u00b0 17\/2025 \u2013 ADITIVO DE VALOR*<\/strong><\/p>\n<div class=\"mat\"><\/div>\n<p><b>PROCESSO ADMINISTRATIVO N\u00b0 57\/02-2026<\/b><\/p>\n<p><b>Preg\u00e3o Eletr\u00f4nico N\u00b0 02\/2025<\/b><\/p>\n<p>&nbsp;<\/p>\n<p>TERMO ADITIVO AO CONTRATO ADMINISTRATIVO N\u00ba 17\/2025, QUE FAZEM ENTRE SI O MUNIC\u00cdPIO DE LAJES\/RN, E A COOPERATIVA DOS PROFISSIONAIS DA EDUCA\u00c7\u00c3O DO ESTADO DO RN &#8211; COOPEDU.<\/p>\n<p>&nbsp;<\/p>\n<p>Pelo presente instrumento contratual onde de um lado<b>\u00a0O MUNIC\u00cdPIO DE LAJES\/RN<\/b>, pessoa jur\u00eddica de direito p\u00fablico, com sede administrativa \u00e0 Rua Ramiro Pereira da Silva, n\u00ba 17, centro \u2013 CEP: 59.535-000, devidamente inscrita no CNPJ\/MF, sob o n\u00ba. 08.113.466\/0001-05, neste ato representado, na forma de sua Lei Org\u00e2nica, pelo Prefeito Municipal o Sr.\u00a0<b>FELIPE<\/b>\u00a0<b>FERREIRA DE MENEZES ARA\u00daJO<\/b>, portador da Carteira de Identidade n\u00ba XXX.842.XXX expedida por SSP\/RN, e inscrito no CPF n\u00ba XXX.085.XXX-27, atrav\u00e9s da Secretaria Municipal de Educa\u00e7\u00e3o, doravante denominado CONTRATANTE, e a\u00a0<b>COOPERATIVA DE TRABALHO DOS PROFISSIONAIS DA EDUCACAO DO ESTADO DO RN \u2013 COOPEDU<\/b>, inscrito(a) no CNPJ\/MF sob o n\u00ba 35.537.126\/0001-84, sediado(a) Rua Projetada, n\u00ba 01, Loteamento Mirante do Trairi, Centro, Monte Alegre\/RN \u2013 CEP: 59.182-000, neste ato representado por\u00a0<b>ALEXANDRE SOARES GOMES<\/b>, portador da Carteira de Identidade n\u00ba XXX.190.XXX expedida por SSP\/RN, e inscrito no CPF n\u00ba XXX.106.XXX-70, que exerce a fun\u00e7\u00e3o de Presidente, conforme consta no ato constitutivo da empresa<b>,<\/b>\u00a0tendo em vista o que consta no Processo n\u00ba 57\/02-2026, e em observ\u00e2ncia \u00e0s disposi\u00e7\u00f5es da Lei n\u00ba 14.133, de 1\u00ba de abril de 2021, e demais legisla\u00e7\u00e3o aplic\u00e1vel, resolvem celebrar o presente\u00a0<b>Termo Aditivo de valor<\/b>, mediante as cl\u00e1usulas e condi\u00e7\u00f5es a seguir enunciadas.<\/p>\n<p>&nbsp;<\/p>\n<p>CL\u00c1USULA PRIMEIRA \u2013 OBJETO<\/p>\n<p>O presente termo aditivo tem por objeto o Acr\u00e9scimo de\u00a0<b>17,47<\/b>% (dezessete v\u00edrgula quarenta e sete por cento) do valor inicial atualizado do Contrato, com fundamento no art.\u00a0<b>124, I, b<\/b>, da Lei 14.133, de 2021.<\/p>\n<p>CL\u00c1USULA SEGUNDA \u2013 PRE\u00c7O<\/p>\n<p>&nbsp;<\/p>\n<p>Em raz\u00e3o das altera\u00e7\u00f5es promovidas por meio do presente Termo Aditivo, fica acrescido ao contrato o valor de\u00a0<b>R$ 1.508.748,00 (um milh\u00e3o, quinhentos e oito mil, setecentos e quarenta e oito reais)<\/b>, correspondente a\u00a0<b>17,47% (dezessete v\u00edrgula quarenta e sete por cento)<\/b>\u00a0do valor inicialmente contratado.<\/p>\n<p>Dessa forma, o valor global do contrato, que era de\u00a0<b>R$ 8.635.783,68 (oito milh\u00f5es, seiscentos e trinta e cinco mil, setecentos e oitenta e tr\u00eas reais e sessenta e oito centavos)<\/b>, passar\u00e1 a ser de\u00a0<b>R$ 10.144.531,68 (dez milh\u00f5es, cento e quarenta e quatro mil, quinhentos e trinta e um reais e sessenta e oito centavos)<\/b>.<\/p>\n<p>O acr\u00e9scimo quantitativo refere-se\u00a0<b>exclusivamente aos cargos abaixo relacionados<\/b>, conforme demonstrado na tabela a seguir:<\/p>\n<table class=\"mat\" border=\"1\" cellspacing=\"0\" cellpadding=\"0\" align=\"left\">\n<tbody>\n<tr>\n<td width=\"272\"><b>Descri\u00e7\u00e3o do objeto<\/b><\/td>\n<td width=\"85\"><b>Unidade de medida<\/b><\/td>\n<td width=\"81\"><b>Quant. Inicial<\/b><\/td>\n<td width=\"80\"><b>Quant. Acrescida<\/b><\/td>\n<td width=\"94\"><b>Quant. Ap\u00f3s Aditivo<\/b><\/td>\n<\/tr>\n<tr>\n<td width=\"272\">AUXILIAR DE SERVI\u00c7OS GERAIS<\/td>\n<td width=\"85\">POSTO<\/td>\n<td width=\"81\">24<\/td>\n<td width=\"80\">4<\/td>\n<td width=\"94\">28<\/td>\n<\/tr>\n<tr>\n<td width=\"272\">MANIPULADOR(A) DE ALIMENTOS<\/td>\n<td width=\"85\">POSTO<\/td>\n<td width=\"81\">32<\/td>\n<td width=\"80\">4<\/td>\n<td width=\"94\">36<\/td>\n<\/tr>\n<tr>\n<td width=\"272\">PORTEIRO DIURNO<\/td>\n<td width=\"85\">POSTO<\/td>\n<td width=\"81\">16<\/td>\n<td width=\"80\">1<\/td>\n<td width=\"94\">17<\/td>\n<\/tr>\n<tr>\n<td width=\"272\">PROFESSOR\/PEDAGOGO<\/td>\n<td width=\"85\">POSTO<\/td>\n<td width=\"81\">50<\/td>\n<td width=\"80\">12<\/td>\n<td width=\"94\">62<\/td>\n<\/tr>\n<tr>\n<td width=\"272\">EQUIPE MULTIPROFISSIONAL<\/td>\n<td width=\"85\">POSTO<\/td>\n<td width=\"81\">5<\/td>\n<td width=\"80\">1<\/td>\n<td width=\"94\">6<\/td>\n<\/tr>\n<tr>\n<td width=\"272\">CUIDADORES\/AUXILIARES\/MONITORES<\/td>\n<td width=\"85\">POSTO<\/td>\n<td width=\"81\">70<\/td>\n<td width=\"80\">17<\/td>\n<td width=\"94\">87<\/td>\n<\/tr>\n<\/tbody>\n<\/table>\n<p>O valor acima \u00e9 meramente estimativo, de forma que os pagamentos devidos ao CONTRATADO depender\u00e3o dos quantitativos efetivamente prestados.<\/p>\n<p>CL\u00c1USULA TERCEIRA \u2013 DOTA\u00c7\u00c3O OR\u00c7AMENT\u00c1RIA<\/p>\n<p>&nbsp;<\/p>\n<p>As despesas decorrentes do presente termo aditivo correr\u00e3o \u00e0 conta de recursos espec\u00edficos consignados no Or\u00e7amento Geral da Uni\u00e3o deste exerc\u00edcio, na dota\u00e7\u00e3o abaixo discriminada:<\/p>\n<p>Und. Or\u00e7ament\u00e1ria: 02.006 \u2013 SECRETARIA MUNICIPAL DE EDUCACAO<\/p>\n<p>Fun\u00e7\u00e3o: 12 \u2013 EDUCA\u00c7\u00c3O<\/p>\n<p>Subfun\u00e7\u00e3o: 365 \u2013 EDUCA\u00c7\u00c3O INFANTIL<\/p>\n<p>Programa: 0139 \u2013 MANUTEN\u00c7\u00c3O DA EDUCA\u00c7\u00c3O INFANTIL<\/p>\n<p>A\u00e7\u00e3o: 2036 \u2013 MANUTENCAO DO ENSINO INFANTIL<\/p>\n<p>Natureza: 339039 \u2013 OUTROS SERVI\u00c7OS DE TERCEIROS \u2013 PESSOA JUR\u00cdDICA<\/p>\n<p>Fonte: 15001001 \u2013 RECURSOS N\u00c3O VINCULADOS DE IMPOSTOS &#8211; DESPESAS COM MANUTEN\u00c7\u00c3O E DESENVOLVIMENTO DO ENSINO<\/p>\n<p>Fonte: 15400000 \u2013 TRANSFER\u00caNCIAS DO FUNDEB &#8211; IMPOSTOS E TRANSFER\u00caNCIAS DE IMPOSTOS<\/p>\n<p>Regi\u00e3o: 01 \u2013 Lajes\/RN<\/p>\n<p>&nbsp;<\/p>\n<p>Und. Or\u00e7ament\u00e1ria:02.006 \u2013 SECRETARIA MUNICIPAL DE EDUCACAO<\/p>\n<p>Fun\u00e7\u00e3o: 04 \u2013 ADMINISTRA\u00c7\u00c3O<\/p>\n<p>Subfun\u00e7\u00e3o: 122 \u2013 ADMINISTRA\u00c7\u00c3O GERAL<\/p>\n<p>Programa: 0101 \u2013 ORGANIZACAO E MELHORIA DOS SERVICOS MUNICIPAIS<\/p>\n<p>A\u00e7\u00e3o: 2029 \u2013 MANUT. DA SECRETARIA MUNICIPAL DE EDUCA\u00c7\u00c3O<\/p>\n<p>Natureza: 339039 \u2013 OUTROS SERVI\u00c7OS DE TERCEIROS \u2013 PESSOA JUR\u00cdDICA<\/p>\n<p>Fonte: 15001001 \u2013 RECURSOS N\u00c3O VINCULADOS DE IMPOSTOS &#8211; DESPESAS COM MANUTEN\u00c7\u00c3O E DESENVOLVIMENTO DO ENSINO<\/p>\n<p>Regi\u00e3o: 01 \u2013 Lajes\/RN<\/p>\n<p>&nbsp;<\/p>\n<p>Und. Or\u00e7ament\u00e1ria: 02.006 \u2013 SECRETARIA MUNICIPAL DE EDUCACAO<\/p>\n<p>Fun\u00e7\u00e3o: 12 \u2013 EDUCA\u00c7\u00c3O<\/p>\n<p>Subfun\u00e7\u00e3o: 361 \u2013 ENSINO FUNDAMENTAL<\/p>\n<p>Programa: 0137 \u2013 MANUTEN\u00c7\u00c3O DO ENSINO FUNDAMENTAL<\/p>\n<p>A\u00e7\u00e3o: 2035 \u2013 MANUTENCAO DO ENSINO FUNDAMENTAL<\/p>\n<p>Natureza: 339039 \u2013 OUTROS SERVI\u00c7OS DE TERCEIROS \u2013 PESSOA JUR\u00cdDICA<\/p>\n<p>Fonte: 15001001 \u2013 RECURSOS N\u00c3O VINCULADOS DE IMPOSTOS &#8211; DESPESAS COM MANUTEN\u00c7\u00c3O E DESENVOLVIMENTO DO ENSINO<\/p>\n<p>Regi\u00e3o: 01 \u2013 Lajes\/RN<\/p>\n<p>&nbsp;<\/p>\n<p>CL\u00c1USULA QUARTA \u2013 PRODU\u00c7\u00c3O DE EFEITOS<\/p>\n<p>&nbsp;<\/p>\n<p>O presente termo aditivo produzir\u00e1 efeitos a partir de 16 de mar\u00e7o de 2026.<\/p>\n<p>&nbsp;<\/p>\n<p>CL\u00c1USULA QUINTA \u2013 RATIFICA\u00c7\u00c3O<\/p>\n<p>&nbsp;<\/p>\n<p>Ficam mantidas e ratificadas as demais cl\u00e1usulas e condi\u00e7\u00f5es do contrato origin\u00e1rio, naquilo que n\u00e3o contrariem o presente termo aditivo.<\/p>\n<p>&nbsp;<\/p>\n<p>CL\u00c1USULA SEXTA \u2013 PUBLICA\u00c7\u00c3O<\/p>\n<p>6.1. Incumbir\u00e1 ao contratante divulgar o presente instrumento no Portal Nacional de Contrata\u00e7\u00f5es P\u00fablicas (PNCP), na forma prevista no art. 94 da Lei n\u00ba 14.133, de 2021, bem como no respectivo s\u00edtio oficial na Internet, em aten\u00e7\u00e3o ao art. 91, caput, da Lei n\u00ba 14.133, de 2021, e ao art. 8\u00ba, \u00a72\u00ba, da Lei n\u00ba 12.527, de 2011, c\/c art. 7\u00ba, \u00a73\u00ba, inciso V, do Decreto n\u00ba 7.724, de 2012.<\/p>\n<p>&nbsp;<\/p>\n<p>Lajes\/RN, em 16 de mar\u00e7o de 2026.<\/p>\n<p>&nbsp;<\/p>\n<p><b><i>FELIPE FERREIRA DE MENEZES ARAUJO<\/i><\/b><\/p>\n<p>Prefeito Municipal<\/p>\n<p>Contratante<\/p>\n<p>&nbsp;<\/p>\n<p><b>*REPUBLICADO POR INCORRE\u00c7\u00c3O<\/b><\/p>\n<div align=\"right\">\n<b>Publicado por:<\/b><br \/>\nRobson Edson Fernandes da Silva<br \/>\n<b>C\u00f3digo Identificador:<\/b>E6AAC948<\/div>\n<p>&nbsp;<\/p>\n<hr \/>\n<p>Mat\u00e9ria publicada no Di\u00e1rio Oficial dos Munic\u00edpios do Estado do Rio Grande do Norte no dia 19\/03\/2026. Edi\u00e7\u00e3o 3753<br \/>\nA verifica\u00e7\u00e3o de autenticidade da mat\u00e9ria pode ser feita informando o c\u00f3digo identificador no site:<br \/>\nhttps:\/\/www.diariomunicipal.com.br\/femurn\/<\/p><\/div>\n<div class=\"pdfprnt-buttons pdfprnt-buttons-post pdfprnt-bottom-right\"><a href=\"https:\/\/lajes.rn.gov.br\/transparente\/index\/wp-json\/wp\/v2\/posts\/40193?print=pdf\" class=\"pdfprnt-button pdfprnt-button-pdf\" target=\"_blank\" ><img decoding=\"async\" src=\"https:\/\/lajes.rn.gov.br\/transparente\/index\/wp-content\/plugins\/pdf-print\/images\/pdf.png\" alt=\"image_pdf\" title=\"Ver PDF\" \/><\/a><a href=\"https:\/\/lajes.rn.gov.br\/transparente\/index\/wp-json\/wp\/v2\/posts\/40193?print=print\" class=\"pdfprnt-button pdfprnt-button-print\" target=\"_blank\" ><img decoding=\"async\" src=\"https:\/\/lajes.rn.gov.br\/transparente\/index\/wp-content\/plugins\/pdf-print\/images\/print.png\" alt=\"image_print\" title=\"Conte\u00fado de impress\u00e3o\" \/><\/a><\/div>","protected":false},"excerpt":{"rendered":"<p>ESTADO DO RIO GRANDE DO NORTE PREFEITURA MUNICIPAL DE LAJES GABINETE DO PREFEITO SEGUNDO TERMO ADITIVO DO CONTRATO ADMINISTRATIVO N\u00b0 17\/2025 \u2013 ADITIVO DE VALOR* PROCESSO ADMINISTRATIVO N\u00b0 57\/02-2026 Preg\u00e3o Eletr\u00f4nico N\u00b0 02\/2025 &nbsp; TERMO ADITIVO AO CONTRATO ADMINISTRATIVO N\u00ba 17\/2025, QUE FAZEM ENTRE SI O MUNIC\u00cdPIO DE LAJES\/RN, E A COOPERATIVA DOS PROFISSIONAIS DA [&hellip;]<\/p>\n","protected":false},"author":3,"featured_media":0,"comment_status":"closed","ping_status":"closed","sticky":false,"template":"","format":"standard","meta":{"ocean_post_layout":"","ocean_both_sidebars_style":"","ocean_both_sidebars_content_width":0,"ocean_both_sidebars_sidebars_width":0,"ocean_sidebar":"0","ocean_second_sidebar":"0","ocean_disable_margins":"enable","ocean_add_body_class":"","ocean_shortcode_before_top_bar":"","ocean_shortcode_after_top_bar":"","ocean_shortcode_before_header":"","ocean_shortcode_after_header":"","ocean_has_shortcode":"","ocean_shortcode_after_title":"","ocean_shortcode_before_footer_widgets":"","ocean_shortcode_after_footer_widgets":"","ocean_shortcode_before_footer_bottom":"","ocean_shortcode_after_footer_bottom":"","ocean_display_top_bar":"default","ocean_display_header":"default","ocean_header_style":"","ocean_center_header_left_menu":"0","ocean_custom_header_template":"0","ocean_custom_logo":0,"ocean_custom_retina_logo":0,"ocean_custom_logo_max_width":0,"ocean_custom_logo_tablet_max_width":0,"ocean_custom_logo_mobile_max_width":0,"ocean_custom_logo_max_height":0,"ocean_custom_logo_tablet_max_height":0,"ocean_custom_logo_mobile_max_height":0,"ocean_header_custom_menu":"0","ocean_menu_typo_font_family":"0","ocean_menu_typo_font_subset":"","ocean_menu_typo_font_size":0,"ocean_menu_typo_font_size_tablet":0,"ocean_menu_typo_font_size_mobile":0,"ocean_menu_typo_font_size_unit":"px","ocean_menu_typo_font_weight":"","ocean_menu_typo_font_weight_tablet":"","ocean_menu_typo_font_weight_mobile":"","ocean_menu_typo_transform":"","ocean_menu_typo_transform_tablet":"","ocean_menu_typo_transform_mobile":"","ocean_menu_typo_line_height":0,"ocean_menu_typo_line_height_tablet":0,"ocean_menu_typo_line_height_mobile":0,"ocean_menu_typo_line_height_unit":"","ocean_menu_typo_spacing":0,"ocean_menu_typo_spacing_tablet":0,"ocean_menu_typo_spacing_mobile":0,"ocean_menu_typo_spacing_unit":"","ocean_menu_link_color":"","ocean_menu_link_color_hover":"","ocean_menu_link_color_active":"","ocean_menu_link_background":"","ocean_menu_link_hover_background":"","ocean_menu_link_active_background":"","ocean_menu_social_links_bg":"","ocean_menu_social_hover_links_bg":"","ocean_menu_social_links_color":"","ocean_menu_social_hover_links_color":"","ocean_disable_title":"default","ocean_disable_heading":"default","ocean_post_title":"","ocean_post_subheading":"","ocean_post_title_style":"","ocean_post_title_background_color":"","ocean_post_title_background":0,"ocean_post_title_bg_image_position":"","ocean_post_title_bg_image_attachment":"","ocean_post_title_bg_image_repeat":"","ocean_post_title_bg_image_size":"","ocean_post_title_height":0,"ocean_post_title_bg_overlay":0.5,"ocean_post_title_bg_overlay_color":"","ocean_disable_breadcrumbs":"default","ocean_breadcrumbs_color":"","ocean_breadcrumbs_separator_color":"","ocean_breadcrumbs_links_color":"","ocean_breadcrumbs_links_hover_color":"","ocean_display_footer_widgets":"default","ocean_display_footer_bottom":"default","ocean_custom_footer_template":"0","ocean_post_oembed":"","ocean_post_self_hosted_media":"","ocean_post_video_embed":"","ocean_link_format":"","ocean_link_format_target":"self","ocean_quote_format":"","ocean_quote_format_link":"post","ocean_gallery_link_images":"on","ocean_gallery_id":[],"footnotes":""},"categories":[76,257,3],"tags":[],"class_list":["post-40193","post","type-post","status-publish","format-standard","hentry","category-contratos","category-contratos-ou-ata-de-registro-de-preco-2026","category-licitacao","entry"],"_links":{"self":[{"href":"https:\/\/lajes.rn.gov.br\/transparente\/index\/wp-json\/wp\/v2\/posts\/40193","targetHints":{"allow":["GET"]}}],"collection":[{"href":"https:\/\/lajes.rn.gov.br\/transparente\/index\/wp-json\/wp\/v2\/posts"}],"about":[{"href":"https:\/\/lajes.rn.gov.br\/transparente\/index\/wp-json\/wp\/v2\/types\/post"}],"author":[{"embeddable":true,"href":"https:\/\/lajes.rn.gov.br\/transparente\/index\/wp-json\/wp\/v2\/users\/3"}],"replies":[{"embeddable":true,"href":"https:\/\/lajes.rn.gov.br\/transparente\/index\/wp-json\/wp\/v2\/comments?post=40193"}],"version-history":[{"count":1,"href":"https:\/\/lajes.rn.gov.br\/transparente\/index\/wp-json\/wp\/v2\/posts\/40193\/revisions"}],"predecessor-version":[{"id":40194,"href":"https:\/\/lajes.rn.gov.br\/transparente\/index\/wp-json\/wp\/v2\/posts\/40193\/revisions\/40194"}],"wp:attachment":[{"href":"https:\/\/lajes.rn.gov.br\/transparente\/index\/wp-json\/wp\/v2\/media?parent=40193"}],"wp:term":[{"taxonomy":"category","embeddable":true,"href":"https:\/\/lajes.rn.gov.br\/transparente\/index\/wp-json\/wp\/v2\/categories?post=40193"},{"taxonomy":"post_tag","embeddable":true,"href":"https:\/\/lajes.rn.gov.br\/transparente\/index\/wp-json\/wp\/v2\/tags?post=40193"}],"curies":[{"name":"wp","href":"https:\/\/api.w.org\/{rel}","templated":true}]}}