{"id":40183,"date":"2026-02-25T14:35:31","date_gmt":"2026-02-25T17:35:31","guid":{"rendered":"https:\/\/lajes.rn.gov.br\/transparente\/index\/?p=40183"},"modified":"2026-04-09T14:36:42","modified_gmt":"2026-04-09T17:36:42","slug":"decreto-no-002-2026-abre-no-orcamento-vigente-credito-adicional-por-remanejamento-e-da-outras-providencias","status":"publish","type":"post","link":"https:\/\/lajes.rn.gov.br\/transparente\/index\/decreto-no-002-2026-abre-no-orcamento-vigente-credito-adicional-por-remanejamento-e-da-outras-providencias\/","title":{"rendered":"DECRETO N\u00ba 002\/2026 &#8211; Abre no or\u00e7amento vigente cr\u00e9dito adicional por remanejamento e d\u00e1 outras provid\u00eancias."},"content":{"rendered":"<div id=\"separador\" class=\"cabecalhoEstadoSeparador cabecalhoEstadoSeparador1\">\n<p style=\"text-align: center;\"><strong>ESTADO DO RIO GRANDE DO NORTE<\/strong><br \/>\n<strong>PREFEITURA MUNICIPAL DE LAJES<\/strong><\/p>\n<\/div>\n<p class=\"cabecaorgao\" style=\"text-align: center;\"><strong>GABINETE DO PREFEITO<\/strong><\/p>\n<hr \/>\n<div id=\"materia\" class=\"materia materia20091123 materia1\">\n<p><strong>DECRETO N\u00ba 002, DE 25 DE FEVEREIRO DE 2026.<\/strong><\/p>\n<div class=\"mat\"><\/div>\n<p>Abre no or\u00e7amento vigente cr\u00e9dito adicional por remanejamento e d\u00e1 outras provid\u00eancias.<\/p>\n<p>&nbsp;<\/p>\n<p><b>O PREFEITO MUNICIPAL DE LAJES<\/b>, no uso de suas atribui\u00e7\u00f5es legais,<\/p>\n<p>&nbsp;<\/p>\n<p><b>Resolve:<\/b><\/p>\n<p>&nbsp;<\/p>\n<p><b>Art. 1\u00ba<\/b>\u00a0\u2013 Fica aberto no or\u00e7amento vigente um cr\u00e9dito adicional por remanejamento na import\u00e2ncia de\u00a0<b>R$ 442.000,00<\/b>, distribu\u00eddo \u00e0s seguintes dota\u00e7\u00f5es:<\/p>\n<p>&nbsp;<\/p>\n<p><b>05.001 \u2013 FUNDO DE PREVID\u00caNCIA SOCIAL DO MUNIC\u00cdPIO DE LAJES<\/b><\/p>\n<p>&nbsp;<\/p>\n<p><b>2213 \u2013 INDENIZA\u00c7\u00d5ES E RESTITUI\u00c7\u00d5ES DO LAJESPREV<\/b><\/p>\n<p>&nbsp;<\/p>\n<p><b>3.1.90.94 \u2013 INDENIZA\u00c7\u00d5ES E RESTITUI\u00c7\u00d5ES<\/b><\/p>\n<p><b>TRABALHISTAS<\/b>\u00a0\u2013 R$ 442.000,00<\/p>\n<p>&nbsp;<\/p>\n<p><b>Art. 2\u00ba<\/b>\u00a0\u2013 O cr\u00e9dito aberto na forma do artigo anterior ser\u00e1 coberto com recursos provenientes de anula\u00e7\u00e3o das seguintes dota\u00e7\u00f5es:<\/p>\n<p>&nbsp;<\/p>\n<p><b>05.001 \u2013 FUNDO DE PREVID\u00caNCIA SOCIAL DO MUNIC\u00cdPIO DE LAJES.<\/b><\/p>\n<p><b>2211 \u2013 MANUTEN\u00c7\u00c3O DAS ATIVIDADES PREVIDENCI\u00c1RIAS DO LAJESPREV.<\/b><\/p>\n<p><b>3.1.90.01 \u2013 APOSENTADORIAS E REFORMAS<\/b>\u00a0\u2013 R$ 392.000,00.<\/p>\n<p><b>3.1.90.92 \u2013 DESPESAS DE EXERC\u00cdCIOS ANTERIORES<\/b>\u00a0\u2013 R$ 50.000,00.<\/p>\n<p>&nbsp;<\/p>\n<p><b>Art. 3\u00ba<\/b>\u00a0\u2013 Este decreto entra em vigor com data retroativa a\u00a0<b>25 de fevereiro de 2026<\/b>.<\/p>\n<p>&nbsp;<\/p>\n<p><b>Lajes\/RN, 25 de fevereiro de 2026.<\/b><\/p>\n<p>&nbsp;<\/p>\n<p>&nbsp;<\/p>\n<p><b><i>FELIPE FERREIRA DE MENEZES ARA\u00daJO<\/i><\/b><\/p>\n<p><b><i><\/i><\/b>&nbsp;<\/p>\n<p>Prefeito Municipal<\/p>\n<div align=\"right\">\n<b>Publicado por:<\/b><br \/>\nIcaro Lucas Martins<br \/>\n<b>C\u00f3digo Identificador:<\/b>D830B181<\/div>\n<p>&nbsp;<\/p>\n<hr \/>\n<p>Mat\u00e9ria publicada no Di\u00e1rio Oficial dos Munic\u00edpios do Estado do Rio Grande do Norte no dia 13\/03\/2026. Edi\u00e7\u00e3o 3749<br \/>\nA verifica\u00e7\u00e3o de autenticidade da mat\u00e9ria pode ser feita informando o c\u00f3digo identificador no site:<br \/>\nhttps:\/\/www.diariomunicipal.com.br\/femurn\/<\/p><\/div>\n<div class=\"pdfprnt-buttons pdfprnt-buttons-post pdfprnt-bottom-right\"><a href=\"https:\/\/lajes.rn.gov.br\/transparente\/index\/wp-json\/wp\/v2\/posts\/40183?print=pdf\" class=\"pdfprnt-button pdfprnt-button-pdf\" target=\"_blank\" ><img decoding=\"async\" src=\"https:\/\/lajes.rn.gov.br\/transparente\/index\/wp-content\/plugins\/pdf-print\/images\/pdf.png\" alt=\"image_pdf\" title=\"Ver PDF\" \/><\/a><a href=\"https:\/\/lajes.rn.gov.br\/transparente\/index\/wp-json\/wp\/v2\/posts\/40183?print=print\" class=\"pdfprnt-button pdfprnt-button-print\" target=\"_blank\" ><img decoding=\"async\" src=\"https:\/\/lajes.rn.gov.br\/transparente\/index\/wp-content\/plugins\/pdf-print\/images\/print.png\" alt=\"image_print\" title=\"Conte\u00fado de impress\u00e3o\" \/><\/a><\/div>","protected":false},"excerpt":{"rendered":"<p>ESTADO DO RIO GRANDE DO NORTE PREFEITURA MUNICIPAL DE LAJES GABINETE DO PREFEITO DECRETO N\u00ba 002, DE 25 DE FEVEREIRO DE 2026. Abre no or\u00e7amento vigente cr\u00e9dito adicional por remanejamento e d\u00e1 outras provid\u00eancias. &nbsp; O PREFEITO MUNICIPAL DE LAJES, no uso de suas atribui\u00e7\u00f5es legais, &nbsp; Resolve: &nbsp; Art. 1\u00ba\u00a0\u2013 Fica aberto no or\u00e7amento [&hellip;]<\/p>\n","protected":false},"author":3,"featured_media":0,"comment_status":"closed","ping_status":"closed","sticky":false,"template":"","format":"standard","meta":{"ocean_post_layout":"","ocean_both_sidebars_style":"","ocean_both_sidebars_content_width":0,"ocean_both_sidebars_sidebars_width":0,"ocean_sidebar":"0","ocean_second_sidebar":"0","ocean_disable_margins":"enable","ocean_add_body_class":"","ocean_shortcode_before_top_bar":"","ocean_shortcode_after_top_bar":"","ocean_shortcode_before_header":"","ocean_shortcode_after_header":"","ocean_has_shortcode":"","ocean_shortcode_after_title":"","ocean_shortcode_before_footer_widgets":"","ocean_shortcode_after_footer_widgets":"","ocean_shortcode_before_footer_bottom":"","ocean_shortcode_after_footer_bottom":"","ocean_display_top_bar":"default","ocean_display_header":"default","ocean_header_style":"","ocean_center_header_left_menu":"0","ocean_custom_header_template":"0","ocean_custom_logo":0,"ocean_custom_retina_logo":0,"ocean_custom_logo_max_width":0,"ocean_custom_logo_tablet_max_width":0,"ocean_custom_logo_mobile_max_width":0,"ocean_custom_logo_max_height":0,"ocean_custom_logo_tablet_max_height":0,"ocean_custom_logo_mobile_max_height":0,"ocean_header_custom_menu":"0","ocean_menu_typo_font_family":"0","ocean_menu_typo_font_subset":"","ocean_menu_typo_font_size":0,"ocean_menu_typo_font_size_tablet":0,"ocean_menu_typo_font_size_mobile":0,"ocean_menu_typo_font_size_unit":"px","ocean_menu_typo_font_weight":"","ocean_menu_typo_font_weight_tablet":"","ocean_menu_typo_font_weight_mobile":"","ocean_menu_typo_transform":"","ocean_menu_typo_transform_tablet":"","ocean_menu_typo_transform_mobile":"","ocean_menu_typo_line_height":0,"ocean_menu_typo_line_height_tablet":0,"ocean_menu_typo_line_height_mobile":0,"ocean_menu_typo_line_height_unit":"","ocean_menu_typo_spacing":0,"ocean_menu_typo_spacing_tablet":0,"ocean_menu_typo_spacing_mobile":0,"ocean_menu_typo_spacing_unit":"","ocean_menu_link_color":"","ocean_menu_link_color_hover":"","ocean_menu_link_color_active":"","ocean_menu_link_background":"","ocean_menu_link_hover_background":"","ocean_menu_link_active_background":"","ocean_menu_social_links_bg":"","ocean_menu_social_hover_links_bg":"","ocean_menu_social_links_color":"","ocean_menu_social_hover_links_color":"","ocean_disable_title":"default","ocean_disable_heading":"default","ocean_post_title":"","ocean_post_subheading":"","ocean_post_title_style":"","ocean_post_title_background_color":"","ocean_post_title_background":0,"ocean_post_title_bg_image_position":"","ocean_post_title_bg_image_attachment":"","ocean_post_title_bg_image_repeat":"","ocean_post_title_bg_image_size":"","ocean_post_title_height":0,"ocean_post_title_bg_overlay":0.5,"ocean_post_title_bg_overlay_color":"","ocean_disable_breadcrumbs":"default","ocean_breadcrumbs_color":"","ocean_breadcrumbs_separator_color":"","ocean_breadcrumbs_links_color":"","ocean_breadcrumbs_links_hover_color":"","ocean_display_footer_widgets":"default","ocean_display_footer_bottom":"default","ocean_custom_footer_template":"0","ocean_post_oembed":"","ocean_post_self_hosted_media":"","ocean_post_video_embed":"","ocean_link_format":"","ocean_link_format_target":"self","ocean_quote_format":"","ocean_quote_format_link":"post","ocean_gallery_link_images":"on","ocean_gallery_id":[],"footnotes":""},"categories":[38,259,2],"tags":[],"class_list":["post-40183","post","type-post","status-publish","format-standard","hentry","category-decretos","category-decretos-2026","category-legislacao","entry"],"_links":{"self":[{"href":"https:\/\/lajes.rn.gov.br\/transparente\/index\/wp-json\/wp\/v2\/posts\/40183","targetHints":{"allow":["GET"]}}],"collection":[{"href":"https:\/\/lajes.rn.gov.br\/transparente\/index\/wp-json\/wp\/v2\/posts"}],"about":[{"href":"https:\/\/lajes.rn.gov.br\/transparente\/index\/wp-json\/wp\/v2\/types\/post"}],"author":[{"embeddable":true,"href":"https:\/\/lajes.rn.gov.br\/transparente\/index\/wp-json\/wp\/v2\/users\/3"}],"replies":[{"embeddable":true,"href":"https:\/\/lajes.rn.gov.br\/transparente\/index\/wp-json\/wp\/v2\/comments?post=40183"}],"version-history":[{"count":1,"href":"https:\/\/lajes.rn.gov.br\/transparente\/index\/wp-json\/wp\/v2\/posts\/40183\/revisions"}],"predecessor-version":[{"id":40184,"href":"https:\/\/lajes.rn.gov.br\/transparente\/index\/wp-json\/wp\/v2\/posts\/40183\/revisions\/40184"}],"wp:attachment":[{"href":"https:\/\/lajes.rn.gov.br\/transparente\/index\/wp-json\/wp\/v2\/media?parent=40183"}],"wp:term":[{"taxonomy":"category","embeddable":true,"href":"https:\/\/lajes.rn.gov.br\/transparente\/index\/wp-json\/wp\/v2\/categories?post=40183"},{"taxonomy":"post_tag","embeddable":true,"href":"https:\/\/lajes.rn.gov.br\/transparente\/index\/wp-json\/wp\/v2\/tags?post=40183"}],"curies":[{"name":"wp","href":"https:\/\/api.w.org\/{rel}","templated":true}]}}