{"id":40179,"date":"2026-03-12T14:25:00","date_gmt":"2026-03-12T17:25:00","guid":{"rendered":"https:\/\/lajes.rn.gov.br\/transparente\/index\/?p=40179"},"modified":"2026-04-09T14:25:58","modified_gmt":"2026-04-09T17:25:58","slug":"decreto-no-003-2026-abre-credito-suplementar-no-valor-de-r-5-00000-para-os-fins-que-especifica-e-da-outras-providencias","status":"publish","type":"post","link":"https:\/\/lajes.rn.gov.br\/transparente\/index\/decreto-no-003-2026-abre-credito-suplementar-no-valor-de-r-5-00000-para-os-fins-que-especifica-e-da-outras-providencias\/","title":{"rendered":"DECRETO N\u00ba 003\/2026 &#8211; Abre Cr\u00e9dito Suplementar no valor de R$ 5.000,00, para os fins que\u00a0espec\u00edfica e d\u00e1 outras provid\u00eancias."},"content":{"rendered":"<div id=\"separador\" class=\"cabecalhoEstadoSeparador cabecalhoEstadoSeparador2\">\n<p style=\"text-align: center;\"><strong>ESTADO DO RIO GRANDE DO NORTE<\/strong><br \/>\n<strong>PREFEITURA MUNICIPAL DE LAJES<\/strong><\/p>\n<\/div>\n<p class=\"cabecaorgao\" style=\"text-align: center;\"><strong>GABINETE DO PREFEITO<\/strong><\/p>\n<hr \/>\n<div id=\"materia\" class=\"materia materia20091123 materia2\">\n<p><strong>DECRETO N\u00ba 003, DE 12 DE MAR\u00c7O DE 2026<\/strong><\/p>\n<p>&nbsp;<\/p>\n<p>Abre Cr\u00e9dito Suplementar no valor de R$ 5.000,00, para os fins que\u00a0espec\u00edfica e d\u00e1 outras provid\u00eancias.<\/p>\n<p>&nbsp;<\/p>\n<p><b>O Prefeito da PREFEITURA MUNICIPAL DE Lajes\/RN<\/b>, no uso de suas atribui\u00e7\u00f5es legais que lhes s\u00e3o conferidas na Lei Org\u00e2nica desde Munic\u00edpio e na Lei Or\u00e7ament\u00e1ria vigente.<\/p>\n<p>&nbsp;<\/p>\n<p><b>DECRETA:<\/b><\/p>\n<p>&nbsp;<\/p>\n<p>Art. 1\u00ba &#8211; Fica aberto, no corrente exerc\u00edcio, Cr\u00e9dito Suplementar no valor de R$ 5.000,00 (cinco mil reais) \u00e0s dota\u00e7\u00f5es especificadas no Anexo I deste Decreto.<\/p>\n<p>&nbsp;<\/p>\n<p>Art. 2\u00ba &#8211; Constitui fonte de recursos para fazer face ao cr\u00e9dito de que trata o artigo anterior, a anula\u00e7\u00e3o, em igual valor, das dota\u00e7\u00f5es or\u00e7ament\u00e1rias discriminadas no Anexo II deste Decreto.<\/p>\n<p>&nbsp;<\/p>\n<p>Art. 3\u00ba &#8211; Este Decreto entra em vigor na data de sua publica\u00e7\u00e3o, revogadas as disposi\u00e7\u00f5es em contr\u00e1rio.<\/p>\n<p>&nbsp;<\/p>\n<p>Lajes\/RN, 12 de mar\u00e7o de 2026<\/p>\n<p>&nbsp;<\/p>\n<table class=\"mat\" border=\"1\" cellspacing=\"0\" cellpadding=\"0\" align=\"left\">\n<tbody>\n<tr>\n<td width=\"20%\">Unidade Or\u00e7ament\u00e1ria<\/td>\n<td width=\"5%\">A\u00e7\u00e3o<\/td>\n<td>Natureza<\/td>\n<td width=\"5%\">Fonte<\/td>\n<td width=\"5%\">Regi\u00e3o<\/td>\n<td width=\"10%\">Valor<\/td>\n<\/tr>\n<tr>\n<td colspan=\"5\"><b>Anexo I (Acr\u00e9scimo)<\/b><\/td>\n<td><b>5.000,00<\/b><\/td>\n<\/tr>\n<tr>\n<td colspan=\"5\"><b>01 .001 CAMARA MUNICIPAL<\/b><\/td>\n<td><b>5.000,00<\/b><\/td>\n<\/tr>\n<tr>\n<td>&nbsp;<\/td>\n<td colspan=\"4\"><b>2001 Manuten\u00e7\u00e3o das Atividades da C\u00e2mara Municipal<\/b><\/td>\n<td><b>5.000,00<\/b><\/td>\n<\/tr>\n<tr>\n<td>&nbsp;<\/td>\n<td>&nbsp;<\/td>\n<td>3.3.90.33 PASSAGENS E DESPESAS COM LOCOMO\u00c7\u00c3O<\/td>\n<td>15000000<\/td>\n<td>0001<\/td>\n<td>5.000,00<\/td>\n<\/tr>\n<tr>\n<td colspan=\"5\"><b>Anexo II (Redu\u00e7\u00e3o)<\/b><\/td>\n<td><b>5.000,00<\/b><\/td>\n<\/tr>\n<tr>\n<td colspan=\"5\"><b>01 .001 CAMARA MUNICIPAL<\/b><\/td>\n<td><b>5.000,00<\/b><\/td>\n<\/tr>\n<tr>\n<td>&nbsp;<\/td>\n<td colspan=\"4\"><b>2001 Manuten\u00e7\u00e3o das Atividades da C\u00e2mara Municipal<\/b><\/td>\n<td><b>5.000,00<\/b><\/td>\n<\/tr>\n<tr>\n<td>&nbsp;<\/td>\n<td>&nbsp;<\/td>\n<td>3.1.90.04 CONTRATA\u00c7\u00c3O POR TEMPO DETERMINADO<\/td>\n<td>15000000<\/td>\n<td>0001<\/td>\n<td>5.000,00<\/td>\n<\/tr>\n<\/tbody>\n<\/table>\n<p>&nbsp;<\/p>\n<p>&nbsp;<\/p>\n<p><b><i>FELIPE FERREIRA DE MENEZES ARA\u00daJO<\/i><\/b><\/p>\n<p><b><i><\/i><\/b>&nbsp;<\/p>\n<p>Prefeito Municipal<\/p>\n<div align=\"right\">\n<b>Publicado por:<\/b><br \/>\nIcaro Lucas Martins<br \/>\n<b>C\u00f3digo Identificador:<\/b>99286B70<\/div>\n<p>&nbsp;<\/p>\n<hr \/>\n<p>Mat\u00e9ria publicada no Di\u00e1rio Oficial dos Munic\u00edpios do Estado do Rio Grande do Norte no dia 13\/03\/2026. Edi\u00e7\u00e3o 3749<br \/>\nA verifica\u00e7\u00e3o de autenticidade da mat\u00e9ria pode ser feita informando o c\u00f3digo identificador no site:<br \/>\nhttps:\/\/www.diariomunicipal.com.br\/femurn\/<\/p><\/div>\n<div class=\"pdfprnt-buttons pdfprnt-buttons-post pdfprnt-bottom-right\"><a href=\"https:\/\/lajes.rn.gov.br\/transparente\/index\/wp-json\/wp\/v2\/posts\/40179?print=pdf\" class=\"pdfprnt-button pdfprnt-button-pdf\" target=\"_blank\" ><img decoding=\"async\" src=\"https:\/\/lajes.rn.gov.br\/transparente\/index\/wp-content\/plugins\/pdf-print\/images\/pdf.png\" alt=\"image_pdf\" title=\"Ver PDF\" \/><\/a><a href=\"https:\/\/lajes.rn.gov.br\/transparente\/index\/wp-json\/wp\/v2\/posts\/40179?print=print\" class=\"pdfprnt-button pdfprnt-button-print\" target=\"_blank\" ><img decoding=\"async\" src=\"https:\/\/lajes.rn.gov.br\/transparente\/index\/wp-content\/plugins\/pdf-print\/images\/print.png\" alt=\"image_print\" title=\"Conte\u00fado de impress\u00e3o\" \/><\/a><\/div>","protected":false},"excerpt":{"rendered":"<p>ESTADO DO RIO GRANDE DO NORTE PREFEITURA MUNICIPAL DE LAJES GABINETE DO PREFEITO DECRETO N\u00ba 003, DE 12 DE MAR\u00c7O DE 2026 &nbsp; Abre Cr\u00e9dito Suplementar no valor de R$ 5.000,00, para os fins que\u00a0espec\u00edfica e d\u00e1 outras provid\u00eancias. &nbsp; O Prefeito da PREFEITURA MUNICIPAL DE Lajes\/RN, no uso de suas atribui\u00e7\u00f5es legais que lhes [&hellip;]<\/p>\n","protected":false},"author":3,"featured_media":0,"comment_status":"closed","ping_status":"closed","sticky":false,"template":"","format":"standard","meta":{"ocean_post_layout":"","ocean_both_sidebars_style":"","ocean_both_sidebars_content_width":0,"ocean_both_sidebars_sidebars_width":0,"ocean_sidebar":"0","ocean_second_sidebar":"0","ocean_disable_margins":"enable","ocean_add_body_class":"","ocean_shortcode_before_top_bar":"","ocean_shortcode_after_top_bar":"","ocean_shortcode_before_header":"","ocean_shortcode_after_header":"","ocean_has_shortcode":"","ocean_shortcode_after_title":"","ocean_shortcode_before_footer_widgets":"","ocean_shortcode_after_footer_widgets":"","ocean_shortcode_before_footer_bottom":"","ocean_shortcode_after_footer_bottom":"","ocean_display_top_bar":"default","ocean_display_header":"default","ocean_header_style":"","ocean_center_header_left_menu":"0","ocean_custom_header_template":"0","ocean_custom_logo":0,"ocean_custom_retina_logo":0,"ocean_custom_logo_max_width":0,"ocean_custom_logo_tablet_max_width":0,"ocean_custom_logo_mobile_max_width":0,"ocean_custom_logo_max_height":0,"ocean_custom_logo_tablet_max_height":0,"ocean_custom_logo_mobile_max_height":0,"ocean_header_custom_menu":"0","ocean_menu_typo_font_family":"0","ocean_menu_typo_font_subset":"","ocean_menu_typo_font_size":0,"ocean_menu_typo_font_size_tablet":0,"ocean_menu_typo_font_size_mobile":0,"ocean_menu_typo_font_size_unit":"px","ocean_menu_typo_font_weight":"","ocean_menu_typo_font_weight_tablet":"","ocean_menu_typo_font_weight_mobile":"","ocean_menu_typo_transform":"","ocean_menu_typo_transform_tablet":"","ocean_menu_typo_transform_mobile":"","ocean_menu_typo_line_height":0,"ocean_menu_typo_line_height_tablet":0,"ocean_menu_typo_line_height_mobile":0,"ocean_menu_typo_line_height_unit":"","ocean_menu_typo_spacing":0,"ocean_menu_typo_spacing_tablet":0,"ocean_menu_typo_spacing_mobile":0,"ocean_menu_typo_spacing_unit":"","ocean_menu_link_color":"","ocean_menu_link_color_hover":"","ocean_menu_link_color_active":"","ocean_menu_link_background":"","ocean_menu_link_hover_background":"","ocean_menu_link_active_background":"","ocean_menu_social_links_bg":"","ocean_menu_social_hover_links_bg":"","ocean_menu_social_links_color":"","ocean_menu_social_hover_links_color":"","ocean_disable_title":"default","ocean_disable_heading":"default","ocean_post_title":"","ocean_post_subheading":"","ocean_post_title_style":"","ocean_post_title_background_color":"","ocean_post_title_background":0,"ocean_post_title_bg_image_position":"","ocean_post_title_bg_image_attachment":"","ocean_post_title_bg_image_repeat":"","ocean_post_title_bg_image_size":"","ocean_post_title_height":0,"ocean_post_title_bg_overlay":0.5,"ocean_post_title_bg_overlay_color":"","ocean_disable_breadcrumbs":"default","ocean_breadcrumbs_color":"","ocean_breadcrumbs_separator_color":"","ocean_breadcrumbs_links_color":"","ocean_breadcrumbs_links_hover_color":"","ocean_display_footer_widgets":"default","ocean_display_footer_bottom":"default","ocean_custom_footer_template":"0","ocean_post_oembed":"","ocean_post_self_hosted_media":"","ocean_post_video_embed":"","ocean_link_format":"","ocean_link_format_target":"self","ocean_quote_format":"","ocean_quote_format_link":"post","ocean_gallery_link_images":"on","ocean_gallery_id":[],"footnotes":""},"categories":[38,259,2],"tags":[],"class_list":["post-40179","post","type-post","status-publish","format-standard","hentry","category-decretos","category-decretos-2026","category-legislacao","entry"],"_links":{"self":[{"href":"https:\/\/lajes.rn.gov.br\/transparente\/index\/wp-json\/wp\/v2\/posts\/40179","targetHints":{"allow":["GET"]}}],"collection":[{"href":"https:\/\/lajes.rn.gov.br\/transparente\/index\/wp-json\/wp\/v2\/posts"}],"about":[{"href":"https:\/\/lajes.rn.gov.br\/transparente\/index\/wp-json\/wp\/v2\/types\/post"}],"author":[{"embeddable":true,"href":"https:\/\/lajes.rn.gov.br\/transparente\/index\/wp-json\/wp\/v2\/users\/3"}],"replies":[{"embeddable":true,"href":"https:\/\/lajes.rn.gov.br\/transparente\/index\/wp-json\/wp\/v2\/comments?post=40179"}],"version-history":[{"count":1,"href":"https:\/\/lajes.rn.gov.br\/transparente\/index\/wp-json\/wp\/v2\/posts\/40179\/revisions"}],"predecessor-version":[{"id":40180,"href":"https:\/\/lajes.rn.gov.br\/transparente\/index\/wp-json\/wp\/v2\/posts\/40179\/revisions\/40180"}],"wp:attachment":[{"href":"https:\/\/lajes.rn.gov.br\/transparente\/index\/wp-json\/wp\/v2\/media?parent=40179"}],"wp:term":[{"taxonomy":"category","embeddable":true,"href":"https:\/\/lajes.rn.gov.br\/transparente\/index\/wp-json\/wp\/v2\/categories?post=40179"},{"taxonomy":"post_tag","embeddable":true,"href":"https:\/\/lajes.rn.gov.br\/transparente\/index\/wp-json\/wp\/v2\/tags?post=40179"}],"curies":[{"name":"wp","href":"https:\/\/api.w.org\/{rel}","templated":true}]}}