{"id":40171,"date":"2026-03-10T14:19:34","date_gmt":"2026-03-10T17:19:34","guid":{"rendered":"https:\/\/lajes.rn.gov.br\/transparente\/index\/?p=40171"},"modified":"2026-04-09T14:20:28","modified_gmt":"2026-04-09T17:20:28","slug":"portaria-no-111-2026-dispoe-sobre-a-concessao-de-diarias-e-da-outras-providencias","status":"publish","type":"post","link":"https:\/\/lajes.rn.gov.br\/transparente\/index\/portaria-no-111-2026-dispoe-sobre-a-concessao-de-diarias-e-da-outras-providencias\/","title":{"rendered":"PORTARIA N\u00ba 111\/2026 &#8211; Disp\u00f5e sobre a concess\u00e3o de di\u00e1rias, e d\u00e1 outras provid\u00eancias."},"content":{"rendered":"<div id=\"separador\" class=\"cabecalhoEstadoSeparador cabecalhoEstadoSeparador1\">\n<p style=\"text-align: center;\"><strong>ESTADO DO RIO GRANDE DO NORTE<\/strong><br \/>\n<strong>PREFEITURA MUNICIPAL DE LAJES<\/strong><\/p>\n<\/div>\n<p class=\"cabecaorgao\" style=\"text-align: center;\"><strong>GABINETE DO PREFEITO<\/strong><\/p>\n<hr \/>\n<div id=\"materia\" class=\"materia materia20091123 materia1\">\n<p><strong>PORTARIA N\u00ba 111, DE 10 DE MAR\u00c7O DE 2026.<\/strong><\/p>\n<div class=\"mat\"><\/div>\n<p><i>Disp\u00f5e sobre a concess\u00e3o de di\u00e1rias, e d\u00e1 outras provid\u00eancias<\/i><i>.<\/i><\/p>\n<p>&nbsp;<\/p>\n<p><b>O PREFEITO CONSTITUCIONAL DO MUNICIPIO DE LAJES, ESTADO DO RIO GRANDE DO NORTE<\/b>, no uso de suas atribui\u00e7\u00f5es que lhes s\u00e3o conferidas pela Lei Org\u00e2nica Municipal, e de conformidade com o Decreto N\u00ba.004, de 29 de janeiro de 2025;<\/p>\n<p>&nbsp;<\/p>\n<p><b>CONSIDERANDO\u00a0<\/b>o disposto na Lei Municipal n\u00ba 1007 de 08 de janeiro de 2025.<\/p>\n<p>&nbsp;<\/p>\n<p><b>CONSIDERANDO\u00a0<\/b>o disposto na Lei Complementar Municipal n\u00ba 001, de 25 de setembro de 1997.<\/p>\n<p><b>RESOLVE:<\/b><\/p>\n<p><b>Art. 1\u00ba<\/b>\u00a0Conceder di\u00e1rias aos servidores abaixo relacionados, para custeio de despesas com deslocamento, alimenta\u00e7\u00e3o e demais gastos necess\u00e1rios ao desempenho de atividades institucionais:<\/p>\n<p>I \u2013<b>\u00a0VIT\u00d3RIA MARIA AVELINO DA SILVA PAIVA<\/b>, Secret\u00e1ria Municipal de Cultura \u2013 SECULT, recebendo\u00a0<b>01 (meia) di\u00e1ria<\/b>\u00a0no valor total de\u00a0<b>R$ 250,00<\/b>\u00a0(duzentos e cinquenta reais);<\/p>\n<p>II \u2013\u00a0<b>IGOR THALES SILVA CRUZ<\/b>, servidor(a) da SECULT, recebendo\u00a0<b>01 (meia) di\u00e1ria<\/b>\u00a0no valor total de\u00a0<b>R$ 150,00<\/b>\u00a0(cento e cinquenta reais);<\/p>\n<p>III \u2013\u00a0<b>JOSEFA DAS VITORIAS DE LIMA LACERDA<\/b>, servidor(a) da SECULT, recebendo\u00a0<b>01 (meia) di\u00e1ria<\/b>\u00a0no valor total de\u00a0<b>R$ 150,00<\/b>\u00a0(cento e cinquenta reais);<\/p>\n<p>IV \u2013<b>\u00a0VIENIO LEONARDO DA SILVA<\/b>, servidor(a) da SECULT, recebendo\u00a0<b>01 (meia) di\u00e1ria<\/b>\u00a0no valor total de\u00a0<b>R$ 125,00<\/b>\u00a0(cento e vinte cinco reais);<\/p>\n<p>&nbsp;<\/p>\n<p><b>Art. 2\u00ba\u00a0<\/b>As di\u00e1rias destinam-se \u00e0 realiza\u00e7\u00e3o de viagem institucional para a cidade de\u00a0<b>Natal\/RN<\/b>, com a finalidade de participar da culmin\u00e2ncia dos projetos desenvolvidos na Biblioteca\u00a0<b>Maria Osila<\/b>\u00a0(<b>Biblioteca do SESI<\/b>), ocasi\u00e3o em que ser\u00e3o conduzidos estudantes, monitores e alguns pais para visita t\u00e9cnica ao Museu da Rampa \u2013 Exposi\u00e7\u00e3o Mundo Zira, ao Parque das Dunas, ao Forte dos Reis Magos e \u00e0 Barreira do Inferno, com o objetivo de fomentar a leitura e promover viv\u00eancias culturais em espa\u00e7os educativos.<\/p>\n<p>&nbsp;<\/p>\n<p><b>Art. 3\u00ba<\/b>\u00a0Esta Portaria entra em vigor na data de sua publica\u00e7\u00e3o.<\/p>\n<p>Registre-se, publique-se e cumpra-se.<\/p>\n<p>&nbsp;<\/p>\n<p><b>Lajes\/RN, 10 de mar\u00e7o de 2026.<\/b><\/p>\n<p>&nbsp;<\/p>\n<p>&nbsp;<\/p>\n<p><b><i>FELIPE FERREIRA DE MENEZES ARA\u00daJO<\/i><\/b><\/p>\n<p><b><i><\/i><\/b>&nbsp;<\/p>\n<p>Prefeito Municipal<\/p>\n<div align=\"right\">\n<b>Publicado por:<\/b><br \/>\nIcaro Lucas Martins<br \/>\n<b>C\u00f3digo Identificador:<\/b>32C51714<\/div>\n<p>&nbsp;<\/p>\n<hr \/>\n<p>Mat\u00e9ria publicada no Di\u00e1rio Oficial dos Munic\u00edpios do Estado do Rio Grande do Norte no dia 11\/03\/2026. Edi\u00e7\u00e3o 3747<br \/>\nA verifica\u00e7\u00e3o de autenticidade da mat\u00e9ria pode ser feita informando o c\u00f3digo identificador no site:<br \/>\nhttps:\/\/www.diariomunicipal.com.br\/femurn\/<\/p><\/div>\n<div class=\"pdfprnt-buttons pdfprnt-buttons-post pdfprnt-bottom-right\"><a href=\"https:\/\/lajes.rn.gov.br\/transparente\/index\/wp-json\/wp\/v2\/posts\/40171?print=pdf\" class=\"pdfprnt-button pdfprnt-button-pdf\" target=\"_blank\" ><img decoding=\"async\" src=\"https:\/\/lajes.rn.gov.br\/transparente\/index\/wp-content\/plugins\/pdf-print\/images\/pdf.png\" alt=\"image_pdf\" title=\"Ver PDF\" \/><\/a><a href=\"https:\/\/lajes.rn.gov.br\/transparente\/index\/wp-json\/wp\/v2\/posts\/40171?print=print\" class=\"pdfprnt-button pdfprnt-button-print\" target=\"_blank\" ><img decoding=\"async\" src=\"https:\/\/lajes.rn.gov.br\/transparente\/index\/wp-content\/plugins\/pdf-print\/images\/print.png\" alt=\"image_print\" title=\"Conte\u00fado de impress\u00e3o\" \/><\/a><\/div>","protected":false},"excerpt":{"rendered":"<p>ESTADO DO RIO GRANDE DO NORTE PREFEITURA MUNICIPAL DE LAJES GABINETE DO PREFEITO PORTARIA N\u00ba 111, DE 10 DE MAR\u00c7O DE 2026. Disp\u00f5e sobre a concess\u00e3o de di\u00e1rias, e d\u00e1 outras provid\u00eancias. &nbsp; O PREFEITO CONSTITUCIONAL DO MUNICIPIO DE LAJES, ESTADO DO RIO GRANDE DO NORTE, no uso de suas atribui\u00e7\u00f5es que lhes s\u00e3o conferidas [&hellip;]<\/p>\n","protected":false},"author":3,"featured_media":0,"comment_status":"closed","ping_status":"closed","sticky":false,"template":"","format":"standard","meta":{"ocean_post_layout":"","ocean_both_sidebars_style":"","ocean_both_sidebars_content_width":0,"ocean_both_sidebars_sidebars_width":0,"ocean_sidebar":"0","ocean_second_sidebar":"0","ocean_disable_margins":"enable","ocean_add_body_class":"","ocean_shortcode_before_top_bar":"","ocean_shortcode_after_top_bar":"","ocean_shortcode_before_header":"","ocean_shortcode_after_header":"","ocean_has_shortcode":"","ocean_shortcode_after_title":"","ocean_shortcode_before_footer_widgets":"","ocean_shortcode_after_footer_widgets":"","ocean_shortcode_before_footer_bottom":"","ocean_shortcode_after_footer_bottom":"","ocean_display_top_bar":"default","ocean_display_header":"default","ocean_header_style":"","ocean_center_header_left_menu":"0","ocean_custom_header_template":"0","ocean_custom_logo":0,"ocean_custom_retina_logo":0,"ocean_custom_logo_max_width":0,"ocean_custom_logo_tablet_max_width":0,"ocean_custom_logo_mobile_max_width":0,"ocean_custom_logo_max_height":0,"ocean_custom_logo_tablet_max_height":0,"ocean_custom_logo_mobile_max_height":0,"ocean_header_custom_menu":"0","ocean_menu_typo_font_family":"0","ocean_menu_typo_font_subset":"","ocean_menu_typo_font_size":0,"ocean_menu_typo_font_size_tablet":0,"ocean_menu_typo_font_size_mobile":0,"ocean_menu_typo_font_size_unit":"px","ocean_menu_typo_font_weight":"","ocean_menu_typo_font_weight_tablet":"","ocean_menu_typo_font_weight_mobile":"","ocean_menu_typo_transform":"","ocean_menu_typo_transform_tablet":"","ocean_menu_typo_transform_mobile":"","ocean_menu_typo_line_height":0,"ocean_menu_typo_line_height_tablet":0,"ocean_menu_typo_line_height_mobile":0,"ocean_menu_typo_line_height_unit":"","ocean_menu_typo_spacing":0,"ocean_menu_typo_spacing_tablet":0,"ocean_menu_typo_spacing_mobile":0,"ocean_menu_typo_spacing_unit":"","ocean_menu_link_color":"","ocean_menu_link_color_hover":"","ocean_menu_link_color_active":"","ocean_menu_link_background":"","ocean_menu_link_hover_background":"","ocean_menu_link_active_background":"","ocean_menu_social_links_bg":"","ocean_menu_social_hover_links_bg":"","ocean_menu_social_links_color":"","ocean_menu_social_hover_links_color":"","ocean_disable_title":"default","ocean_disable_heading":"default","ocean_post_title":"","ocean_post_subheading":"","ocean_post_title_style":"","ocean_post_title_background_color":"","ocean_post_title_background":0,"ocean_post_title_bg_image_position":"","ocean_post_title_bg_image_attachment":"","ocean_post_title_bg_image_repeat":"","ocean_post_title_bg_image_size":"","ocean_post_title_height":0,"ocean_post_title_bg_overlay":0.5,"ocean_post_title_bg_overlay_color":"","ocean_disable_breadcrumbs":"default","ocean_breadcrumbs_color":"","ocean_breadcrumbs_separator_color":"","ocean_breadcrumbs_links_color":"","ocean_breadcrumbs_links_hover_color":"","ocean_display_footer_widgets":"default","ocean_display_footer_bottom":"default","ocean_custom_footer_template":"0","ocean_post_oembed":"","ocean_post_self_hosted_media":"","ocean_post_video_embed":"","ocean_link_format":"","ocean_link_format_target":"self","ocean_quote_format":"","ocean_quote_format_link":"post","ocean_gallery_link_images":"on","ocean_gallery_id":[],"footnotes":""},"categories":[2,61,253],"tags":[],"class_list":["post-40171","post","type-post","status-publish","format-standard","hentry","category-legislacao","category-portarias","category-portarias-2026","entry"],"_links":{"self":[{"href":"https:\/\/lajes.rn.gov.br\/transparente\/index\/wp-json\/wp\/v2\/posts\/40171","targetHints":{"allow":["GET"]}}],"collection":[{"href":"https:\/\/lajes.rn.gov.br\/transparente\/index\/wp-json\/wp\/v2\/posts"}],"about":[{"href":"https:\/\/lajes.rn.gov.br\/transparente\/index\/wp-json\/wp\/v2\/types\/post"}],"author":[{"embeddable":true,"href":"https:\/\/lajes.rn.gov.br\/transparente\/index\/wp-json\/wp\/v2\/users\/3"}],"replies":[{"embeddable":true,"href":"https:\/\/lajes.rn.gov.br\/transparente\/index\/wp-json\/wp\/v2\/comments?post=40171"}],"version-history":[{"count":1,"href":"https:\/\/lajes.rn.gov.br\/transparente\/index\/wp-json\/wp\/v2\/posts\/40171\/revisions"}],"predecessor-version":[{"id":40172,"href":"https:\/\/lajes.rn.gov.br\/transparente\/index\/wp-json\/wp\/v2\/posts\/40171\/revisions\/40172"}],"wp:attachment":[{"href":"https:\/\/lajes.rn.gov.br\/transparente\/index\/wp-json\/wp\/v2\/media?parent=40171"}],"wp:term":[{"taxonomy":"category","embeddable":true,"href":"https:\/\/lajes.rn.gov.br\/transparente\/index\/wp-json\/wp\/v2\/categories?post=40171"},{"taxonomy":"post_tag","embeddable":true,"href":"https:\/\/lajes.rn.gov.br\/transparente\/index\/wp-json\/wp\/v2\/tags?post=40171"}],"curies":[{"name":"wp","href":"https:\/\/api.w.org\/{rel}","templated":true}]}}