{"id":40166,"date":"2026-03-09T14:10:35","date_gmt":"2026-03-09T17:10:35","guid":{"rendered":"https:\/\/lajes.rn.gov.br\/transparente\/index\/?p=40166"},"modified":"2026-04-09T14:11:46","modified_gmt":"2026-04-09T17:11:46","slug":"primeiro-termo-aditivo-do-contrato-administrativo-n-17-2025-prorrogacao-de-prazo","status":"publish","type":"post","link":"https:\/\/lajes.rn.gov.br\/transparente\/index\/primeiro-termo-aditivo-do-contrato-administrativo-n-17-2025-prorrogacao-de-prazo\/","title":{"rendered":"PRIMEIRO TERMO ADITIVO DO CONTRATO ADMINISTRATIVO N\u00b0 17\/2025 &#8211; PRORROGA\u00c7\u00c3O DE PRAZO"},"content":{"rendered":"<div id=\"separador\" class=\"cabecalhoEstadoSeparador cabecalhoEstadoSeparador1\">\n<p style=\"text-align: center;\"><strong>ESTADO DO RIO GRANDE DO NORTE<\/strong><br \/>\n<strong>PREFEITURA MUNICIPAL DE LAJES<\/strong><\/p>\n<\/div>\n<p class=\"cabecaorgao\" style=\"text-align: center;\"><strong>GABINETE DO PREFEITO<\/strong><\/p>\n<hr \/>\n<div id=\"materia\" class=\"materia materia20091123 materia1\">\n<p><strong>PRIMEIRO TERMO ADITIVO DO CONTRATO ADMINISTRATIVO N\u00b0 17\/2025 &#8211; PRORROGA\u00c7\u00c3O DE PRAZO<\/strong><\/p>\n<div class=\"mat\"><b>PROCESSO ADMINISTRATIVO PARA ADITIVO N\u00b0 16\/11-2025<\/b><\/div>\n<p><b>Preg\u00e3o Eletr\u00f4nico N\u00b0 02\/2025<\/b><\/p>\n<p>&nbsp;<\/p>\n<p>PRIMEIRO TERMO ADITIVO AO CONTRATO ADMINISTRATIVO N\u00ba 17\/2025, QUE FAZEM ENTRE SI O MUNIC\u00cdPIO DE LAJES\/RN, E A EMPRESA COOPERATIVA DOS PROFISSIONAIS DA EDUCA\u00c7\u00c3O DO ESTADO DO RN &#8211; COOPEDU.<\/p>\n<p>&nbsp;<\/p>\n<p>Pelo presente instrumento contratual onde de um lado<b>\u00a0O MUNIC\u00cdPIO DE LAJES\/RN<\/b>, pessoa jur\u00eddica de direito p\u00fablico, com sede administrativa \u00e0 Rua Ramiro Pereira da Silva, n\u00ba 17, centro \u2013 CEP: 59.535-000, devidamente inscrita no CNPJ\/MF, sob o n\u00ba. 08.113.466\/0001-05, neste ato representado, na forma de sua Lei Org\u00e2nica, pelo Prefeito Municipal o Sr.\u00a0<b>FELIPE FERREIRA DE MENEZES ARA\u00daJO<\/b>, doravante denominada\u00a0<b>COOPERATIVA DE TRABALHO DOS PROFISSIONAIS DA EDUCACAO DO ESTADO DO RN \u2013 COOPEDU<\/b>, inscrito(a) no CNPJ\/MF sob o n\u00ba 35.537.126\/0001-84, sediado(a) Rua Projetada, n\u00ba 01, Loteamento Mirante do Trairi, Centro, Monte Alegre\/RN \u2013 CEP: 59.182-000, neste ato representado por\u00a0<b>ALEXANDRE SOARES GOMES<\/b>, portador da Carteira de Identidade n\u00ba XXX.190.XXX expedida por SSP\/RN, e inscrito no CPF n\u00ba XXX.106.XXX-70, que exerce a fun\u00e7\u00e3o de Presidente, conforme consta no ato constitutivo da empresa, doravante denominada\u00a0<b>CONTRATADA,<\/b>\u00a0tendo em vista o que consta no Processo n\u00ba 16\/11-2025, e em observ\u00e2ncia \u00e0s disposi\u00e7\u00f5es da Lei n\u00ba 14.133, de 1\u00ba de abril de 2021, e demais legisla\u00e7\u00e3o aplic\u00e1vel, resolvem celebrar o presente\u00a0<b>Termo Aditivo de prorroga\u00e7\u00e3o do prazo de vig\u00eancia contratual<\/b>, mediante as cl\u00e1usulas e condi\u00e7\u00f5es a seguir enunciadas.<\/p>\n<p>&nbsp;<\/p>\n<p><b>CL\u00c1USULA PRIMEIRA \u2013 OBJETO<\/b><\/p>\n<p>&nbsp;<\/p>\n<p>O presente termo aditivo tem por objeto a prorroga\u00e7\u00e3o do prazo de vig\u00eancia do Contrato n\u00ba 17\/2025, por mais 12 meses, a partir de\u00a0<b>09\/03\/2026 at\u00e9 08\/03\/2027<\/b>, para dar continuidade \u00c0 CONTRATA\u00c7\u00c3O DE PESSOA JURIDICA COM COMPROVADA EXPERI\u00caNCIA NA AREA DA EDUCA\u00c7\u00c3O PARA PRESTA\u00c7\u00c3O DE SERVI\u00c7OS DE IMPREMENTA\u00c7\u00c3O DO PROJETO \u201cCONSTRUINDO O FUTURO PELA EDUCA\u00c7\u00c3O DE QUALIDADE\u201d NA REDE MUNICIPAL DE ENSINO DE LAJES\/RN, podendo ser prorrogado sucessivamente, respeitada a vig\u00eancia m\u00e1xima decenal, na forma do artigo 107 da Lei n\u00ba 14.133, de 2021.<\/p>\n<p>&nbsp;<\/p>\n<p><b>CL\u00c1USULA SEGUNDA \u2013 PRE\u00c7O<\/b><\/p>\n<p>2.1. O CONTRATANTE pagar\u00e1 ao CONTRATADO pela execu\u00e7\u00e3o do objeto deste Contrato o valor global de R$ 8.635.783,68 (oito milh\u00f5es, seiscentos e trinta e cinco mil, setecentos e oitenta e tr\u00eas reais e sessenta e oito centavos).<\/p>\n<p>2.2. O valor acima \u00e9 meramente estimativo, de forma que os pagamentos devidos ao CONTRATADO depender\u00e3o dos quantitativos efetivamente prestados.<\/p>\n<p>&nbsp;<\/p>\n<p><b>CL\u00c1USULA TERCEIRA &#8211; DOTA\u00c7\u00c3O OR\u00c7AMENT\u00c1RIA<\/b><\/p>\n<p>3.1. As despesas decorrentes do presente termo aditivo correr\u00e3o \u00e0 conta de recursos espec\u00edficos consignados pela Secretaria Municipal de Planejamento deste munic\u00edpio, na dota\u00e7\u00e3o abaixo discriminada:<\/p>\n<p>&nbsp;<\/p>\n<p>Und. Or\u00e7ament\u00e1ria: 02.006 \u2013 SECRETARIA MUNICIPAL DE EDUCACAO<\/p>\n<p>Fun\u00e7\u00e3o: 12 \u2013 EDUCA\u00c7\u00c3O<\/p>\n<p>Subfun\u00e7\u00e3o: 365 \u2013 EDUCA\u00c7\u00c3O INFANTIL<\/p>\n<p>Programa: 0139 \u2013 MANUTEN\u00c7\u00c3O DA EDUCA\u00c7\u00c3O INFANTIL<\/p>\n<p>A\u00e7\u00e3o: 2036 \u2013 MANUTENCAO DO ENSINO INFANTIL<\/p>\n<p>Natureza: 339039 \u2013 OUTROS SERVI\u00c7OS DE TERCEIROS \u2013 PESSOA JUR\u00cdDICA<\/p>\n<p>Fonte: 15001001 \u2013 RECURSOS N\u00c3O VINCULADOS DE IMPOSTOS &#8211; DESPESAS COM MANUTEN\u00c7\u00c3O E DESENVOLVIMENTO DO ENSINO<\/p>\n<p>Fonte: 15400000 \u2013 TRANSFER\u00caNCIAS DO FUNDEB &#8211; IMPOSTOS E TRANSFER\u00caNCIAS DE IMPOSTOS<\/p>\n<p>Regi\u00e3o: 01 \u2013 Lajes \/ RN<\/p>\n<p>&nbsp;<\/p>\n<p>Und. Or\u00e7ament\u00e1ria: 02.006 \u2013 SECRETARIA MUNICIPAL DE EDUCACAO<\/p>\n<p>Fun\u00e7\u00e3o: 04 \u2013 ADMINISTRA\u00c7\u00c3O<\/p>\n<p>Subfun\u00e7\u00e3o: 122 \u2013 ADMINISTRA\u00c7\u00c3O GERAL<\/p>\n<p>Programa: 0101 \u2013 ORGANIZACAO E MELHORIA DOS SERVICOS MUNICIPAIS<\/p>\n<p>A\u00e7\u00e3o: 2029 \u2013 MANUT. DA SECRETARIA MUNICIPAL DE EDUCA\u00c7\u00c3O<\/p>\n<p>Natureza: 339039 \u2013 OUTROS SERVI\u00c7OS DE TERCEIROS \u2013 PESSOA JUR\u00cdDICA<\/p>\n<p>Fonte: 15001001 \u2013 RECURSOS N\u00c3O VINCULADOS DE IMPOSTOS &#8211; DESPESAS COM MANUTEN\u00c7\u00c3O E DESENVOLVIMENTO DO ENSINO<\/p>\n<p>Regi\u00e3o: 01 \u2013 Lajes \/ RN<\/p>\n<p>&nbsp;<\/p>\n<p>Und. Or\u00e7ament\u00e1ria: 02.006 \u2013 SECRETARIA MUNICIPAL DE EDUCACAO<\/p>\n<p>Fun\u00e7\u00e3o: 12 \u2013 EDUCA\u00c7\u00c3O<\/p>\n<p>Subfun\u00e7\u00e3o: 361 \u2013 ENSINO FUNDAMENTAL<\/p>\n<p>Programa: 0137 \u2013 MANUTEN\u00c7\u00c3O DO ENSINO FUNDAMENTAL<\/p>\n<p>A\u00e7\u00e3o: 2035 \u2013 MANUTENCAO DO ENSINO FUNDAMENTAL Natureza 339039 OUTROS SERVI\u00c7OS DE TERCEIROS \u2013 PESSOA JUR\u00cdDICA<\/p>\n<p>Fonte: 15001001 \u2013 RECURSOS N\u00c3O VINCULADOS DE IMPOSTOS &#8211; DESPESAS COM MANUTEN\u00c7\u00c3O E DESENVOLVIMENTO DO ENSINO<\/p>\n<p>Regi\u00e3o: 01 \u2013 Lajes \/ RN<\/p>\n<p>&nbsp;<\/p>\n<p><b>CL\u00c1USULA QUARTA \u2013 RATIFICA\u00c7\u00c3O<\/b><\/p>\n<p>&nbsp;<\/p>\n<p>4.1. Ficam mantidas e ratificadas as demais cl\u00e1usulas e condi\u00e7\u00f5es do contrato origin\u00e1rio, naquilo que n\u00e3o contrariem o presente termo aditivo.<\/p>\n<p>&nbsp;<\/p>\n<p><b>CL\u00c1USULA QUINTA \u2013 PUBLICA\u00c7\u00c3O<\/b><\/p>\n<p>&nbsp;<\/p>\n<p>5.1. Incumbir\u00e1 ao contratante divulgar o presente instrumento no Portal Nacional de Contrata\u00e7\u00f5es P\u00fablicas (PNCP), na forma prevista no art. 94 da Lei n\u00ba 14.133, de 2021, bem como no respectivo s\u00edtio oficial na Internet, em aten\u00e7\u00e3o ao art. 91, caput, da Lei n\u00ba 14.133, de 2021, e ao art. 8\u00ba, \u00a72\u00ba, da Lei n\u00ba 12.527, de 2011, c\/c art. 7\u00ba, \u00a73\u00ba, inciso V, do Decreto n\u00ba 7.724, de 2012.<\/p>\n<p>&nbsp;<\/p>\n<p>Lajes\/RN, em 09 de mar\u00e7o de 2026.<\/p>\n<p>&nbsp;<\/p>\n<p>&nbsp;<\/p>\n<p><b><i>FELIPE FERREIRA DE MENEZES ARAUJO<\/i><\/b><\/p>\n<p><b><i><\/i><\/b><\/p>\n<p>Prefeito Municipal<\/p>\n<p>Contratante<\/p>\n<p>&nbsp;<\/p>\n<p>Cooperativa Dos Profissionais da Educa\u00e7\u00e3o do Estado Do\u00a0RN &#8211; COOPEDU<\/p>\n<p>CNPJ n\u00ba 35.537.126\/0001-84<\/p>\n<p>&nbsp;<\/p>\n<p><b><i>ALEXANDRE SOARES GOMES<\/i><\/b><\/p>\n<p><b><i><\/i><\/b><\/p>\n<p>CPF n\u00b0 XXX.106.XXX-70<\/p>\n<p>&nbsp;<\/p>\n<div align=\"right\"><b>Publicado por:<\/b><br \/>\nRobson Edson Fernandes da Silva<br \/>\n<b>C\u00f3digo Identificador:<\/b>5F2642C4<\/div>\n<p>&nbsp;<\/p>\n<hr \/>\n<p>Mat\u00e9ria publicada no Di\u00e1rio Oficial dos Munic\u00edpios do Estado do Rio Grande do Norte no dia 10\/03\/2026. Edi\u00e7\u00e3o 3746<br \/>\nA verifica\u00e7\u00e3o de autenticidade da mat\u00e9ria pode ser feita informando o c\u00f3digo identificador no site:<br \/>\nhttps:\/\/www.diariomunicipal.com.br\/femurn\/<\/p>\n<\/div>\n<div class=\"pdfprnt-buttons pdfprnt-buttons-post pdfprnt-bottom-right\"><a href=\"https:\/\/lajes.rn.gov.br\/transparente\/index\/wp-json\/wp\/v2\/posts\/40166?print=pdf\" class=\"pdfprnt-button pdfprnt-button-pdf\" target=\"_blank\" ><img decoding=\"async\" src=\"https:\/\/lajes.rn.gov.br\/transparente\/index\/wp-content\/plugins\/pdf-print\/images\/pdf.png\" alt=\"image_pdf\" title=\"Ver PDF\" \/><\/a><a href=\"https:\/\/lajes.rn.gov.br\/transparente\/index\/wp-json\/wp\/v2\/posts\/40166?print=print\" class=\"pdfprnt-button pdfprnt-button-print\" target=\"_blank\" ><img decoding=\"async\" src=\"https:\/\/lajes.rn.gov.br\/transparente\/index\/wp-content\/plugins\/pdf-print\/images\/print.png\" alt=\"image_print\" title=\"Conte\u00fado de impress\u00e3o\" \/><\/a><\/div>","protected":false},"excerpt":{"rendered":"<p>ESTADO DO RIO GRANDE DO NORTE PREFEITURA MUNICIPAL DE LAJES GABINETE DO PREFEITO PRIMEIRO TERMO ADITIVO DO CONTRATO ADMINISTRATIVO N\u00b0 17\/2025 &#8211; PRORROGA\u00c7\u00c3O DE PRAZO PROCESSO ADMINISTRATIVO PARA ADITIVO N\u00b0 16\/11-2025 Preg\u00e3o Eletr\u00f4nico N\u00b0 02\/2025 &nbsp; PRIMEIRO TERMO ADITIVO AO CONTRATO ADMINISTRATIVO N\u00ba 17\/2025, QUE FAZEM ENTRE SI O MUNIC\u00cdPIO DE LAJES\/RN, E A EMPRESA [&hellip;]<\/p>\n","protected":false},"author":3,"featured_media":0,"comment_status":"closed","ping_status":"closed","sticky":false,"template":"","format":"standard","meta":{"ocean_post_layout":"","ocean_both_sidebars_style":"","ocean_both_sidebars_content_width":0,"ocean_both_sidebars_sidebars_width":0,"ocean_sidebar":"0","ocean_second_sidebar":"0","ocean_disable_margins":"enable","ocean_add_body_class":"","ocean_shortcode_before_top_bar":"","ocean_shortcode_after_top_bar":"","ocean_shortcode_before_header":"","ocean_shortcode_after_header":"","ocean_has_shortcode":"","ocean_shortcode_after_title":"","ocean_shortcode_before_footer_widgets":"","ocean_shortcode_after_footer_widgets":"","ocean_shortcode_before_footer_bottom":"","ocean_shortcode_after_footer_bottom":"","ocean_display_top_bar":"default","ocean_display_header":"default","ocean_header_style":"","ocean_center_header_left_menu":"0","ocean_custom_header_template":"0","ocean_custom_logo":0,"ocean_custom_retina_logo":0,"ocean_custom_logo_max_width":0,"ocean_custom_logo_tablet_max_width":0,"ocean_custom_logo_mobile_max_width":0,"ocean_custom_logo_max_height":0,"ocean_custom_logo_tablet_max_height":0,"ocean_custom_logo_mobile_max_height":0,"ocean_header_custom_menu":"0","ocean_menu_typo_font_family":"0","ocean_menu_typo_font_subset":"","ocean_menu_typo_font_size":0,"ocean_menu_typo_font_size_tablet":0,"ocean_menu_typo_font_size_mobile":0,"ocean_menu_typo_font_size_unit":"px","ocean_menu_typo_font_weight":"","ocean_menu_typo_font_weight_tablet":"","ocean_menu_typo_font_weight_mobile":"","ocean_menu_typo_transform":"","ocean_menu_typo_transform_tablet":"","ocean_menu_typo_transform_mobile":"","ocean_menu_typo_line_height":0,"ocean_menu_typo_line_height_tablet":0,"ocean_menu_typo_line_height_mobile":0,"ocean_menu_typo_line_height_unit":"","ocean_menu_typo_spacing":0,"ocean_menu_typo_spacing_tablet":0,"ocean_menu_typo_spacing_mobile":0,"ocean_menu_typo_spacing_unit":"","ocean_menu_link_color":"","ocean_menu_link_color_hover":"","ocean_menu_link_color_active":"","ocean_menu_link_background":"","ocean_menu_link_hover_background":"","ocean_menu_link_active_background":"","ocean_menu_social_links_bg":"","ocean_menu_social_hover_links_bg":"","ocean_menu_social_links_color":"","ocean_menu_social_hover_links_color":"","ocean_disable_title":"default","ocean_disable_heading":"default","ocean_post_title":"","ocean_post_subheading":"","ocean_post_title_style":"","ocean_post_title_background_color":"","ocean_post_title_background":0,"ocean_post_title_bg_image_position":"","ocean_post_title_bg_image_attachment":"","ocean_post_title_bg_image_repeat":"","ocean_post_title_bg_image_size":"","ocean_post_title_height":0,"ocean_post_title_bg_overlay":0.5,"ocean_post_title_bg_overlay_color":"","ocean_disable_breadcrumbs":"default","ocean_breadcrumbs_color":"","ocean_breadcrumbs_separator_color":"","ocean_breadcrumbs_links_color":"","ocean_breadcrumbs_links_hover_color":"","ocean_display_footer_widgets":"default","ocean_display_footer_bottom":"default","ocean_custom_footer_template":"0","ocean_post_oembed":"","ocean_post_self_hosted_media":"","ocean_post_video_embed":"","ocean_link_format":"","ocean_link_format_target":"self","ocean_quote_format":"","ocean_quote_format_link":"post","ocean_gallery_link_images":"on","ocean_gallery_id":[],"footnotes":""},"categories":[76,257,3,102],"tags":[],"class_list":["post-40166","post","type-post","status-publish","format-standard","hentry","category-contratos","category-contratos-ou-ata-de-registro-de-preco-2026","category-licitacao","category-termo-aditivo","entry"],"_links":{"self":[{"href":"https:\/\/lajes.rn.gov.br\/transparente\/index\/wp-json\/wp\/v2\/posts\/40166","targetHints":{"allow":["GET"]}}],"collection":[{"href":"https:\/\/lajes.rn.gov.br\/transparente\/index\/wp-json\/wp\/v2\/posts"}],"about":[{"href":"https:\/\/lajes.rn.gov.br\/transparente\/index\/wp-json\/wp\/v2\/types\/post"}],"author":[{"embeddable":true,"href":"https:\/\/lajes.rn.gov.br\/transparente\/index\/wp-json\/wp\/v2\/users\/3"}],"replies":[{"embeddable":true,"href":"https:\/\/lajes.rn.gov.br\/transparente\/index\/wp-json\/wp\/v2\/comments?post=40166"}],"version-history":[{"count":2,"href":"https:\/\/lajes.rn.gov.br\/transparente\/index\/wp-json\/wp\/v2\/posts\/40166\/revisions"}],"predecessor-version":[{"id":40168,"href":"https:\/\/lajes.rn.gov.br\/transparente\/index\/wp-json\/wp\/v2\/posts\/40166\/revisions\/40168"}],"wp:attachment":[{"href":"https:\/\/lajes.rn.gov.br\/transparente\/index\/wp-json\/wp\/v2\/media?parent=40166"}],"wp:term":[{"taxonomy":"category","embeddable":true,"href":"https:\/\/lajes.rn.gov.br\/transparente\/index\/wp-json\/wp\/v2\/categories?post=40166"},{"taxonomy":"post_tag","embeddable":true,"href":"https:\/\/lajes.rn.gov.br\/transparente\/index\/wp-json\/wp\/v2\/tags?post=40166"}],"curies":[{"name":"wp","href":"https:\/\/api.w.org\/{rel}","templated":true}]}}