{"id":40141,"date":"2026-03-03T13:47:23","date_gmt":"2026-03-03T16:47:23","guid":{"rendered":"https:\/\/lajes.rn.gov.br\/transparente\/index\/?p=40141"},"modified":"2026-04-09T13:48:44","modified_gmt":"2026-04-09T16:48:44","slug":"termo-de-inexigibilidade-de-licitacao-no-21-2026","status":"publish","type":"post","link":"https:\/\/lajes.rn.gov.br\/transparente\/index\/termo-de-inexigibilidade-de-licitacao-no-21-2026\/","title":{"rendered":"TERMO DE INEXIGIBILIDADE DE LICITA\u00c7\u00c3O N\u00ba 21\/2026"},"content":{"rendered":"<div id=\"separador\" class=\"cabecalhoEstadoSeparador cabecalhoEstadoSeparador1\">\n<p style=\"text-align: center;\"><strong>ESTADO DO RIO GRANDE DO NORTE<\/strong><br \/>\n<strong>PREFEITURA MUNICIPAL DE LAJES<\/strong><\/p>\n<\/div>\n<p class=\"cabecaorgao\" style=\"text-align: center;\"><strong>GABINETE DO PREFEITO<\/strong><\/p>\n<hr \/>\n<div id=\"materia\" class=\"materia materia20091123 materia1\">\n<p><strong>TERMO DE INEXIGIBILIDADE DE LICITA\u00c7\u00c3O N\u00ba 21\/2026<\/strong><\/p>\n<div class=\"mat\"><b>PROCESSO ADMINISTRATIVO N\u00ba\u00a0<\/b><b>39\/01-2026<\/b><\/div>\n<p>&nbsp;<\/p>\n<p>O\u00a0<b>PREFEITO MUNICIPAL DE LAJES\/RN<\/b>, no uso das atribui\u00e7\u00f5es que lhe s\u00e3o conferidas, e<\/p>\n<p>&nbsp;<\/p>\n<p><b>CONSIDERANDO\u00a0<\/b>o arrazoado contido no parecer da Assessoria Jur\u00eddica deste Munic\u00edpio;<\/p>\n<p>&nbsp;<\/p>\n<p><b>CONSIDERANDO<\/b>\u00a0o disposto do Inciso I, artigo 74, da Lei Federal n\u00ba 14.133\/21, de 01 de abril de 2021 e o Decreto Municipal n\u00b0 11, de 24 de mar\u00e7o de 2023, verbis:<\/p>\n<p>\u201cArt. 74 &#8211; \u00c9 inexig\u00edvel a licita\u00e7\u00e3o quando invi\u00e1vel a competi\u00e7\u00e3o, em especial nos casos de:<\/p>\n<p>I &#8211; Aquisi\u00e7\u00e3o de materiais, de equipamentos ou de g\u00eaneros ou contrata\u00e7\u00e3o de servi\u00e7os que s\u00f3 possam ser fornecidos por produtor, empresa ou representante comercial exclusivos;\u201d<\/p>\n<p>&nbsp;<\/p>\n<p><b>CONSIDERANDO\u00a0<\/b>que, para o objeto em tela \u00e9 de exclusividade, n\u00e3o havendo qualquer outra empresa que possa lhe fazer frente, inviabilizando, com isso, qualquer competi\u00e7\u00e3o;<\/p>\n<p>&nbsp;<\/p>\n<p><b>CONSIDERANDO<\/b>\u00a0haver adequa\u00e7\u00e3o or\u00e7ament\u00e1ria e financeira para custear a despesa, conforme a Lei Or\u00e7ament\u00e1ria em vigor (exerc\u00edcio de 2025), bem como, compatibilidade como o Plano Plurianual (PPA) e a Lei de Diretrizes Or\u00e7ament\u00e1rias (LDO &#8211; exerc\u00edcio de 2025) e saldo or\u00e7ament\u00e1rio suficiente conforme atestado pelo Setor de competente.<\/p>\n<p>&nbsp;<\/p>\n<p><b>RESOLVE<\/b><\/p>\n<p>Com fundamento no\u00a0<b>Artigo 74, I da Lei Federal n\u00ba 14.133\/21, CONTRATAR<\/b>, POR MEIO DE INEXIGIBILIDADE DE LICITA\u00c7\u00c3O o seguinte objeto:<b>\u00a0PAGAMENTO DE TAXAS OBRIGAT\u00d3RIAS JUNTO \u00c0 FEDERA\u00c7\u00c3O NORTE-RIOGRANDENSE DE FUTEBOL DE SAL\u00c3O \u2013 FNFS, COMPREENDENDO TAXA DE FILIA\u00c7\u00c3O, TAXAS DE INSCRI\u00c7\u00c3O EM COMPETI\u00c7\u00d5ES OFICIAIS, TAXAS DE ARBITRAGEM POR JOGOS REALIZADOS E TAXAS DE TRANSFER\u00caNCIA E REGULARIZA\u00c7\u00c3O DE ATLETAS, VISANDO ASSEGURAR A PARTICIPA\u00c7\u00c3O REGULAR DA EQUIPE DE FUTEBOL DE SAL\u00c3O QUE REPRESENTA A SECRETARIA MUNICIPAL DA JUVENTUDE, ESPORTES E TURISMO E O MUNIC\u00cdPIO DE LAJES\/RN EM COMPETI\u00c7\u00d5ES OFICIAIS PROMOVIDAS PELA REFERIDA FEDERA\u00c7\u00c3O,\u00a0<\/b>em favor da empresa\u00a0<b>FEDERA\u00c7\u00c3O NORTE RIO GRANDENSE DE FUTSAL, CNPJ n\u00ba 24.519.951\/0001-30<\/b>, estabelecida \u00e0 Rua Lima e Silva, n\u00ba 05, Anexo Ginasio Poliespotivo Humberto Nesi, Lagoa Nova, Natal\/RN \u2013 CEP: 59.075-710, que apresentou a melhor proposta para o objeto em tela, no valor global de\u00a0<b>R$ 60.092,50 (sessenta mil e noventa e dois reais e cinquenta centavos).<\/b><\/p>\n<p>&nbsp;<\/p>\n<p>A Prefeitura Municipal efetuar\u00e1 o pagamento ap\u00f3s o tr\u00e2mite normal do processo de liquida\u00e7\u00e3o da despesa.<\/p>\n<p>&nbsp;<\/p>\n<p><b>RATIFICA\u00c7\u00c3O<\/b><\/p>\n<p>Ante o exposto, tendo em vista os fundamentos apresentados e a regularidade formal do Processo Administrativo n\u00b0 39\/01-2026, bem como seu enquadramento legal, RATIFICO o\u00a0<b>TERMO DE INEXIGIBILIDADE DE LICITA\u00c7\u00c3O N\u00ba 21\/2026,\u00a0<\/b>para que este produza seus legais efeitos.<\/p>\n<p>&nbsp;<\/p>\n<p>Publique-se.<\/p>\n<p>&nbsp;<\/p>\n<p>Lajes\/RN, em 03 de mar\u00e7o de 2026.<\/p>\n<p>&nbsp;<\/p>\n<p><em><b>FELIPE FERREIRA DE MENEZES ARA\u00daJO<\/b><\/em><\/p>\n<p>Prefeito Municipal<\/p>\n<div align=\"right\">\n<b>Publicado por:<\/b><br \/>\nRobson Edson Fernandes da Silva<br \/>\n<b>C\u00f3digo Identificador:<\/b>A1756736<\/div>\n<p>&nbsp;<\/p>\n<hr \/>\n<p>Mat\u00e9ria publicada no Di\u00e1rio Oficial dos Munic\u00edpios do Estado do Rio Grande do Norte no dia 05\/03\/2026. Edi\u00e7\u00e3o 3743<br \/>\nA verifica\u00e7\u00e3o de autenticidade da mat\u00e9ria pode ser feita informando o c\u00f3digo identificador no site:<br \/>\nhttps:\/\/www.diariomunicipal.com.br\/femurn\/<\/p><\/div>\n<div class=\"pdfprnt-buttons pdfprnt-buttons-post pdfprnt-bottom-right\"><a href=\"https:\/\/lajes.rn.gov.br\/transparente\/index\/wp-json\/wp\/v2\/posts\/40141?print=pdf\" class=\"pdfprnt-button pdfprnt-button-pdf\" target=\"_blank\" ><img decoding=\"async\" src=\"https:\/\/lajes.rn.gov.br\/transparente\/index\/wp-content\/plugins\/pdf-print\/images\/pdf.png\" alt=\"image_pdf\" title=\"Ver PDF\" \/><\/a><a href=\"https:\/\/lajes.rn.gov.br\/transparente\/index\/wp-json\/wp\/v2\/posts\/40141?print=print\" class=\"pdfprnt-button pdfprnt-button-print\" target=\"_blank\" ><img decoding=\"async\" src=\"https:\/\/lajes.rn.gov.br\/transparente\/index\/wp-content\/plugins\/pdf-print\/images\/print.png\" alt=\"image_print\" title=\"Conte\u00fado de impress\u00e3o\" \/><\/a><\/div>","protected":false},"excerpt":{"rendered":"<p>ESTADO DO RIO GRANDE DO NORTE PREFEITURA MUNICIPAL DE LAJES GABINETE DO PREFEITO TERMO DE INEXIGIBILIDADE DE LICITA\u00c7\u00c3O N\u00ba 21\/2026 PROCESSO ADMINISTRATIVO N\u00ba\u00a039\/01-2026 &nbsp; O\u00a0PREFEITO MUNICIPAL DE LAJES\/RN, no uso das atribui\u00e7\u00f5es que lhe s\u00e3o conferidas, e &nbsp; CONSIDERANDO\u00a0o arrazoado contido no parecer da Assessoria Jur\u00eddica deste Munic\u00edpio; &nbsp; CONSIDERANDO\u00a0o disposto do Inciso I, artigo [&hellip;]<\/p>\n","protected":false},"author":3,"featured_media":0,"comment_status":"closed","ping_status":"closed","sticky":false,"template":"","format":"standard","meta":{"ocean_post_layout":"","ocean_both_sidebars_style":"","ocean_both_sidebars_content_width":0,"ocean_both_sidebars_sidebars_width":0,"ocean_sidebar":"0","ocean_second_sidebar":"0","ocean_disable_margins":"enable","ocean_add_body_class":"","ocean_shortcode_before_top_bar":"","ocean_shortcode_after_top_bar":"","ocean_shortcode_before_header":"","ocean_shortcode_after_header":"","ocean_has_shortcode":"","ocean_shortcode_after_title":"","ocean_shortcode_before_footer_widgets":"","ocean_shortcode_after_footer_widgets":"","ocean_shortcode_before_footer_bottom":"","ocean_shortcode_after_footer_bottom":"","ocean_display_top_bar":"default","ocean_display_header":"default","ocean_header_style":"","ocean_center_header_left_menu":"0","ocean_custom_header_template":"0","ocean_custom_logo":0,"ocean_custom_retina_logo":0,"ocean_custom_logo_max_width":0,"ocean_custom_logo_tablet_max_width":0,"ocean_custom_logo_mobile_max_width":0,"ocean_custom_logo_max_height":0,"ocean_custom_logo_tablet_max_height":0,"ocean_custom_logo_mobile_max_height":0,"ocean_header_custom_menu":"0","ocean_menu_typo_font_family":"0","ocean_menu_typo_font_subset":"","ocean_menu_typo_font_size":0,"ocean_menu_typo_font_size_tablet":0,"ocean_menu_typo_font_size_mobile":0,"ocean_menu_typo_font_size_unit":"px","ocean_menu_typo_font_weight":"","ocean_menu_typo_font_weight_tablet":"","ocean_menu_typo_font_weight_mobile":"","ocean_menu_typo_transform":"","ocean_menu_typo_transform_tablet":"","ocean_menu_typo_transform_mobile":"","ocean_menu_typo_line_height":0,"ocean_menu_typo_line_height_tablet":0,"ocean_menu_typo_line_height_mobile":0,"ocean_menu_typo_line_height_unit":"","ocean_menu_typo_spacing":0,"ocean_menu_typo_spacing_tablet":0,"ocean_menu_typo_spacing_mobile":0,"ocean_menu_typo_spacing_unit":"","ocean_menu_link_color":"","ocean_menu_link_color_hover":"","ocean_menu_link_color_active":"","ocean_menu_link_background":"","ocean_menu_link_hover_background":"","ocean_menu_link_active_background":"","ocean_menu_social_links_bg":"","ocean_menu_social_hover_links_bg":"","ocean_menu_social_links_color":"","ocean_menu_social_hover_links_color":"","ocean_disable_title":"default","ocean_disable_heading":"default","ocean_post_title":"","ocean_post_subheading":"","ocean_post_title_style":"","ocean_post_title_background_color":"","ocean_post_title_background":0,"ocean_post_title_bg_image_position":"","ocean_post_title_bg_image_attachment":"","ocean_post_title_bg_image_repeat":"","ocean_post_title_bg_image_size":"","ocean_post_title_height":0,"ocean_post_title_bg_overlay":0.5,"ocean_post_title_bg_overlay_color":"","ocean_disable_breadcrumbs":"default","ocean_breadcrumbs_color":"","ocean_breadcrumbs_separator_color":"","ocean_breadcrumbs_links_color":"","ocean_breadcrumbs_links_hover_color":"","ocean_display_footer_widgets":"default","ocean_display_footer_bottom":"default","ocean_custom_footer_template":"0","ocean_post_oembed":"","ocean_post_self_hosted_media":"","ocean_post_video_embed":"","ocean_link_format":"","ocean_link_format_target":"self","ocean_quote_format":"","ocean_quote_format_link":"post","ocean_gallery_link_images":"on","ocean_gallery_id":[],"footnotes":""},"categories":[3,105,255],"tags":[],"class_list":["post-40141","post","type-post","status-publish","format-standard","hentry","category-licitacao","category-termo-de-inexigibilidade","category-termo-de-inexigibilidade-2026","entry"],"_links":{"self":[{"href":"https:\/\/lajes.rn.gov.br\/transparente\/index\/wp-json\/wp\/v2\/posts\/40141","targetHints":{"allow":["GET"]}}],"collection":[{"href":"https:\/\/lajes.rn.gov.br\/transparente\/index\/wp-json\/wp\/v2\/posts"}],"about":[{"href":"https:\/\/lajes.rn.gov.br\/transparente\/index\/wp-json\/wp\/v2\/types\/post"}],"author":[{"embeddable":true,"href":"https:\/\/lajes.rn.gov.br\/transparente\/index\/wp-json\/wp\/v2\/users\/3"}],"replies":[{"embeddable":true,"href":"https:\/\/lajes.rn.gov.br\/transparente\/index\/wp-json\/wp\/v2\/comments?post=40141"}],"version-history":[{"count":1,"href":"https:\/\/lajes.rn.gov.br\/transparente\/index\/wp-json\/wp\/v2\/posts\/40141\/revisions"}],"predecessor-version":[{"id":40142,"href":"https:\/\/lajes.rn.gov.br\/transparente\/index\/wp-json\/wp\/v2\/posts\/40141\/revisions\/40142"}],"wp:attachment":[{"href":"https:\/\/lajes.rn.gov.br\/transparente\/index\/wp-json\/wp\/v2\/media?parent=40141"}],"wp:term":[{"taxonomy":"category","embeddable":true,"href":"https:\/\/lajes.rn.gov.br\/transparente\/index\/wp-json\/wp\/v2\/categories?post=40141"},{"taxonomy":"post_tag","embeddable":true,"href":"https:\/\/lajes.rn.gov.br\/transparente\/index\/wp-json\/wp\/v2\/tags?post=40141"}],"curies":[{"name":"wp","href":"https:\/\/api.w.org\/{rel}","templated":true}]}}