{"id":40107,"date":"2026-04-08T13:16:37","date_gmt":"2026-04-08T16:16:37","guid":{"rendered":"https:\/\/lajes.rn.gov.br\/transparente\/index\/?p=40107"},"modified":"2026-04-09T13:21:32","modified_gmt":"2026-04-09T16:21:32","slug":"lei-municipal-no-1-058-2026-dispoe-sobre-a-alteracao-dos-artigos-2o-3o-e-4o-da-lei-no-1-052-de-09-de-marco-de-2026-que-trata-do-parcelamento-e-reparcelamento-de-debitos-do-municipio-de-lajes-rn-c","status":"publish","type":"post","link":"https:\/\/lajes.rn.gov.br\/transparente\/index\/lei-municipal-no-1-058-2026-dispoe-sobre-a-alteracao-dos-artigos-2o-3o-e-4o-da-lei-no-1-052-de-09-de-marco-de-2026-que-trata-do-parcelamento-e-reparcelamento-de-debitos-do-municipio-de-lajes-rn-c\/","title":{"rendered":"LEI MUNICIPAL N\u00ba 1.058\/2026 &#8211; Disp\u00f5e sobre a altera\u00e7\u00e3o dos artigos 2\u00ba, 3\u00ba e 4\u00ba, da Lei n\u00ba 1.052 de 09 de mar\u00e7o de 2026, que trata do parcelamento e reparcelamento de d\u00e9bitos do Munic\u00edpio de Lajes\/RN com seu Regime Pr\u00f3prio de Previd\u00eancia Social &#8211; RPPS"},"content":{"rendered":"<div id=\"separador\" class=\"cabecalhoEstadoSeparador cabecalhoEstadoSeparador1\">\n<p style=\"text-align: center;\"><strong>ESTADO DO RIO GRANDE DO NORTE<\/strong><br \/>\n<strong>PREFEITURA MUNICIPAL DE LAJES<\/strong><\/p>\n<\/div>\n<p class=\"cabecaorgao\" style=\"text-align: center;\"><strong>GABINETE DO PREFEITO<\/strong><\/p>\n<hr \/>\n<div id=\"materia\" class=\"materia materia20091123 materia1\">\n<p><strong>LEI MUNICIPAL N\u00ba 1.058 DE 08 DE ABRIL DE 2026.<\/strong><\/p>\n<div class=\"mat\">Disp\u00f5e sobre a altera\u00e7\u00e3o dos artigos 2\u00ba, 3\u00ba e 4\u00ba, da Lei n\u00ba 1.052 de 09 de mar\u00e7o de 2026, que trata do parcelamento e reparcelamento de d\u00e9bitos do Munic\u00edpio de Lajes\/RN com seu Regime Pr\u00f3prio de Previd\u00eancia Social &#8211; RPPS, de que tratam os arts. 115 e 117 do Ato das Disposi\u00e7\u00f5es Constitucionais Transit\u00f3rias &#8211; ADCT, com a reda\u00e7\u00e3o conferida pela Emenda Constitucional n\u00ba 136, de 9 de setembro de 2025, para constar o \u00edndice de corre\u00e7\u00e3o em conformidade com a Portaria MTP 1.467\/2022.<\/div>\n<p>&nbsp;<\/p>\n<p><b>O PREFEITO MUNICIPAL DE LAJES<\/b>, Estado do Rio Grande do Norte, no uso de suas atribui\u00e7\u00f5es legais outorgadas pela Lei Org\u00e2nica, faz saber que a soberana C\u00e2mara Municipal aprovou, e eu sanciono a seguinte Lei.<\/p>\n<p>&nbsp;<\/p>\n<p>Art. 1\u00ba &#8211; Os artigos 2\u00ba, 3\u00ba e 4\u00ba da Lei n\u00ba 1.052 de 09 de mar\u00e7o de 2026, passa a vigorar com a seguinte reda\u00e7\u00e3o:<\/p>\n<p>&nbsp;<\/p>\n<p><b>\u201cArt. 2\u00ba<\/b>\u00a0Para apura\u00e7\u00e3o do montante devido a ser parcelado os valores originais ser\u00e3o atualizados pelo \u00cdndice Nacional de Pre\u00e7os ao Consumidor &#8211; INPC, acrescido de juros simples de 0,50% (meio por cento) ao m\u00eas, acumulados desde a data de vencimento at\u00e9 a data da consolida\u00e7\u00e3o do termo de acordo de parcelamento, com dispensa de multa.<\/p>\n<p>&nbsp;<\/p>\n<p><b>Par\u00e1grafo \u00fanico<\/b>. Em caso de inclus\u00e3o, nos parcelamentos de que trata esta lei, de d\u00e9bitos j\u00e1 parcelados anteriormente, para apura\u00e7\u00e3o dos novos saldos devedores, aplicam-se os crit\u00e9rios previstos no caput aos valores dos montantes consolidados dos parcelamentos ou reparcelamentos anteriores deduzidos das respectivas presta\u00e7\u00f5es pagas, acumulados desde a data da consolida\u00e7\u00e3o dos parcelamentos ou reparcelamentos anteriores at\u00e9 a data da nova consolida\u00e7\u00e3o dos termos de reparcelamento.<\/p>\n<p>&nbsp;<\/p>\n<p><b>Art. 3\u00ba<\/b>\u00a0As presta\u00e7\u00f5es vincendas ser\u00e3o atualizadas mensalmente pelo \u00cdndice Nacional de Pre\u00e7os ao Consumidor &#8211; INPC, acrescido de juros simples de 0,50% (meio por cento) ao m\u00eas, acumulados desde a data de consolida\u00e7\u00e3o dos montantes devidos nos termos de acordo de parcelamento ou reparcelamento at\u00e9 o m\u00eas do pagamento.<\/p>\n<p>&nbsp;<\/p>\n<p><b>Art. 4\u00ba<\/b>\u00a0As presta\u00e7\u00f5es vencidas ser\u00e3o atualizadas mensalmente, pelo \u00cdndice Nacional de Pre\u00e7os ao Consumidor &#8211; INPC, acrescido de juros simples de 0,50% (meio por cento) ao m\u00eas e multa de 2% (dois por cento), acumulados desde a data do seu vencimento, at\u00e9 o m\u00eas do efetivo pagamento.\u201d<\/p>\n<p>&nbsp;<\/p>\n<p>Art. 2\u00ba Esta lei entra em vigor na data de sua publica\u00e7\u00e3o, revogando as disposi\u00e7\u00f5es em contr\u00e1rio.<\/p>\n<p>&nbsp;<\/p>\n<p><b>Gabinete do Prefeito do Munic\u00edpio de Lajes\/RN, em 08 de abril de 2026.<\/b><\/p>\n<p>&nbsp;<\/p>\n<p>&nbsp;<\/p>\n<p><b><i>FELIPE FERREIRA DE MENEZES ARA\u00daJO<\/i><\/b><\/p>\n<p><b><i><\/i><\/b>&nbsp;<\/p>\n<p>Prefeito Municipal<\/p>\n<div align=\"right\">\n<b>Publicado por:<\/b><br \/>\nJanssen Anderson do Nascimento Costa<br \/>\n<b>C\u00f3digo Identificador:<\/b>220CC7EA<\/div>\n<p>&nbsp;<\/p>\n<hr \/>\n<p>Mat\u00e9ria publicada no Di\u00e1rio Oficial dos Munic\u00edpios do Estado do Rio Grande do Norte no dia 09\/04\/2026. Edi\u00e7\u00e3o 3767<br \/>\nA verifica\u00e7\u00e3o de autenticidade da mat\u00e9ria pode ser feita informando o c\u00f3digo identificador no site:<br \/>\nhttps:\/\/www.diariomunicipal.com.br\/femurn\/<\/p><\/div>\n<div class=\"pdfprnt-buttons pdfprnt-buttons-post pdfprnt-bottom-right\"><a href=\"https:\/\/lajes.rn.gov.br\/transparente\/index\/wp-json\/wp\/v2\/posts\/40107?print=pdf\" class=\"pdfprnt-button pdfprnt-button-pdf\" target=\"_blank\" ><img decoding=\"async\" src=\"https:\/\/lajes.rn.gov.br\/transparente\/index\/wp-content\/plugins\/pdf-print\/images\/pdf.png\" alt=\"image_pdf\" title=\"Ver PDF\" \/><\/a><a href=\"https:\/\/lajes.rn.gov.br\/transparente\/index\/wp-json\/wp\/v2\/posts\/40107?print=print\" class=\"pdfprnt-button pdfprnt-button-print\" target=\"_blank\" ><img decoding=\"async\" src=\"https:\/\/lajes.rn.gov.br\/transparente\/index\/wp-content\/plugins\/pdf-print\/images\/print.png\" alt=\"image_print\" title=\"Conte\u00fado de impress\u00e3o\" \/><\/a><\/div>","protected":false},"excerpt":{"rendered":"<p>ESTADO DO RIO GRANDE DO NORTE PREFEITURA MUNICIPAL DE LAJES GABINETE DO PREFEITO LEI MUNICIPAL N\u00ba 1.058 DE 08 DE ABRIL DE 2026. Disp\u00f5e sobre a altera\u00e7\u00e3o dos artigos 2\u00ba, 3\u00ba e 4\u00ba, da Lei n\u00ba 1.052 de 09 de mar\u00e7o de 2026, que trata do parcelamento e reparcelamento de d\u00e9bitos do Munic\u00edpio de Lajes\/RN [&hellip;]<\/p>\n","protected":false},"author":3,"featured_media":0,"comment_status":"closed","ping_status":"closed","sticky":false,"template":"","format":"standard","meta":{"ocean_post_layout":"","ocean_both_sidebars_style":"","ocean_both_sidebars_content_width":0,"ocean_both_sidebars_sidebars_width":0,"ocean_sidebar":"0","ocean_second_sidebar":"0","ocean_disable_margins":"enable","ocean_add_body_class":"","ocean_shortcode_before_top_bar":"","ocean_shortcode_after_top_bar":"","ocean_shortcode_before_header":"","ocean_shortcode_after_header":"","ocean_has_shortcode":"","ocean_shortcode_after_title":"","ocean_shortcode_before_footer_widgets":"","ocean_shortcode_after_footer_widgets":"","ocean_shortcode_before_footer_bottom":"","ocean_shortcode_after_footer_bottom":"","ocean_display_top_bar":"default","ocean_display_header":"default","ocean_header_style":"","ocean_center_header_left_menu":"0","ocean_custom_header_template":"0","ocean_custom_logo":0,"ocean_custom_retina_logo":0,"ocean_custom_logo_max_width":0,"ocean_custom_logo_tablet_max_width":0,"ocean_custom_logo_mobile_max_width":0,"ocean_custom_logo_max_height":0,"ocean_custom_logo_tablet_max_height":0,"ocean_custom_logo_mobile_max_height":0,"ocean_header_custom_menu":"0","ocean_menu_typo_font_family":"0","ocean_menu_typo_font_subset":"","ocean_menu_typo_font_size":0,"ocean_menu_typo_font_size_tablet":0,"ocean_menu_typo_font_size_mobile":0,"ocean_menu_typo_font_size_unit":"px","ocean_menu_typo_font_weight":"","ocean_menu_typo_font_weight_tablet":"","ocean_menu_typo_font_weight_mobile":"","ocean_menu_typo_transform":"","ocean_menu_typo_transform_tablet":"","ocean_menu_typo_transform_mobile":"","ocean_menu_typo_line_height":0,"ocean_menu_typo_line_height_tablet":0,"ocean_menu_typo_line_height_mobile":0,"ocean_menu_typo_line_height_unit":"","ocean_menu_typo_spacing":0,"ocean_menu_typo_spacing_tablet":0,"ocean_menu_typo_spacing_mobile":0,"ocean_menu_typo_spacing_unit":"","ocean_menu_link_color":"","ocean_menu_link_color_hover":"","ocean_menu_link_color_active":"","ocean_menu_link_background":"","ocean_menu_link_hover_background":"","ocean_menu_link_active_background":"","ocean_menu_social_links_bg":"","ocean_menu_social_hover_links_bg":"","ocean_menu_social_links_color":"","ocean_menu_social_hover_links_color":"","ocean_disable_title":"default","ocean_disable_heading":"default","ocean_post_title":"","ocean_post_subheading":"","ocean_post_title_style":"","ocean_post_title_background_color":"","ocean_post_title_background":0,"ocean_post_title_bg_image_position":"","ocean_post_title_bg_image_attachment":"","ocean_post_title_bg_image_repeat":"","ocean_post_title_bg_image_size":"","ocean_post_title_height":0,"ocean_post_title_bg_overlay":0.5,"ocean_post_title_bg_overlay_color":"","ocean_disable_breadcrumbs":"default","ocean_breadcrumbs_color":"","ocean_breadcrumbs_separator_color":"","ocean_breadcrumbs_links_color":"","ocean_breadcrumbs_links_hover_color":"","ocean_display_footer_widgets":"default","ocean_display_footer_bottom":"default","ocean_custom_footer_template":"0","ocean_post_oembed":"","ocean_post_self_hosted_media":"","ocean_post_video_embed":"","ocean_link_format":"","ocean_link_format_target":"self","ocean_quote_format":"","ocean_quote_format_link":"post","ocean_gallery_link_images":"on","ocean_gallery_id":[],"footnotes":""},"categories":[2,49,262],"tags":[],"class_list":["post-40107","post","type-post","status-publish","format-standard","hentry","category-legislacao","category-leis-municipais","category-leis-municipais-2026","entry"],"_links":{"self":[{"href":"https:\/\/lajes.rn.gov.br\/transparente\/index\/wp-json\/wp\/v2\/posts\/40107","targetHints":{"allow":["GET"]}}],"collection":[{"href":"https:\/\/lajes.rn.gov.br\/transparente\/index\/wp-json\/wp\/v2\/posts"}],"about":[{"href":"https:\/\/lajes.rn.gov.br\/transparente\/index\/wp-json\/wp\/v2\/types\/post"}],"author":[{"embeddable":true,"href":"https:\/\/lajes.rn.gov.br\/transparente\/index\/wp-json\/wp\/v2\/users\/3"}],"replies":[{"embeddable":true,"href":"https:\/\/lajes.rn.gov.br\/transparente\/index\/wp-json\/wp\/v2\/comments?post=40107"}],"version-history":[{"count":1,"href":"https:\/\/lajes.rn.gov.br\/transparente\/index\/wp-json\/wp\/v2\/posts\/40107\/revisions"}],"predecessor-version":[{"id":40108,"href":"https:\/\/lajes.rn.gov.br\/transparente\/index\/wp-json\/wp\/v2\/posts\/40107\/revisions\/40108"}],"wp:attachment":[{"href":"https:\/\/lajes.rn.gov.br\/transparente\/index\/wp-json\/wp\/v2\/media?parent=40107"}],"wp:term":[{"taxonomy":"category","embeddable":true,"href":"https:\/\/lajes.rn.gov.br\/transparente\/index\/wp-json\/wp\/v2\/categories?post=40107"},{"taxonomy":"post_tag","embeddable":true,"href":"https:\/\/lajes.rn.gov.br\/transparente\/index\/wp-json\/wp\/v2\/tags?post=40107"}],"curies":[{"name":"wp","href":"https:\/\/api.w.org\/{rel}","templated":true}]}}