{"id":40103,"date":"2026-03-25T12:49:49","date_gmt":"2026-03-25T15:49:49","guid":{"rendered":"https:\/\/lajes.rn.gov.br\/transparente\/index\/?p=40103"},"modified":"2026-04-09T12:50:46","modified_gmt":"2026-04-09T15:50:46","slug":"lei-municipal-no-1-057-2026-altera-o-anexo-ii-da-lei-municipal-no-941-2023-para-reajustar-o-valor-dos-salarios-dos-servidores-da-camara-municipal-de-lajes-rn-e-da-outras-providencias","status":"publish","type":"post","link":"https:\/\/lajes.rn.gov.br\/transparente\/index\/lei-municipal-no-1-057-2026-altera-o-anexo-ii-da-lei-municipal-no-941-2023-para-reajustar-o-valor-dos-salarios-dos-servidores-da-camara-municipal-de-lajes-rn-e-da-outras-providencias\/","title":{"rendered":"LEI MUNICIPAL N\u00ba 1.057\/2026 &#8211; \u201cAltera o Anexo II da Lei Municipal n\u00ba 941\/2023, para reajustar o valor dos sal\u00e1rios dos servidores da C\u00e2mara Municipal de Lajes\/RN e d\u00e1 outras provid\u00eancias.\u201d"},"content":{"rendered":"<div id=\"separador\" class=\"cabecalhoEstadoSeparador cabecalhoEstadoSeparador2\">\n<p style=\"text-align: center;\"><strong>ESTADO DO RIO GRANDE DO NORTE<\/strong><br \/>\n<strong>PREFEITURA MUNICIPAL DE LAJES<\/strong><\/p>\n<\/div>\n<p class=\"cabecaorgao\" style=\"text-align: center;\"><strong>GABINETE DO PREFEITO<\/strong><\/p>\n<hr \/>\n<div id=\"materia\" class=\"materia materia20091123 materia2\">\n<p><strong>LEI MUNICIPAL N\u00ba 1.057 DE 25 DE MAR\u00c7O DE 2026.<\/strong><\/p>\n<p>&nbsp;<\/p>\n<p><i>\u201cAltera o Anexo II da Lei Municipal n\u00ba 941\/2023, para reajustar o valor dos sal\u00e1rios dos servidores da C\u00e2mara Municipal de Lajes\/RN e d\u00e1 outras provid\u00eancias.\u201d<\/i><\/p>\n<p>&nbsp;<\/p>\n<p><b>O PREFEITO MUNICIPAL DE LAJES,\u00a0<\/b>Estado do Rio Grande do Norte, no uso das atribui\u00e7\u00f5es que lhe s\u00e3o conferidas pela Lei Org\u00e2nica Municipal, faz saber que a C\u00e2mara Municipal aprovou e eu sanciono a seguinte Lei:<\/p>\n<p>&nbsp;<\/p>\n<p><b>Art. 1\u00ba<\/b>\u00a0O Anexo II da Lei Municipal n\u00ba 941\/2023 passa a vigorar conforme o Anexo \u00danico da presente Lei.<\/p>\n<p>&nbsp;<\/p>\n<p><b>Art. 2\u00ba<\/b>\u00a0Esta Lei entra em vigor na data de sua publica\u00e7\u00e3o, retroagindo seus efeitos legais e financeiros a 2 de mar\u00e7o de 2026, revogando disposi\u00e7\u00f5es contr\u00e1rias.<\/p>\n<p>&nbsp;<\/p>\n<p>Lajes\/RN, 25 de mar\u00e7o de 2026.<\/p>\n<p>&nbsp;<\/p>\n<p><b><i>FELIPE FERREIRA DE MENEZES ARA\u00daJO<\/i><\/b><\/p>\n<p>Prefeito Municipal<\/p>\n<p>&nbsp;<\/p>\n<p><b>ANEXO \u00daNICO<\/b><\/p>\n<p><b>CARGOS COMISSIONADOS\/QUADRO DE VAGAS<\/b><\/p>\n<p>&nbsp;<\/p>\n<p>\u00d3rg\u00e3o de apoio e assessoramento direto ao Presidente<\/p>\n<p>&nbsp;<\/p>\n<p>1.1 Gabinete do Presidente<\/p>\n<p>&nbsp;<\/p>\n<table class=\"mat\" border=\"1\" cellspacing=\"0\" cellpadding=\"0\" align=\"left\">\n<tbody>\n<tr>\n<td width=\"122\"><b>NOMECLATURA<\/b><\/td>\n<td width=\"57\"><b>VAGAS<\/b><\/td>\n<td width=\"158\"><b>ESCOLARIDADE M\u00cdNIMA<\/b><\/td>\n<td width=\"63\"><b>Natureza do Cargo<\/b><\/td>\n<td width=\"77\"><b>CARGA HOR\u00c1RIA<\/b><\/td>\n<td><b>VENCIMENTO<\/b><\/td>\n<\/tr>\n<tr>\n<td width=\"122\">Chefe de Gabinete<\/td>\n<td width=\"57\">01 (uma)<\/td>\n<td width=\"158\">Ensino M\u00e9dio Completo<\/td>\n<td width=\"63\">Cargo em Comiss\u00e3o<\/td>\n<td width=\"77\">40 horas\/semana<\/td>\n<td>R$ 5.000,00<\/td>\n<\/tr>\n<tr>\n<td width=\"122\">Assessor Parlamentar<\/td>\n<td width=\"57\">01 (uma)<\/td>\n<td width=\"158\">Ensino M\u00e9dio Completo e CNH \u201cB\u201d<\/td>\n<td width=\"63\">Cargo em Comiss\u00e3o<\/td>\n<td width=\"77\">40 horas\/semana<\/td>\n<td>R$ 3.200,00<\/td>\n<\/tr>\n<tr>\n<td width=\"122\">Assessor Plen\u00e1ria<\/td>\n<td width=\"57\">02 (duas)<\/td>\n<td width=\"158\">Ensino M\u00e9dio Completo<\/td>\n<td width=\"63\">Cargo em Comiss\u00e3o<\/td>\n<td width=\"77\">40 horas\/semana<\/td>\n<td>R$ 2.000,00<\/td>\n<\/tr>\n<\/tbody>\n<\/table>\n<p>&nbsp;<\/p>\n<p>Procuradoria do Legislativo<\/p>\n<table class=\"mat\" border=\"1\" cellspacing=\"0\" cellpadding=\"0\" align=\"left\">\n<tbody>\n<tr>\n<td width=\"123\"><b>NOMECLATURA<\/b><\/td>\n<td width=\"57\"><b>VAGAS<\/b><\/td>\n<td width=\"158\"><b>ESCOLARIDADE M\u00cdNIMA<\/b><\/td>\n<td width=\"63\"><b>Natureza do Cargo<\/b><\/td>\n<td width=\"77\"><b>CARGA HOR\u00c1RIA<\/b><\/td>\n<td width=\"89\"><b>VENCIMENTO<\/b><\/td>\n<\/tr>\n<tr>\n<td width=\"123\">Procurador Legislativo<\/td>\n<td width=\"57\">01 (uma)<\/td>\n<td width=\"158\">Ensino Superior Completo em Direito e OAB<\/td>\n<td width=\"63\">Cargo em Comiss\u00e3o<\/td>\n<td width=\"77\">20 horas\/semana<\/td>\n<td width=\"89\">R$ 5.000,00<\/td>\n<\/tr>\n<\/tbody>\n<\/table>\n<p>&nbsp;<\/p>\n<p>Controladoria Legislativa<\/p>\n<table class=\"mat\" border=\"1\" cellspacing=\"0\" cellpadding=\"0\" align=\"left\">\n<tbody>\n<tr>\n<td width=\"122\"><b>NOMECLAT\u2019URA<\/b><\/td>\n<td width=\"57\"><b>VAGAS<\/b><\/td>\n<td width=\"158\"><b>ESCOLARIDADE M\u00cdNIMA<\/b><\/td>\n<td width=\"63\"><b>Natureza do Cargo<\/b><\/td>\n<td width=\"77\"><b>CARGA HOR\u00c1RIA<\/b><\/td>\n<td width=\"89\"><b>VENCIMENTO<\/b><\/td>\n<\/tr>\n<tr>\n<td width=\"122\">Controlador Interno do Legislativo<\/td>\n<td width=\"57\">01 (uma)<\/td>\n<td width=\"158\">Ensino Superior Completo<\/td>\n<td width=\"63\">Cargo em Comiss\u00e3o<\/td>\n<td width=\"77\">20 horas\/semana<\/td>\n<td width=\"89\">R$ 5.000,00<\/td>\n<\/tr>\n<\/tbody>\n<\/table>\n<p>&nbsp;<\/p>\n<p>Diretoria Administrativa do Legislativo<\/p>\n<table class=\"mat\" border=\"1\" cellspacing=\"0\" cellpadding=\"0\" align=\"left\">\n<tbody>\n<tr>\n<td width=\"122\"><b>NOMECLATURA<\/b><\/td>\n<td width=\"57\"><b>VAGAS<\/b><\/td>\n<td width=\"158\"><b>ESCOLARIDADE M\u00cdNIMA<\/b><\/td>\n<td width=\"63\"><b>Natureza do Cargo<\/b><\/td>\n<td width=\"77\"><b>CARGA HOR\u00c1RIA<\/b><\/td>\n<td width=\"89\"><b>VENCIMENTO<\/b><\/td>\n<\/tr>\n<tr>\n<td width=\"122\">Secret\u00e1rio Administrativo<\/td>\n<td width=\"57\">01 (uma)<\/td>\n<td width=\"158\">Ensino M\u00e9dio Completo<\/td>\n<td width=\"63\">Cargo em Comiss\u00e3o<\/td>\n<td width=\"77\">40 horas\/semana<\/td>\n<td width=\"89\">R$ 5.000,00<\/td>\n<\/tr>\n<tr>\n<td width=\"122\">Diretor de Reda\u00e7\u00e3o<\/td>\n<td width=\"57\">01 (uma)<\/td>\n<td width=\"158\">Ensino M\u00e9dio Completo<\/td>\n<td width=\"63\">Cargo em Comiss\u00e3o<\/td>\n<td width=\"77\">40 horas\/semana<\/td>\n<td width=\"89\">R$ 3.200,00<\/td>\n<\/tr>\n<tr>\n<td width=\"122\">Chefe de Patrim\u00f4nio e Almox.<\/td>\n<td width=\"57\">01 (uma)<\/td>\n<td width=\"158\">Ensino M\u00e9dio Completo<\/td>\n<td width=\"63\">Cargo em Comiss\u00e3o<\/td>\n<td width=\"77\">40 horas\/semana<\/td>\n<td width=\"89\">R$ 2.800,00<\/td>\n<\/tr>\n<tr>\n<td width=\"122\">Assessor de Imprensa e Com.<\/td>\n<td width=\"57\">01 (uma)<\/td>\n<td width=\"158\">Ensino M\u00e9dio Completo<\/td>\n<td width=\"63\">Cargo em Comiss\u00e3o<\/td>\n<td width=\"77\">40 horas\/semana<\/td>\n<td>R$ 2.000,00<\/td>\n<\/tr>\n<\/tbody>\n<\/table>\n<p>&nbsp;<\/p>\n<p>\u00d3rg\u00e3o de Gest\u00e3o Executiva<\/p>\n<p>&nbsp;<\/p>\n<p>2.1 Diretoria Financeira<\/p>\n<table class=\"mat\" border=\"1\" cellspacing=\"0\" cellpadding=\"0\" align=\"left\">\n<tbody>\n<tr>\n<td width=\"122\"><b>NOMECLATURA<\/b><\/td>\n<td width=\"57\"><b>VAGAS<\/b><\/td>\n<td width=\"158\"><b>ESCOLARIDADE M\u00cdNIMA<\/b><\/td>\n<td width=\"63\"><b>Natureza do Cargo<\/b><\/td>\n<td width=\"77\"><b>CARGA HOR\u00c1RIA<\/b><\/td>\n<td width=\"89\"><b>VENCIMENTO<\/b><\/td>\n<\/tr>\n<tr>\n<td width=\"122\">Tesoureiro<\/td>\n<td width=\"57\">01 (uma)<\/td>\n<td width=\"158\">Ensino M\u00e9dio Completo<\/td>\n<td width=\"63\">Cargo em Comiss\u00e3o<\/td>\n<td width=\"77\">40 horas\/semana<\/td>\n<td width=\"89\">R$ 5.000,00<\/td>\n<\/tr>\n<\/tbody>\n<\/table>\n<p>&nbsp;<\/p>\n<p>Diretoria Cont\u00e1bil<\/p>\n<table class=\"mat\" border=\"0\" cellspacing=\"0\" cellpadding=\"0\" align=\"left\">\n<tbody>\n<tr>\n<td width=\"122\"><b>NOMECLATURA<\/b><\/td>\n<td width=\"57\"><b>VAGAS<\/b><\/td>\n<td width=\"158\"><b>ESCOLARIDADE M\u00cdNIMA<\/b><\/td>\n<td width=\"63\"><b>Natureza do Cargo<\/b><\/td>\n<td width=\"77\"><b>CARGA HOR\u00c1RIA<\/b><\/td>\n<td width=\"89\"><b>VENCIMENTO<\/b><\/td>\n<\/tr>\n<tr>\n<td width=\"122\">Contador Geral<\/td>\n<td width=\"57\">01 (uma)<\/td>\n<td width=\"158\">Ensino Superior Completo em Ci\u00eancias Cont\u00e1beis<\/td>\n<td width=\"63\">Cargo em Comiss\u00e3o<\/td>\n<td width=\"77\">20 horas\/semana<\/td>\n<td width=\"89\">R$ 5.000,00<\/td>\n<\/tr>\n<\/tbody>\n<\/table>\n<p>&nbsp;<\/p>\n<p>Escola e R\u00e1dio do Legislativo e Cerim\u00f4nias Legislativas<\/p>\n<p>&nbsp;<\/p>\n<table class=\"mat\" border=\"1\" cellspacing=\"0\" cellpadding=\"0\" align=\"left\">\n<tbody>\n<tr>\n<td width=\"122\"><b>NOMECLATURA<\/b><\/td>\n<td width=\"57\"><b>VAGAS<\/b><\/td>\n<td width=\"158\"><b>ESCOLARIDADE M\u00cdNIMA<\/b><\/td>\n<td width=\"63\"><b>Natureza do Cargo<\/b><\/td>\n<td width=\"77\"><b>CARGA HOR\u00c1RIA<\/b><\/td>\n<td width=\"89\"><b>VENCIMENTO<\/b><\/td>\n<\/tr>\n<tr>\n<td width=\"122\">Diretor da Escola do Legislativo<\/td>\n<td width=\"57\">01 (uma)<\/td>\n<td width=\"158\">Ensino M\u00e9dio Completo<\/td>\n<td width=\"63\">Cargo em Comiss\u00e3o<\/td>\n<td width=\"77\">30 horas\/semana<\/td>\n<td width=\"89\">R$ 3.000,00<\/td>\n<\/tr>\n<tr>\n<td width=\"122\">Diretor da R\u00e1dio do Legislativo<\/td>\n<td width=\"57\">01 (uma)<\/td>\n<td width=\"158\">Ensino M\u00e9dio Completo<\/td>\n<td width=\"63\">Cargo em Comiss\u00e3o<\/td>\n<td width=\"77\">40 horas\/semana<\/td>\n<td width=\"89\">R$ 2.800,00<\/td>\n<\/tr>\n<tr>\n<td width=\"122\">Assessor de Cerim\u00f4nia<\/td>\n<td width=\"57\">01 (uma)<\/td>\n<td width=\"158\">Ensino M\u00e9dio Completo<\/td>\n<td width=\"63\">Cargo em Comiss\u00e3o<\/td>\n<td width=\"77\">40 horas\/semana<\/td>\n<td width=\"89\">R$ 2.800,00<\/td>\n<\/tr>\n<tr>\n<td width=\"122\">Coordenador da Escola do Legislativo<\/td>\n<td width=\"57\">01 (uma)<\/td>\n<td width=\"158\">Ensino M\u00e9dio Completo<\/td>\n<td width=\"63\">Cargo em Comiss\u00e3o<\/td>\n<td width=\"77\">30 horas\/semana<\/td>\n<td width=\"89\">R$ 2.800,00<\/td>\n<\/tr>\n<\/tbody>\n<\/table>\n<div align=\"right\">\n<b>Publicado por:<\/b><br \/>\nIcaro Lucas Martins<br \/>\n<b>C\u00f3digo Identificador:<\/b>C7E68CA6<\/div>\n<p>&nbsp;<\/p>\n<hr \/>\n<p>Mat\u00e9ria publicada no Di\u00e1rio Oficial dos Munic\u00edpios do Estado do Rio Grande do Norte no dia 26\/03\/2026. Edi\u00e7\u00e3o 3758<br \/>\nA verifica\u00e7\u00e3o de autenticidade da mat\u00e9ria pode ser feita informando o c\u00f3digo identificador no site:<br \/>\nhttps:\/\/www.diariomunicipal.com.br\/femurn\/<\/p><\/div>\n<div class=\"pdfprnt-buttons pdfprnt-buttons-post pdfprnt-bottom-right\"><a href=\"https:\/\/lajes.rn.gov.br\/transparente\/index\/wp-json\/wp\/v2\/posts\/40103?print=pdf\" class=\"pdfprnt-button pdfprnt-button-pdf\" target=\"_blank\" ><img decoding=\"async\" src=\"https:\/\/lajes.rn.gov.br\/transparente\/index\/wp-content\/plugins\/pdf-print\/images\/pdf.png\" alt=\"image_pdf\" title=\"Ver PDF\" \/><\/a><a href=\"https:\/\/lajes.rn.gov.br\/transparente\/index\/wp-json\/wp\/v2\/posts\/40103?print=print\" class=\"pdfprnt-button pdfprnt-button-print\" target=\"_blank\" ><img decoding=\"async\" src=\"https:\/\/lajes.rn.gov.br\/transparente\/index\/wp-content\/plugins\/pdf-print\/images\/print.png\" alt=\"image_print\" title=\"Conte\u00fado de impress\u00e3o\" \/><\/a><\/div>","protected":false},"excerpt":{"rendered":"<p>ESTADO DO RIO GRANDE DO NORTE PREFEITURA MUNICIPAL DE LAJES GABINETE DO PREFEITO LEI MUNICIPAL N\u00ba 1.057 DE 25 DE MAR\u00c7O DE 2026. &nbsp; \u201cAltera o Anexo II da Lei Municipal n\u00ba 941\/2023, para reajustar o valor dos sal\u00e1rios dos servidores da C\u00e2mara Municipal de Lajes\/RN e d\u00e1 outras provid\u00eancias.\u201d &nbsp; O PREFEITO MUNICIPAL DE [&hellip;]<\/p>\n","protected":false},"author":3,"featured_media":0,"comment_status":"closed","ping_status":"closed","sticky":false,"template":"","format":"standard","meta":{"ocean_post_layout":"","ocean_both_sidebars_style":"","ocean_both_sidebars_content_width":0,"ocean_both_sidebars_sidebars_width":0,"ocean_sidebar":"0","ocean_second_sidebar":"0","ocean_disable_margins":"enable","ocean_add_body_class":"","ocean_shortcode_before_top_bar":"","ocean_shortcode_after_top_bar":"","ocean_shortcode_before_header":"","ocean_shortcode_after_header":"","ocean_has_shortcode":"","ocean_shortcode_after_title":"","ocean_shortcode_before_footer_widgets":"","ocean_shortcode_after_footer_widgets":"","ocean_shortcode_before_footer_bottom":"","ocean_shortcode_after_footer_bottom":"","ocean_display_top_bar":"default","ocean_display_header":"default","ocean_header_style":"","ocean_center_header_left_menu":"0","ocean_custom_header_template":"0","ocean_custom_logo":0,"ocean_custom_retina_logo":0,"ocean_custom_logo_max_width":0,"ocean_custom_logo_tablet_max_width":0,"ocean_custom_logo_mobile_max_width":0,"ocean_custom_logo_max_height":0,"ocean_custom_logo_tablet_max_height":0,"ocean_custom_logo_mobile_max_height":0,"ocean_header_custom_menu":"0","ocean_menu_typo_font_family":"0","ocean_menu_typo_font_subset":"","ocean_menu_typo_font_size":0,"ocean_menu_typo_font_size_tablet":0,"ocean_menu_typo_font_size_mobile":0,"ocean_menu_typo_font_size_unit":"px","ocean_menu_typo_font_weight":"","ocean_menu_typo_font_weight_tablet":"","ocean_menu_typo_font_weight_mobile":"","ocean_menu_typo_transform":"","ocean_menu_typo_transform_tablet":"","ocean_menu_typo_transform_mobile":"","ocean_menu_typo_line_height":0,"ocean_menu_typo_line_height_tablet":0,"ocean_menu_typo_line_height_mobile":0,"ocean_menu_typo_line_height_unit":"","ocean_menu_typo_spacing":0,"ocean_menu_typo_spacing_tablet":0,"ocean_menu_typo_spacing_mobile":0,"ocean_menu_typo_spacing_unit":"","ocean_menu_link_color":"","ocean_menu_link_color_hover":"","ocean_menu_link_color_active":"","ocean_menu_link_background":"","ocean_menu_link_hover_background":"","ocean_menu_link_active_background":"","ocean_menu_social_links_bg":"","ocean_menu_social_hover_links_bg":"","ocean_menu_social_links_color":"","ocean_menu_social_hover_links_color":"","ocean_disable_title":"default","ocean_disable_heading":"default","ocean_post_title":"","ocean_post_subheading":"","ocean_post_title_style":"","ocean_post_title_background_color":"","ocean_post_title_background":0,"ocean_post_title_bg_image_position":"","ocean_post_title_bg_image_attachment":"","ocean_post_title_bg_image_repeat":"","ocean_post_title_bg_image_size":"","ocean_post_title_height":0,"ocean_post_title_bg_overlay":0.5,"ocean_post_title_bg_overlay_color":"","ocean_disable_breadcrumbs":"default","ocean_breadcrumbs_color":"","ocean_breadcrumbs_separator_color":"","ocean_breadcrumbs_links_color":"","ocean_breadcrumbs_links_hover_color":"","ocean_display_footer_widgets":"default","ocean_display_footer_bottom":"default","ocean_custom_footer_template":"0","ocean_post_oembed":"","ocean_post_self_hosted_media":"","ocean_post_video_embed":"","ocean_link_format":"","ocean_link_format_target":"self","ocean_quote_format":"","ocean_quote_format_link":"post","ocean_gallery_link_images":"on","ocean_gallery_id":[],"footnotes":""},"categories":[2,49,262],"tags":[],"class_list":["post-40103","post","type-post","status-publish","format-standard","hentry","category-legislacao","category-leis-municipais","category-leis-municipais-2026","entry"],"_links":{"self":[{"href":"https:\/\/lajes.rn.gov.br\/transparente\/index\/wp-json\/wp\/v2\/posts\/40103","targetHints":{"allow":["GET"]}}],"collection":[{"href":"https:\/\/lajes.rn.gov.br\/transparente\/index\/wp-json\/wp\/v2\/posts"}],"about":[{"href":"https:\/\/lajes.rn.gov.br\/transparente\/index\/wp-json\/wp\/v2\/types\/post"}],"author":[{"embeddable":true,"href":"https:\/\/lajes.rn.gov.br\/transparente\/index\/wp-json\/wp\/v2\/users\/3"}],"replies":[{"embeddable":true,"href":"https:\/\/lajes.rn.gov.br\/transparente\/index\/wp-json\/wp\/v2\/comments?post=40103"}],"version-history":[{"count":1,"href":"https:\/\/lajes.rn.gov.br\/transparente\/index\/wp-json\/wp\/v2\/posts\/40103\/revisions"}],"predecessor-version":[{"id":40104,"href":"https:\/\/lajes.rn.gov.br\/transparente\/index\/wp-json\/wp\/v2\/posts\/40103\/revisions\/40104"}],"wp:attachment":[{"href":"https:\/\/lajes.rn.gov.br\/transparente\/index\/wp-json\/wp\/v2\/media?parent=40103"}],"wp:term":[{"taxonomy":"category","embeddable":true,"href":"https:\/\/lajes.rn.gov.br\/transparente\/index\/wp-json\/wp\/v2\/categories?post=40103"},{"taxonomy":"post_tag","embeddable":true,"href":"https:\/\/lajes.rn.gov.br\/transparente\/index\/wp-json\/wp\/v2\/tags?post=40103"}],"curies":[{"name":"wp","href":"https:\/\/api.w.org\/{rel}","templated":true}]}}