{"id":40090,"date":"2026-03-09T12:36:43","date_gmt":"2026-03-09T15:36:43","guid":{"rendered":"https:\/\/lajes.rn.gov.br\/transparente\/index\/?p=40090"},"modified":"2026-04-09T12:37:43","modified_gmt":"2026-04-09T15:37:43","slug":"lei-municipal-n-1-050-2026-denomina-de-centro-de-referencia-de-assistencia-social-cras-i-francisca-francinete-cortes-o-cras-i-localizado-na-praca-manoel-januario-c","status":"publish","type":"post","link":"https:\/\/lajes.rn.gov.br\/transparente\/index\/lei-municipal-n-1-050-2026-denomina-de-centro-de-referencia-de-assistencia-social-cras-i-francisca-francinete-cortes-o-cras-i-localizado-na-praca-manoel-januario-c\/","title":{"rendered":"LEI MUNICIPAL N\u00b0 1.050\/2026 &#8211; Denomina de \u201cCentro de Refer\u00eancia de Assist\u00eancia Social \u2013 CRAS I Francisca Francinete Cort\u00eas\u201d o CRAS I, localizado na Pra\u00e7a Manoel Janu\u00e1rio Cabral, n\u00ba 136, e d\u00e1 outras provid\u00eancias."},"content":{"rendered":"<div id=\"separador\" class=\"cabecalhoEstadoSeparador cabecalhoEstadoSeparador1\">\n<p style=\"text-align: center;\"><strong>ESTADO DO RIO GRANDE DO NORTE<\/strong><br \/>\n<strong>PREFEITURA MUNICIPAL DE LAJES<\/strong><\/p>\n<\/div>\n<p class=\"cabecaorgao\" style=\"text-align: center;\"><strong>GABINETE DO PREFEITO<\/strong><\/p>\n<hr \/>\n<div id=\"materia\" class=\"materia materia20091123 materia1\">\n<p><strong>LEI MUNICIPAL N\u00b0 1.050, DE 09 DE MAR\u00c7O DE 2026<\/strong><\/p>\n<div class=\"mat\"><\/div>\n<p>Denomina de \u201cCentro de Refer\u00eancia de Assist\u00eancia Social \u2013 CRAS I Francisca Francinete Cort\u00eas\u201d o CRAS I, localizado na Pra\u00e7a Manoel Janu\u00e1rio Cabral, n\u00ba 136, e d\u00e1 outras provid\u00eancias.<\/p>\n<p>&nbsp;<\/p>\n<p>O\u00a0<b>PREFEITO MUNICIPAL DE LAJES<\/b>, Estado do Rio Grande do Norte, no uso das atribui\u00e7\u00f5es que lhe s\u00e3o conferidas pela Lei Org\u00e2nica Municipal,\u00a0<b>faz saber que a C\u00e2mara Municipal aprovou e eu, sanciono e promulgo a seguinte Lei:<\/b><\/p>\n<p>&nbsp;<\/p>\n<p><b>Art. 1\u00ba\u00a0<\/b><b>&#8211;\u00a0<\/b>Fica denominado de\u00a0<b>\u201c<\/b><b>Centro de Refer\u00eancia de Assist\u00eancia Social \u2013 CRAS I Francisca Francinete Cort\u00eas<\/b><b>\u201d\u00a0<\/b>o equipamento p\u00fablico localizado na Pra\u00e7a Manoel Janu\u00e1rio Cabral, n\u00ba 136, neste Munic\u00edpio.<\/p>\n<p>&nbsp;<\/p>\n<p><b>Art. 2\u00ba\u00a0<\/b><b>&#8211;\u00a0<\/b>A denomina\u00e7\u00e3o de que trata o artigo anterior dever\u00e1 constar em todas as refer\u00eancias oficiais, documentos administrativos, registros p\u00fablicos e nas placas de identifica\u00e7\u00e3o do referido equipamento p\u00fablico.<\/p>\n<p>&nbsp;<\/p>\n<p><b>Art. 3\u00ba\u00a0<\/b><b>&#8211;\u00a0<\/b>Esta Lei entra em vigor na data de sua publica\u00e7\u00e3o.<\/p>\n<p>&nbsp;<\/p>\n<p><b>Lajes\/RN, 09 de mar\u00e7o de 2026.<\/b><\/p>\n<p>&nbsp;<\/p>\n<p>&nbsp;<\/p>\n<p><b><i>FELIPE FERREIRA DE MENEZES ARA\u00daJO<\/i><\/b><\/p>\n<p><b><i><\/i><\/b>&nbsp;<\/p>\n<p>Prefeito Municipal<\/p>\n<div align=\"right\">\n<b>Publicado por:<\/b><br \/>\nIcaro Lucas Martins<br \/>\n<b>C\u00f3digo Identificador:<\/b>09E0B666<\/div>\n<p>&nbsp;<\/p>\n<hr \/>\n<p>Mat\u00e9ria publicada no Di\u00e1rio Oficial dos Munic\u00edpios do Estado do Rio Grande do Norte no dia 10\/03\/2026. Edi\u00e7\u00e3o 3746<br \/>\nA verifica\u00e7\u00e3o de autenticidade da mat\u00e9ria pode ser feita informando o c\u00f3digo identificador no site:<br \/>\nhttps:\/\/www.diariomunicipal.com.br\/femurn\/<\/p><\/div>\n<div class=\"pdfprnt-buttons pdfprnt-buttons-post pdfprnt-bottom-right\"><a href=\"https:\/\/lajes.rn.gov.br\/transparente\/index\/wp-json\/wp\/v2\/posts\/40090?print=pdf\" class=\"pdfprnt-button pdfprnt-button-pdf\" target=\"_blank\" ><img decoding=\"async\" src=\"https:\/\/lajes.rn.gov.br\/transparente\/index\/wp-content\/plugins\/pdf-print\/images\/pdf.png\" alt=\"image_pdf\" title=\"Ver PDF\" \/><\/a><a href=\"https:\/\/lajes.rn.gov.br\/transparente\/index\/wp-json\/wp\/v2\/posts\/40090?print=print\" class=\"pdfprnt-button pdfprnt-button-print\" target=\"_blank\" ><img decoding=\"async\" src=\"https:\/\/lajes.rn.gov.br\/transparente\/index\/wp-content\/plugins\/pdf-print\/images\/print.png\" alt=\"image_print\" title=\"Conte\u00fado de impress\u00e3o\" \/><\/a><\/div>","protected":false},"excerpt":{"rendered":"<p>ESTADO DO RIO GRANDE DO NORTE PREFEITURA MUNICIPAL DE LAJES GABINETE DO PREFEITO LEI MUNICIPAL N\u00b0 1.050, DE 09 DE MAR\u00c7O DE 2026 Denomina de \u201cCentro de Refer\u00eancia de Assist\u00eancia Social \u2013 CRAS I Francisca Francinete Cort\u00eas\u201d o CRAS I, localizado na Pra\u00e7a Manoel Janu\u00e1rio Cabral, n\u00ba 136, e d\u00e1 outras provid\u00eancias. &nbsp; O\u00a0PREFEITO MUNICIPAL [&hellip;]<\/p>\n","protected":false},"author":3,"featured_media":0,"comment_status":"closed","ping_status":"closed","sticky":false,"template":"","format":"standard","meta":{"ocean_post_layout":"","ocean_both_sidebars_style":"","ocean_both_sidebars_content_width":0,"ocean_both_sidebars_sidebars_width":0,"ocean_sidebar":"0","ocean_second_sidebar":"0","ocean_disable_margins":"enable","ocean_add_body_class":"","ocean_shortcode_before_top_bar":"","ocean_shortcode_after_top_bar":"","ocean_shortcode_before_header":"","ocean_shortcode_after_header":"","ocean_has_shortcode":"","ocean_shortcode_after_title":"","ocean_shortcode_before_footer_widgets":"","ocean_shortcode_after_footer_widgets":"","ocean_shortcode_before_footer_bottom":"","ocean_shortcode_after_footer_bottom":"","ocean_display_top_bar":"default","ocean_display_header":"default","ocean_header_style":"","ocean_center_header_left_menu":"0","ocean_custom_header_template":"0","ocean_custom_logo":0,"ocean_custom_retina_logo":0,"ocean_custom_logo_max_width":0,"ocean_custom_logo_tablet_max_width":0,"ocean_custom_logo_mobile_max_width":0,"ocean_custom_logo_max_height":0,"ocean_custom_logo_tablet_max_height":0,"ocean_custom_logo_mobile_max_height":0,"ocean_header_custom_menu":"0","ocean_menu_typo_font_family":"0","ocean_menu_typo_font_subset":"","ocean_menu_typo_font_size":0,"ocean_menu_typo_font_size_tablet":0,"ocean_menu_typo_font_size_mobile":0,"ocean_menu_typo_font_size_unit":"px","ocean_menu_typo_font_weight":"","ocean_menu_typo_font_weight_tablet":"","ocean_menu_typo_font_weight_mobile":"","ocean_menu_typo_transform":"","ocean_menu_typo_transform_tablet":"","ocean_menu_typo_transform_mobile":"","ocean_menu_typo_line_height":0,"ocean_menu_typo_line_height_tablet":0,"ocean_menu_typo_line_height_mobile":0,"ocean_menu_typo_line_height_unit":"","ocean_menu_typo_spacing":0,"ocean_menu_typo_spacing_tablet":0,"ocean_menu_typo_spacing_mobile":0,"ocean_menu_typo_spacing_unit":"","ocean_menu_link_color":"","ocean_menu_link_color_hover":"","ocean_menu_link_color_active":"","ocean_menu_link_background":"","ocean_menu_link_hover_background":"","ocean_menu_link_active_background":"","ocean_menu_social_links_bg":"","ocean_menu_social_hover_links_bg":"","ocean_menu_social_links_color":"","ocean_menu_social_hover_links_color":"","ocean_disable_title":"default","ocean_disable_heading":"default","ocean_post_title":"","ocean_post_subheading":"","ocean_post_title_style":"","ocean_post_title_background_color":"","ocean_post_title_background":0,"ocean_post_title_bg_image_position":"","ocean_post_title_bg_image_attachment":"","ocean_post_title_bg_image_repeat":"","ocean_post_title_bg_image_size":"","ocean_post_title_height":0,"ocean_post_title_bg_overlay":0.5,"ocean_post_title_bg_overlay_color":"","ocean_disable_breadcrumbs":"default","ocean_breadcrumbs_color":"","ocean_breadcrumbs_separator_color":"","ocean_breadcrumbs_links_color":"","ocean_breadcrumbs_links_hover_color":"","ocean_display_footer_widgets":"default","ocean_display_footer_bottom":"default","ocean_custom_footer_template":"0","ocean_post_oembed":"","ocean_post_self_hosted_media":"","ocean_post_video_embed":"","ocean_link_format":"","ocean_link_format_target":"self","ocean_quote_format":"","ocean_quote_format_link":"post","ocean_gallery_link_images":"on","ocean_gallery_id":[],"footnotes":""},"categories":[2,49,262],"tags":[],"class_list":["post-40090","post","type-post","status-publish","format-standard","hentry","category-legislacao","category-leis-municipais","category-leis-municipais-2026","entry"],"_links":{"self":[{"href":"https:\/\/lajes.rn.gov.br\/transparente\/index\/wp-json\/wp\/v2\/posts\/40090","targetHints":{"allow":["GET"]}}],"collection":[{"href":"https:\/\/lajes.rn.gov.br\/transparente\/index\/wp-json\/wp\/v2\/posts"}],"about":[{"href":"https:\/\/lajes.rn.gov.br\/transparente\/index\/wp-json\/wp\/v2\/types\/post"}],"author":[{"embeddable":true,"href":"https:\/\/lajes.rn.gov.br\/transparente\/index\/wp-json\/wp\/v2\/users\/3"}],"replies":[{"embeddable":true,"href":"https:\/\/lajes.rn.gov.br\/transparente\/index\/wp-json\/wp\/v2\/comments?post=40090"}],"version-history":[{"count":1,"href":"https:\/\/lajes.rn.gov.br\/transparente\/index\/wp-json\/wp\/v2\/posts\/40090\/revisions"}],"predecessor-version":[{"id":40091,"href":"https:\/\/lajes.rn.gov.br\/transparente\/index\/wp-json\/wp\/v2\/posts\/40090\/revisions\/40091"}],"wp:attachment":[{"href":"https:\/\/lajes.rn.gov.br\/transparente\/index\/wp-json\/wp\/v2\/media?parent=40090"}],"wp:term":[{"taxonomy":"category","embeddable":true,"href":"https:\/\/lajes.rn.gov.br\/transparente\/index\/wp-json\/wp\/v2\/categories?post=40090"},{"taxonomy":"post_tag","embeddable":true,"href":"https:\/\/lajes.rn.gov.br\/transparente\/index\/wp-json\/wp\/v2\/tags?post=40090"}],"curies":[{"name":"wp","href":"https:\/\/api.w.org\/{rel}","templated":true}]}}