{"id":40077,"date":"2026-04-01T13:03:13","date_gmt":"2026-04-01T16:03:13","guid":{"rendered":"https:\/\/lajes.rn.gov.br\/transparente\/index\/?p=40077"},"modified":"2026-04-08T13:03:48","modified_gmt":"2026-04-08T16:03:48","slug":"aviso-de-licitacao-concorrencia-eletronica-no-2-2026","status":"publish","type":"post","link":"https:\/\/lajes.rn.gov.br\/transparente\/index\/aviso-de-licitacao-concorrencia-eletronica-no-2-2026\/","title":{"rendered":"AVISO DE LICITA\u00c7\u00c3O &#8211; CONCORR\u00caNCIA ELETR\u00d4NICA N\u00ba 2\/2026"},"content":{"rendered":"<div id=\"separador\" class=\"cabecalhoEstadoSeparador cabecalhoEstadoSeparador1\">\n<p style=\"text-align: center;\"><strong>ESTADO DO RIO GRANDE DO NORTE<\/strong><br \/>\n<strong>PREFEITURA MUNICIPAL DE LAJES<\/strong><\/p>\n<\/div>\n<p class=\"cabecaorgao\" style=\"text-align: center;\"><strong>GABINETE DO PREFEITO<\/strong><\/p>\n<hr \/>\n<div id=\"materia\" class=\"materia materia20091123 materia1\">\n<p><strong>AVISO DE LICITA\u00c7\u00c3O &#8211; CONCORR\u00caNCIA ELETR\u00d4NICA N\u00ba 2\/2026<\/strong><\/p>\n<div class=\"mat\"><b>PROCESSO ADMINISTRATIVO N\u00ba 23\/12-2025<\/b><\/div>\n<p><b>LICITA\u00c7\u00c3O N\u00ba 45\/2026<\/b><\/p>\n<p>&nbsp;<\/p>\n<p>O Munic\u00edpio de Lajes\/RN, atrav\u00e9s do seu Agente de Contrata\u00e7\u00e3o, torna p\u00fablico que realizar\u00e1 licita\u00e7\u00e3o, modalidade\u00a0<b>CONCORR\u00caNCIA<\/b>, na forma\u00a0<b>ELETR\u00d4NICA<\/b>, do tipo Menor Pre\u00e7o Global, conforme adiante:<\/p>\n<p>&nbsp;<\/p>\n<p><b>OBJETO: CONTRATA\u00c7\u00c3O DE EMPRESA ESPECIALIZADA EM ENGENHARIA CIVIL PARA A EXECU\u00c7\u00c3O DOS SERVI\u00c7OS DE SALDO REMANESCENTE DA OBRA DE CONSTRU\u00c7\u00c3O DO NOVO CEMIT\u00c9RIO P\u00daBLICO DO MUNIC\u00cdPIO DE LAJES\/RN, INCLUINDO O FORNECIMENTO DE MATERIAIS E M\u00c3O DE OBRA, A SER REALIZADA NA RUA DOS TEJOS \u2013 LOTEAMENTO NOVA LAJES, BAIRRO ALTO DA BELEZA.<\/b><\/p>\n<p>&nbsp;<\/p>\n<p><b>IN\u00cdCIO DO ACOLHIMENTO DAS PROPOSTAS:\u00a0<\/b>A partir das 07:59 do dia 07\/04\/2026<\/p>\n<p><b>IN\u00cdCIO DA SESS\u00c3O<\/b>: \u00e0s 08h00min do dia 22\/04\/2026<\/p>\n<p><b>LOCAL:<\/b>\u00a0www.portaldecompraspublicas.com.br.<\/p>\n<p><b>FUNDAMENTA\u00c7\u00c3O LEGAL:<\/b>\u00a0Lei Federal n\u00ba 14.133\/2021, Art. 28, II.<\/p>\n<p><b>RETIRADA DO EDITAL<\/b>: www.lajes.rn.gov.br, www.portaldecompraspublicas.com.br, https:\/\/pncp.gov.br\/app\/editais.<\/p>\n<p><b>INFORMA\u00c7\u00d5ES\/ESCLARECIMENTOS:<\/b>\u00a0licitacao@lajes.rn.gov.br.<\/p>\n<p>&nbsp;<\/p>\n<p><b>Lajes\/RN, 01 de abril de 2026<\/b><\/p>\n<p>&nbsp;<\/p>\n<p>&nbsp;<\/p>\n<p><b><i>RAFAEL ANDERSON DE ARA\u00daJO SILVA<\/i><\/b><\/p>\n<p><b><i><\/i><\/b>&nbsp;<\/p>\n<p>Agente de Contrata\u00e7\u00e3o<\/p>\n<p>&nbsp;<\/p>\n<div align=\"right\">\n<b>Publicado por:<\/b><br \/>\nRafael Anderson de Ara\u00fajo Silva<br \/>\n<b>C\u00f3digo Identificador:<\/b>B66EE81F<\/div>\n<p>&nbsp;<\/p>\n<hr \/>\n<p>Mat\u00e9ria publicada no Di\u00e1rio Oficial dos Munic\u00edpios do Estado do Rio Grande do Norte no dia 02\/04\/2026. Edi\u00e7\u00e3o 3763<br \/>\nA verifica\u00e7\u00e3o de autenticidade da mat\u00e9ria pode ser feita informando o c\u00f3digo identificador no site:<br \/>\nhttps:\/\/www.diariomunicipal.com.br\/femurn\/<\/p><\/div>\n<div class=\"pdfprnt-buttons pdfprnt-buttons-post pdfprnt-bottom-right\"><a href=\"https:\/\/lajes.rn.gov.br\/transparente\/index\/wp-json\/wp\/v2\/posts\/40077?print=pdf\" class=\"pdfprnt-button pdfprnt-button-pdf\" target=\"_blank\" ><img decoding=\"async\" src=\"https:\/\/lajes.rn.gov.br\/transparente\/index\/wp-content\/plugins\/pdf-print\/images\/pdf.png\" alt=\"image_pdf\" title=\"Ver PDF\" \/><\/a><a href=\"https:\/\/lajes.rn.gov.br\/transparente\/index\/wp-json\/wp\/v2\/posts\/40077?print=print\" class=\"pdfprnt-button pdfprnt-button-print\" target=\"_blank\" ><img decoding=\"async\" src=\"https:\/\/lajes.rn.gov.br\/transparente\/index\/wp-content\/plugins\/pdf-print\/images\/print.png\" alt=\"image_print\" title=\"Conte\u00fado de impress\u00e3o\" \/><\/a><\/div>","protected":false},"excerpt":{"rendered":"<p>ESTADO DO RIO GRANDE DO NORTE PREFEITURA MUNICIPAL DE LAJES GABINETE DO PREFEITO AVISO DE LICITA\u00c7\u00c3O &#8211; CONCORR\u00caNCIA ELETR\u00d4NICA N\u00ba 2\/2026 PROCESSO ADMINISTRATIVO N\u00ba 23\/12-2025 LICITA\u00c7\u00c3O N\u00ba 45\/2026 &nbsp; O Munic\u00edpio de Lajes\/RN, atrav\u00e9s do seu Agente de Contrata\u00e7\u00e3o, torna p\u00fablico que realizar\u00e1 licita\u00e7\u00e3o, modalidade\u00a0CONCORR\u00caNCIA, na forma\u00a0ELETR\u00d4NICA, do tipo Menor Pre\u00e7o Global, conforme adiante: &nbsp; [&hellip;]<\/p>\n","protected":false},"author":3,"featured_media":0,"comment_status":"closed","ping_status":"closed","sticky":false,"template":"","format":"standard","meta":{"ocean_post_layout":"","ocean_both_sidebars_style":"","ocean_both_sidebars_content_width":0,"ocean_both_sidebars_sidebars_width":0,"ocean_sidebar":"0","ocean_second_sidebar":"0","ocean_disable_margins":"enable","ocean_add_body_class":"","ocean_shortcode_before_top_bar":"","ocean_shortcode_after_top_bar":"","ocean_shortcode_before_header":"","ocean_shortcode_after_header":"","ocean_has_shortcode":"","ocean_shortcode_after_title":"","ocean_shortcode_before_footer_widgets":"","ocean_shortcode_after_footer_widgets":"","ocean_shortcode_before_footer_bottom":"","ocean_shortcode_after_footer_bottom":"","ocean_display_top_bar":"default","ocean_display_header":"default","ocean_header_style":"","ocean_center_header_left_menu":"0","ocean_custom_header_template":"0","ocean_custom_logo":0,"ocean_custom_retina_logo":0,"ocean_custom_logo_max_width":0,"ocean_custom_logo_tablet_max_width":0,"ocean_custom_logo_mobile_max_width":0,"ocean_custom_logo_max_height":0,"ocean_custom_logo_tablet_max_height":0,"ocean_custom_logo_mobile_max_height":0,"ocean_header_custom_menu":"0","ocean_menu_typo_font_family":"0","ocean_menu_typo_font_subset":"","ocean_menu_typo_font_size":0,"ocean_menu_typo_font_size_tablet":0,"ocean_menu_typo_font_size_mobile":0,"ocean_menu_typo_font_size_unit":"px","ocean_menu_typo_font_weight":"","ocean_menu_typo_font_weight_tablet":"","ocean_menu_typo_font_weight_mobile":"","ocean_menu_typo_transform":"","ocean_menu_typo_transform_tablet":"","ocean_menu_typo_transform_mobile":"","ocean_menu_typo_line_height":0,"ocean_menu_typo_line_height_tablet":0,"ocean_menu_typo_line_height_mobile":0,"ocean_menu_typo_line_height_unit":"","ocean_menu_typo_spacing":0,"ocean_menu_typo_spacing_tablet":0,"ocean_menu_typo_spacing_mobile":0,"ocean_menu_typo_spacing_unit":"","ocean_menu_link_color":"","ocean_menu_link_color_hover":"","ocean_menu_link_color_active":"","ocean_menu_link_background":"","ocean_menu_link_hover_background":"","ocean_menu_link_active_background":"","ocean_menu_social_links_bg":"","ocean_menu_social_hover_links_bg":"","ocean_menu_social_links_color":"","ocean_menu_social_hover_links_color":"","ocean_disable_title":"default","ocean_disable_heading":"default","ocean_post_title":"","ocean_post_subheading":"","ocean_post_title_style":"","ocean_post_title_background_color":"","ocean_post_title_background":0,"ocean_post_title_bg_image_position":"","ocean_post_title_bg_image_attachment":"","ocean_post_title_bg_image_repeat":"","ocean_post_title_bg_image_size":"","ocean_post_title_height":0,"ocean_post_title_bg_overlay":0.5,"ocean_post_title_bg_overlay_color":"","ocean_disable_breadcrumbs":"default","ocean_breadcrumbs_color":"","ocean_breadcrumbs_separator_color":"","ocean_breadcrumbs_links_color":"","ocean_breadcrumbs_links_hover_color":"","ocean_display_footer_widgets":"default","ocean_display_footer_bottom":"default","ocean_custom_footer_template":"0","ocean_post_oembed":"","ocean_post_self_hosted_media":"","ocean_post_video_embed":"","ocean_link_format":"","ocean_link_format_target":"self","ocean_quote_format":"","ocean_quote_format_link":"post","ocean_gallery_link_images":"on","ocean_gallery_id":[],"footnotes":""},"categories":[74,3],"tags":[],"class_list":["post-40077","post","type-post","status-publish","format-standard","hentry","category-aviso-de-licitacao","category-licitacao","entry"],"_links":{"self":[{"href":"https:\/\/lajes.rn.gov.br\/transparente\/index\/wp-json\/wp\/v2\/posts\/40077","targetHints":{"allow":["GET"]}}],"collection":[{"href":"https:\/\/lajes.rn.gov.br\/transparente\/index\/wp-json\/wp\/v2\/posts"}],"about":[{"href":"https:\/\/lajes.rn.gov.br\/transparente\/index\/wp-json\/wp\/v2\/types\/post"}],"author":[{"embeddable":true,"href":"https:\/\/lajes.rn.gov.br\/transparente\/index\/wp-json\/wp\/v2\/users\/3"}],"replies":[{"embeddable":true,"href":"https:\/\/lajes.rn.gov.br\/transparente\/index\/wp-json\/wp\/v2\/comments?post=40077"}],"version-history":[{"count":1,"href":"https:\/\/lajes.rn.gov.br\/transparente\/index\/wp-json\/wp\/v2\/posts\/40077\/revisions"}],"predecessor-version":[{"id":40078,"href":"https:\/\/lajes.rn.gov.br\/transparente\/index\/wp-json\/wp\/v2\/posts\/40077\/revisions\/40078"}],"wp:attachment":[{"href":"https:\/\/lajes.rn.gov.br\/transparente\/index\/wp-json\/wp\/v2\/media?parent=40077"}],"wp:term":[{"taxonomy":"category","embeddable":true,"href":"https:\/\/lajes.rn.gov.br\/transparente\/index\/wp-json\/wp\/v2\/categories?post=40077"},{"taxonomy":"post_tag","embeddable":true,"href":"https:\/\/lajes.rn.gov.br\/transparente\/index\/wp-json\/wp\/v2\/tags?post=40077"}],"curies":[{"name":"wp","href":"https:\/\/api.w.org\/{rel}","templated":true}]}}