{"id":40069,"date":"2026-03-26T12:54:56","date_gmt":"2026-03-26T15:54:56","guid":{"rendered":"https:\/\/lajes.rn.gov.br\/transparente\/index\/?p=40069"},"modified":"2026-04-08T12:55:33","modified_gmt":"2026-04-08T15:55:33","slug":"aviso-de-diligencia-chamamento-publico-n-1-2026","status":"publish","type":"post","link":"https:\/\/lajes.rn.gov.br\/transparente\/index\/aviso-de-diligencia-chamamento-publico-n-1-2026\/","title":{"rendered":"AVISO DE DILIG\u00caNCIA &#8211; CHAMAMENTO P\u00daBLICO N\u00b0 1\/2026"},"content":{"rendered":"<div id=\"separador\" class=\"cabecalhoEstadoSeparador cabecalhoEstadoSeparador1\">\n<p style=\"text-align: center;\"><strong>ESTADO DO RIO GRANDE DO NORTE<\/strong><br \/>\n<strong>PREFEITURA MUNICIPAL DE LAJES<\/strong><\/p>\n<\/div>\n<p class=\"cabecaorgao\" style=\"text-align: center;\"><strong>GABINETE DO PREFEITO<\/strong><\/p>\n<hr \/>\n<div id=\"materia\" class=\"materia materia20091123 materia1\">\n<p><strong>AVISO DE DILIG\u00caNCIA &#8211; CHAMAMENTO P\u00daBLICO N\u00b0 1\/2026<\/strong><\/p>\n<div class=\"mat\"><b>Processo Administrativo n\u00ba 29\/12-2025<\/b><\/div>\n<p><b>Licita\u00e7\u00e3o n\u00ba 000033\/2026<\/b><\/p>\n<p>&nbsp;<\/p>\n<p><b>OBJETO: AQUISI\u00c7\u00c3O DE G\u00caNEROS ALIMENT\u00cdCIOS DA AGRICULTURA FAMILIAR, INCLUINDO GRUPOS FORMAIS, GRUPOS INFORMAIS, ASSOCIA\u00c7\u00d5ES E FORNECEDORES INDIVIDUAIS, DESTINADOS AO ATENDIMENTO DA ALIMENTA\u00c7\u00c3O ESCOLAR DA REDE MUNICIPAL DE ENSINO DE LAJES\/RN DURANTE O ANO LETIVO DE 2026.<\/b><\/p>\n<p>&nbsp;<\/p>\n<p>O Agente de Contrata\u00e7\u00e3o do Munic\u00edpio de Lajes\/RN torna p\u00fablicas as seguintes dilig\u00eancias:<\/p>\n<p>&nbsp;<\/p>\n<p><b>1. HABILITA\u00c7\u00c3O:<\/b><\/p>\n<p>&nbsp;<\/p>\n<p>i. A\u00a0<b>ASSOCIA\u00c7\u00c3O DOS AGRICULTORES FAMILIARES DA COMUNIDADE DE PICOS PRETOS<\/b>, deixou de apresentar a seguinte documenta\u00e7\u00e3o:<\/p>\n<p>&nbsp;<\/p>\n<p>a. C\u00f3pias do estatuto e ata de posse da atual diretoria da entidade registrada no \u00f3rg\u00e3o competente, conforme item 3.5, VIII.<\/p>\n<p>b. Documenta\u00e7\u00e3o comprobat\u00f3ria de Servi\u00e7o de Inspe\u00e7\u00e3o Sanit\u00e1ria, conforme item 3.6.1.<\/p>\n<p>c. Declara\u00e7\u00e3o de que os g\u00eaneros aliment\u00edcios a serem entregues s\u00e3o produzidos pelos associados\/cooperados (Anexo III).<\/p>\n<p>&nbsp;<\/p>\n<p>A<b>\u00a0ASSOCIACAO DE DESENVOLVIMENTO RURAL SANTO EXPEDITO,\u00a0<\/b>deixou de apresentar a seguinte documenta\u00e7\u00e3o:<\/p>\n<p>&nbsp;<\/p>\n<p>a. C\u00f3pias do estatuto e ata de posse da atual diretoria da entidade registrada no \u00f3rg\u00e3o competente, conforme item 3.5, VIII.<\/p>\n<p>&nbsp;<\/p>\n<p><b>2. PROJETO DE VENDA:<\/b><\/p>\n<p>Os grupos formais e informais devem ajustar seus projetos de venda conforme as negocia\u00e7\u00f5es realizadas na sess\u00e3o.<\/p>\n<p>&nbsp;<\/p>\n<p><b>a. ASSOCIA\u00c7\u00c3O DOS AGRICULTORES FAMILIARES DA COMUNIDADE DE PICOS PRETOS<\/b><\/p>\n<p><b>b. ASSOCIACAO DE DESENVOLVIMENTO RURAL SANTO EXPEDITO<\/b><\/p>\n<p><b>c. ASSOCIA\u00c7\u00c3O DOS PRODUTORES SALGAJUCABA<\/b><\/p>\n<p><b>d. GRUPO INFORMAL<\/b><\/p>\n<p>&nbsp;<\/p>\n<p>Desse modo, com base nos itens 3.10 e 4.6 do edital, o Agente de Contrata\u00e7\u00e3o concedeu o prazo de cinco dias para que os interessados regularizem sua situa\u00e7\u00e3o, mediante a apresenta\u00e7\u00e3o dos documentos mencionados.<\/p>\n<p>&nbsp;<\/p>\n<p>Maiores informa\u00e7\u00f5es na Secretaria Municipal de Planejamento nos hor\u00e1rios das 07h \u00e0s 13h ou pelo e-mail: licita\u00e7\u00e3o@lajes.rn.gov.br.<\/p>\n<p>&nbsp;<\/p>\n<p>Lajes\/RN, 26\/03\/2026<\/p>\n<p>&nbsp;<\/p>\n<p>&nbsp;<\/p>\n<p><b><i>RAFAEL ANDERSON DE ARA\u00daJO SILVA<\/i><\/b><\/p>\n<p><b><i><\/i><\/b>&nbsp;<\/p>\n<p>Agente de Contrata\u00e7\u00e3o<\/p>\n<div align=\"right\">\n<b>Publicado por:<\/b><br \/>\nRafael Anderson de Ara\u00fajo Silva<br \/>\n<b>C\u00f3digo Identificador:<\/b>A90E4FFE<\/div>\n<p>&nbsp;<\/p>\n<hr \/>\n<p>Mat\u00e9ria publicada no Di\u00e1rio Oficial dos Munic\u00edpios do Estado do Rio Grande do Norte no dia 30\/03\/2026. Edi\u00e7\u00e3o 3760<br \/>\nA verifica\u00e7\u00e3o de autenticidade da mat\u00e9ria pode ser feita informando o c\u00f3digo identificador no site:<br \/>\nhttps:\/\/www.diariomunicipal.com.br\/femurn\/<\/p><\/div>\n<div class=\"pdfprnt-buttons pdfprnt-buttons-post pdfprnt-bottom-right\"><a href=\"https:\/\/lajes.rn.gov.br\/transparente\/index\/wp-json\/wp\/v2\/posts\/40069?print=pdf\" class=\"pdfprnt-button pdfprnt-button-pdf\" target=\"_blank\" ><img decoding=\"async\" src=\"https:\/\/lajes.rn.gov.br\/transparente\/index\/wp-content\/plugins\/pdf-print\/images\/pdf.png\" alt=\"image_pdf\" title=\"Ver PDF\" \/><\/a><a href=\"https:\/\/lajes.rn.gov.br\/transparente\/index\/wp-json\/wp\/v2\/posts\/40069?print=print\" class=\"pdfprnt-button pdfprnt-button-print\" target=\"_blank\" ><img decoding=\"async\" src=\"https:\/\/lajes.rn.gov.br\/transparente\/index\/wp-content\/plugins\/pdf-print\/images\/print.png\" alt=\"image_print\" title=\"Conte\u00fado de impress\u00e3o\" \/><\/a><\/div>","protected":false},"excerpt":{"rendered":"<p>ESTADO DO RIO GRANDE DO NORTE PREFEITURA MUNICIPAL DE LAJES GABINETE DO PREFEITO AVISO DE DILIG\u00caNCIA &#8211; CHAMAMENTO P\u00daBLICO N\u00b0 1\/2026 Processo Administrativo n\u00ba 29\/12-2025 Licita\u00e7\u00e3o n\u00ba 000033\/2026 &nbsp; OBJETO: AQUISI\u00c7\u00c3O DE G\u00caNEROS ALIMENT\u00cdCIOS DA AGRICULTURA FAMILIAR, INCLUINDO GRUPOS FORMAIS, GRUPOS INFORMAIS, ASSOCIA\u00c7\u00d5ES E FORNECEDORES INDIVIDUAIS, DESTINADOS AO ATENDIMENTO DA ALIMENTA\u00c7\u00c3O ESCOLAR DA REDE MUNICIPAL [&hellip;]<\/p>\n","protected":false},"author":3,"featured_media":0,"comment_status":"closed","ping_status":"closed","sticky":false,"template":"","format":"standard","meta":{"ocean_post_layout":"","ocean_both_sidebars_style":"","ocean_both_sidebars_content_width":0,"ocean_both_sidebars_sidebars_width":0,"ocean_sidebar":"0","ocean_second_sidebar":"0","ocean_disable_margins":"enable","ocean_add_body_class":"","ocean_shortcode_before_top_bar":"","ocean_shortcode_after_top_bar":"","ocean_shortcode_before_header":"","ocean_shortcode_after_header":"","ocean_has_shortcode":"","ocean_shortcode_after_title":"","ocean_shortcode_before_footer_widgets":"","ocean_shortcode_after_footer_widgets":"","ocean_shortcode_before_footer_bottom":"","ocean_shortcode_after_footer_bottom":"","ocean_display_top_bar":"default","ocean_display_header":"default","ocean_header_style":"","ocean_center_header_left_menu":"0","ocean_custom_header_template":"0","ocean_custom_logo":0,"ocean_custom_retina_logo":0,"ocean_custom_logo_max_width":0,"ocean_custom_logo_tablet_max_width":0,"ocean_custom_logo_mobile_max_width":0,"ocean_custom_logo_max_height":0,"ocean_custom_logo_tablet_max_height":0,"ocean_custom_logo_mobile_max_height":0,"ocean_header_custom_menu":"0","ocean_menu_typo_font_family":"0","ocean_menu_typo_font_subset":"","ocean_menu_typo_font_size":0,"ocean_menu_typo_font_size_tablet":0,"ocean_menu_typo_font_size_mobile":0,"ocean_menu_typo_font_size_unit":"px","ocean_menu_typo_font_weight":"","ocean_menu_typo_font_weight_tablet":"","ocean_menu_typo_font_weight_mobile":"","ocean_menu_typo_transform":"","ocean_menu_typo_transform_tablet":"","ocean_menu_typo_transform_mobile":"","ocean_menu_typo_line_height":0,"ocean_menu_typo_line_height_tablet":0,"ocean_menu_typo_line_height_mobile":0,"ocean_menu_typo_line_height_unit":"","ocean_menu_typo_spacing":0,"ocean_menu_typo_spacing_tablet":0,"ocean_menu_typo_spacing_mobile":0,"ocean_menu_typo_spacing_unit":"","ocean_menu_link_color":"","ocean_menu_link_color_hover":"","ocean_menu_link_color_active":"","ocean_menu_link_background":"","ocean_menu_link_hover_background":"","ocean_menu_link_active_background":"","ocean_menu_social_links_bg":"","ocean_menu_social_hover_links_bg":"","ocean_menu_social_links_color":"","ocean_menu_social_hover_links_color":"","ocean_disable_title":"default","ocean_disable_heading":"default","ocean_post_title":"","ocean_post_subheading":"","ocean_post_title_style":"","ocean_post_title_background_color":"","ocean_post_title_background":0,"ocean_post_title_bg_image_position":"","ocean_post_title_bg_image_attachment":"","ocean_post_title_bg_image_repeat":"","ocean_post_title_bg_image_size":"","ocean_post_title_height":0,"ocean_post_title_bg_overlay":0.5,"ocean_post_title_bg_overlay_color":"","ocean_disable_breadcrumbs":"default","ocean_breadcrumbs_color":"","ocean_breadcrumbs_separator_color":"","ocean_breadcrumbs_links_color":"","ocean_breadcrumbs_links_hover_color":"","ocean_display_footer_widgets":"default","ocean_display_footer_bottom":"default","ocean_custom_footer_template":"0","ocean_post_oembed":"","ocean_post_self_hosted_media":"","ocean_post_video_embed":"","ocean_link_format":"","ocean_link_format_target":"self","ocean_quote_format":"","ocean_quote_format_link":"post","ocean_gallery_link_images":"on","ocean_gallery_id":[],"footnotes":""},"categories":[74,3],"tags":[],"class_list":["post-40069","post","type-post","status-publish","format-standard","hentry","category-aviso-de-licitacao","category-licitacao","entry"],"_links":{"self":[{"href":"https:\/\/lajes.rn.gov.br\/transparente\/index\/wp-json\/wp\/v2\/posts\/40069","targetHints":{"allow":["GET"]}}],"collection":[{"href":"https:\/\/lajes.rn.gov.br\/transparente\/index\/wp-json\/wp\/v2\/posts"}],"about":[{"href":"https:\/\/lajes.rn.gov.br\/transparente\/index\/wp-json\/wp\/v2\/types\/post"}],"author":[{"embeddable":true,"href":"https:\/\/lajes.rn.gov.br\/transparente\/index\/wp-json\/wp\/v2\/users\/3"}],"replies":[{"embeddable":true,"href":"https:\/\/lajes.rn.gov.br\/transparente\/index\/wp-json\/wp\/v2\/comments?post=40069"}],"version-history":[{"count":1,"href":"https:\/\/lajes.rn.gov.br\/transparente\/index\/wp-json\/wp\/v2\/posts\/40069\/revisions"}],"predecessor-version":[{"id":40070,"href":"https:\/\/lajes.rn.gov.br\/transparente\/index\/wp-json\/wp\/v2\/posts\/40069\/revisions\/40070"}],"wp:attachment":[{"href":"https:\/\/lajes.rn.gov.br\/transparente\/index\/wp-json\/wp\/v2\/media?parent=40069"}],"wp:term":[{"taxonomy":"category","embeddable":true,"href":"https:\/\/lajes.rn.gov.br\/transparente\/index\/wp-json\/wp\/v2\/categories?post=40069"},{"taxonomy":"post_tag","embeddable":true,"href":"https:\/\/lajes.rn.gov.br\/transparente\/index\/wp-json\/wp\/v2\/tags?post=40069"}],"curies":[{"name":"wp","href":"https:\/\/api.w.org\/{rel}","templated":true}]}}