{"id":39987,"date":"2025-12-02T12:27:51","date_gmt":"2025-12-02T15:27:51","guid":{"rendered":"https:\/\/lajes.rn.gov.br\/transparente\/index\/?p=39987"},"modified":"2026-03-30T12:29:00","modified_gmt":"2026-03-30T15:29:00","slug":"homologacao-do-pregao-eletronico-srp-no-032-2025-pml-rn-2","status":"publish","type":"post","link":"https:\/\/lajes.rn.gov.br\/transparente\/index\/homologacao-do-pregao-eletronico-srp-no-032-2025-pml-rn-2\/","title":{"rendered":"HOMOLOGA\u00c7\u00c3O DO PREG\u00c3O ELETR\u00d4NICO SRP N\u00ba 032\/2025 \u2013 PML\/RN*"},"content":{"rendered":"<div id=\"separador\" class=\"cabecalhoEstadoSeparador cabecalhoEstadoSeparador2\">\n<p style=\"text-align: center;\"><strong>ESTADO DO RIO GRANDE DO NORTE<\/strong><br \/>\n<strong>PREFEITURA MUNICIPAL DE LAJES<\/strong><\/p>\n<\/div>\n<p class=\"cabecaorgao\" style=\"text-align: center;\"><strong>GABINETE DO PREFEITO<\/strong><\/p>\n<hr \/>\n<div id=\"materia\" class=\"materia materia20091123 materia2\">\n<p><strong>HOMOLOGA\u00c7\u00c3O DO PREG\u00c3O ELETR\u00d4NICO SRP N\u00ba 032\/2025 \u2013 PML\/RN*<\/strong><\/p>\n<div class=\"mat\"><\/div>\n<p><b>Processo administrativo n\u00ba 1044\/2025<\/b><\/p>\n<p><b>Licita\u00e7\u00e3o n\u00ba 147\/2025<\/b><\/p>\n<p>&nbsp;<\/p>\n<p>O Prefeito do Munic\u00edpio de Lajes\/RN,\u00a0<b>HOMOLOGA<\/b>\u00a0todos os atos praticados no processo licitat\u00f3rio na modalidade PREG\u00c3O ELETR\u00d4NICO SISTEMA DE\u00a0<b>REGISTRO DE PRE\u00c7OS<\/b>\u00a0N\u00ba. 032\/2025 \u2013 PML com o objetivo\u00a0<b>REGISTRO DE PRE\u00c7OS PARA CONTRATA\u00c7\u00c3O DE EMPRESA ESPECIALIZADA PARA LOCA\u00c7\u00c3O DE CONDICIONADORES DE AR TIPO SPLIT, COM MANUTEN\u00c7\u00c3O CORRETIVA E PREVENTIVA, INCLUINDO FORNECIMENTO INTEGRAL DE PE\u00c7AS NECESS\u00c1RIAS, VISANDO ATENDER \u00c0S NECESSIDADES OPERACIONAIS DAS DIVERSAS SECRETARIAS E \u00d3RG\u00c3OS DA PREFEITURA MUNICIPAL DE LAJES\/RN,<\/b>\u00a0adjudicando o objeto em ep\u00edgrafe, em favor da empresa:\u00a0<b>FIXA SERVICOS TECNICOS LTDA, inscrita no CNPJ sob n\u00ba 04.482.256\/0001-33,\u00a0<\/b>estabelecida na Rua Agostinho Leit\u00e3o, n\u00ba 348, Alecrim, Natal\/RN \u2013 CEP: 59.040-090, sendo representada pelo Sra. CYNTHIA BARRETO FERNANDES DIAS, inscrito no CPF n\u00ba XXX.203.XXX-43 e RG n\u00ba XXX.880.XXX \u2013 SSP\/RN saiu vencedora nos itens conforme planilha a seguir:<\/p>\n<p>&nbsp;<\/p>\n<table class=\"mat\" border=\"1\" cellspacing=\"0\" cellpadding=\"0\" align=\"left\">\n<tbody>\n<tr>\n<td width=\"62\">ITEM<\/td>\n<td width=\"218\">Objeto\/Especifica\u00e7\u00e3o T\u00e9cnica<\/td>\n<td width=\"77\">Modelo<\/td>\n<td width=\"91\">UND<\/td>\n<td width=\"108\">QUANT.<\/td>\n<td width=\"103\">VALOR UNIT<\/td>\n<td width=\"111\">VALOR TOTAL<\/td>\n<\/tr>\n<tr>\n<td width=\"62\">1<\/td>\n<td width=\"218\">LOCA\u00c7\u00c3O DE CONDICIONADOR DE AR<\/p>\n<p>TIPO SPLIT 9.000 BTUS &#8211; COM<\/p>\n<p>MANUTEN\u00c7\u00c3O CORRETIVA E<\/p>\n<p>PREVENTIVA, INCLUSIVE<\/p>\n<p>FORNECIMENTO DE PE\u00c7AS POR CONTA<\/p>\n<p>DA CONTRATADA.<\/td>\n<td width=\"77\">G-CLASSIC, PAC09<\/td>\n<td width=\"91\">UND<\/td>\n<td width=\"108\">600<\/td>\n<td width=\"103\">R$ 200,00<\/td>\n<td width=\"111\">R$ 120.000,00<\/td>\n<\/tr>\n<tr>\n<td width=\"62\">2<\/td>\n<td width=\"218\">LOCA\u00c7\u00c3O DE CONDICIONADOR DE AR<\/p>\n<p>TIPO SPLIT 12.000 BTUS &#8211; COM<\/p>\n<p>MANUTEN\u00c7\u00c3O CORRETIVA E<\/p>\n<p>PREVENTIVA, INCLUSIVE<\/p>\n<p>FORNECIMENTO DE PE\u00c7AS POR CONTA<\/p>\n<p>DA CONTRATADA.<\/td>\n<td width=\"77\">Classic G, PAC 012<\/td>\n<td width=\"91\">UND<\/td>\n<td width=\"108\">600<\/td>\n<td width=\"103\">R$ 230,00<\/td>\n<td width=\"111\">R$ 138.000,00<\/td>\n<\/tr>\n<tr>\n<td width=\"62\">3<\/td>\n<td width=\"218\">LOCA\u00c7\u00c3O DE CONDICIONADOR DE AR<\/p>\n<p>TIPO SPLIT 18.000 BTUS &#8211; COM<\/p>\n<p>MANUTEN\u00c7\u00c3O CORRETIVA E<\/p>\n<p>PREVENTIVA, INCLUSIVE<\/p>\n<p>FORNECIMENTO DE PE\u00c7AS POR CONTA<\/p>\n<p>DA CONTRATADA.<\/td>\n<td width=\"77\">Classic G, PAC 018<\/td>\n<td width=\"91\">UND<\/td>\n<td width=\"108\">600<\/td>\n<td width=\"103\">R$ 330,00<\/td>\n<td width=\"111\">R$ 198.000,00<\/td>\n<\/tr>\n<tr>\n<td width=\"62\">4<\/td>\n<td width=\"218\">LOCA\u00c7\u00c3O DE CONDICIONADOR DE AR<\/p>\n<p>TIPO SPLIT 22.000 a 24.000 BTUS &#8211; COM<\/p>\n<p>MANUTEN\u00c7\u00c3O CORRETIVA E<\/p>\n<p>PREVENTIVA, INCLUSIVE<\/p>\n<p>FORNECIMENTO DE PE\u00c7AS POR CONTA<\/p>\n<p>DA CONTRATADA.<\/td>\n<td width=\"77\">Classic G, PAC 024<\/td>\n<td width=\"91\">UND<\/td>\n<td width=\"108\">600<\/td>\n<td width=\"103\">R$ 430,00<\/td>\n<td width=\"111\">R$ 258.000,00<\/td>\n<\/tr>\n<tr>\n<td width=\"62\">5<\/td>\n<td width=\"218\">LOCA\u00c7\u00c3O DE CONDICIONADOR DE AR<\/p>\n<p>TIPO SPLIT 30.000 BTUS &#8211; COM<\/p>\n<p>MANUTEN\u00c7\u00c3O CORRETIVA E<\/p>\n<p>PREVENTIVA, INCLUSIVE<\/p>\n<p>FORNECIMENTO DE PE\u00c7AS POR CONTA<\/p>\n<p>DA CONTRATADA.<\/td>\n<td width=\"77\">Classic G, PAC 030<\/td>\n<td width=\"91\">UND<\/td>\n<td width=\"108\">600<\/td>\n<td width=\"103\">R$ 590,00<\/td>\n<td width=\"111\">R$ 354.000,00<\/td>\n<\/tr>\n<tr>\n<td width=\"62\">6<\/td>\n<td width=\"218\">LOCA\u00c7\u00c3O DE CONDICIONADOR DE AR<\/p>\n<p>TIPO SPLIT 55.000 a 60.000 BTUS &#8211; COM<\/p>\n<p>MANUTEN\u00c7\u00c3O CORRETIVA E<\/p>\n<p>PREVENTIVA, INCLUSIVE<\/p>\n<p>FORNECIMENTO DE PE\u00c7AS POR CONTA<\/p>\n<p>DA CONTRATADA.<\/td>\n<td width=\"77\">PT COMPACT\/ XPERIENCE<\/td>\n<td width=\"91\">UND<\/td>\n<td width=\"108\">600<\/td>\n<td width=\"103\">R$ 845,00<\/td>\n<td width=\"111\">R$ 507.000,00<\/td>\n<\/tr>\n<\/tbody>\n<\/table>\n<p>&nbsp;<\/p>\n<p>Para que produzam os efeitos legais nos termos do art. 71, inciso IV da Lei n\u00ba. 14.133\/2021, com suas posteriores altera\u00e7\u00f5es.<\/p>\n<p>&nbsp;<\/p>\n<p>Lajes\/RN, 02 de dezembro de 2025.<\/p>\n<p>&nbsp;<\/p>\n<p><b><i>FELIPE FERREIRA DE MENEZES ARA\u00daJO<\/i><\/b><\/p>\n<p>Prefeito Municipal<\/p>\n<p>&nbsp;<\/p>\n<p>*REPUBLICADO POR INCORRE\u00c7\u00c3O<\/p>\n<div align=\"right\">\n<b>Publicado por:<\/b><br \/>\nRobson Edson Fernandes da Silva<br \/>\n<b>C\u00f3digo Identificador:<\/b>709AD0E7<\/div>\n<p>&nbsp;<\/p>\n<hr \/>\n<p>Mat\u00e9ria publicada no Di\u00e1rio Oficial dos Munic\u00edpios do Estado do Rio Grande do Norte no dia 13\/02\/2026. Edi\u00e7\u00e3o 3730<br \/>\nA verifica\u00e7\u00e3o de autenticidade da mat\u00e9ria pode ser feita informando o c\u00f3digo identificador no site:<br \/>\nhttps:\/\/www.diariomunicipal.com.br\/femurn\/<\/p><\/div>\n<div class=\"pdfprnt-buttons pdfprnt-buttons-post pdfprnt-bottom-right\"><a href=\"https:\/\/lajes.rn.gov.br\/transparente\/index\/wp-json\/wp\/v2\/posts\/39987?print=pdf\" class=\"pdfprnt-button pdfprnt-button-pdf\" target=\"_blank\" ><img decoding=\"async\" src=\"https:\/\/lajes.rn.gov.br\/transparente\/index\/wp-content\/plugins\/pdf-print\/images\/pdf.png\" alt=\"image_pdf\" title=\"Ver PDF\" \/><\/a><a href=\"https:\/\/lajes.rn.gov.br\/transparente\/index\/wp-json\/wp\/v2\/posts\/39987?print=print\" class=\"pdfprnt-button pdfprnt-button-print\" target=\"_blank\" ><img decoding=\"async\" src=\"https:\/\/lajes.rn.gov.br\/transparente\/index\/wp-content\/plugins\/pdf-print\/images\/print.png\" alt=\"image_print\" title=\"Conte\u00fado de impress\u00e3o\" \/><\/a><\/div>","protected":false},"excerpt":{"rendered":"<p>ESTADO DO RIO GRANDE DO NORTE PREFEITURA MUNICIPAL DE LAJES GABINETE DO PREFEITO HOMOLOGA\u00c7\u00c3O DO PREG\u00c3O ELETR\u00d4NICO SRP N\u00ba 032\/2025 \u2013 PML\/RN* Processo administrativo n\u00ba 1044\/2025 Licita\u00e7\u00e3o n\u00ba 147\/2025 &nbsp; O Prefeito do Munic\u00edpio de Lajes\/RN,\u00a0HOMOLOGA\u00a0todos os atos praticados no processo licitat\u00f3rio na modalidade PREG\u00c3O ELETR\u00d4NICO SISTEMA DE\u00a0REGISTRO DE PRE\u00c7OS\u00a0N\u00ba. 032\/2025 \u2013 PML com o [&hellip;]<\/p>\n","protected":false},"author":3,"featured_media":0,"comment_status":"closed","ping_status":"closed","sticky":false,"template":"","format":"standard","meta":{"ocean_post_layout":"","ocean_both_sidebars_style":"","ocean_both_sidebars_content_width":0,"ocean_both_sidebars_sidebars_width":0,"ocean_sidebar":"0","ocean_second_sidebar":"0","ocean_disable_margins":"enable","ocean_add_body_class":"","ocean_shortcode_before_top_bar":"","ocean_shortcode_after_top_bar":"","ocean_shortcode_before_header":"","ocean_shortcode_after_header":"","ocean_has_shortcode":"","ocean_shortcode_after_title":"","ocean_shortcode_before_footer_widgets":"","ocean_shortcode_after_footer_widgets":"","ocean_shortcode_before_footer_bottom":"","ocean_shortcode_after_footer_bottom":"","ocean_display_top_bar":"default","ocean_display_header":"default","ocean_header_style":"","ocean_center_header_left_menu":"0","ocean_custom_header_template":"0","ocean_custom_logo":0,"ocean_custom_retina_logo":0,"ocean_custom_logo_max_width":0,"ocean_custom_logo_tablet_max_width":0,"ocean_custom_logo_mobile_max_width":0,"ocean_custom_logo_max_height":0,"ocean_custom_logo_tablet_max_height":0,"ocean_custom_logo_mobile_max_height":0,"ocean_header_custom_menu":"0","ocean_menu_typo_font_family":"0","ocean_menu_typo_font_subset":"","ocean_menu_typo_font_size":0,"ocean_menu_typo_font_size_tablet":0,"ocean_menu_typo_font_size_mobile":0,"ocean_menu_typo_font_size_unit":"px","ocean_menu_typo_font_weight":"","ocean_menu_typo_font_weight_tablet":"","ocean_menu_typo_font_weight_mobile":"","ocean_menu_typo_transform":"","ocean_menu_typo_transform_tablet":"","ocean_menu_typo_transform_mobile":"","ocean_menu_typo_line_height":0,"ocean_menu_typo_line_height_tablet":0,"ocean_menu_typo_line_height_mobile":0,"ocean_menu_typo_line_height_unit":"","ocean_menu_typo_spacing":0,"ocean_menu_typo_spacing_tablet":0,"ocean_menu_typo_spacing_mobile":0,"ocean_menu_typo_spacing_unit":"","ocean_menu_link_color":"","ocean_menu_link_color_hover":"","ocean_menu_link_color_active":"","ocean_menu_link_background":"","ocean_menu_link_hover_background":"","ocean_menu_link_active_background":"","ocean_menu_social_links_bg":"","ocean_menu_social_hover_links_bg":"","ocean_menu_social_links_color":"","ocean_menu_social_hover_links_color":"","ocean_disable_title":"default","ocean_disable_heading":"default","ocean_post_title":"","ocean_post_subheading":"","ocean_post_title_style":"","ocean_post_title_background_color":"","ocean_post_title_background":0,"ocean_post_title_bg_image_position":"","ocean_post_title_bg_image_attachment":"","ocean_post_title_bg_image_repeat":"","ocean_post_title_bg_image_size":"","ocean_post_title_height":0,"ocean_post_title_bg_overlay":0.5,"ocean_post_title_bg_overlay_color":"","ocean_disable_breadcrumbs":"default","ocean_breadcrumbs_color":"","ocean_breadcrumbs_separator_color":"","ocean_breadcrumbs_links_color":"","ocean_breadcrumbs_links_hover_color":"","ocean_display_footer_widgets":"default","ocean_display_footer_bottom":"default","ocean_custom_footer_template":"0","ocean_post_oembed":"","ocean_post_self_hosted_media":"","ocean_post_video_embed":"","ocean_link_format":"","ocean_link_format_target":"self","ocean_quote_format":"","ocean_quote_format_link":"post","ocean_gallery_link_images":"on","ocean_gallery_id":[],"footnotes":""},"categories":[89,3,90,228],"tags":[],"class_list":["post-39987","post","type-post","status-publish","format-standard","hentry","category-homologacao","category-licitacao","category-pregao-eletronico","category-pregao-eletronico-2025","entry"],"_links":{"self":[{"href":"https:\/\/lajes.rn.gov.br\/transparente\/index\/wp-json\/wp\/v2\/posts\/39987","targetHints":{"allow":["GET"]}}],"collection":[{"href":"https:\/\/lajes.rn.gov.br\/transparente\/index\/wp-json\/wp\/v2\/posts"}],"about":[{"href":"https:\/\/lajes.rn.gov.br\/transparente\/index\/wp-json\/wp\/v2\/types\/post"}],"author":[{"embeddable":true,"href":"https:\/\/lajes.rn.gov.br\/transparente\/index\/wp-json\/wp\/v2\/users\/3"}],"replies":[{"embeddable":true,"href":"https:\/\/lajes.rn.gov.br\/transparente\/index\/wp-json\/wp\/v2\/comments?post=39987"}],"version-history":[{"count":1,"href":"https:\/\/lajes.rn.gov.br\/transparente\/index\/wp-json\/wp\/v2\/posts\/39987\/revisions"}],"predecessor-version":[{"id":39988,"href":"https:\/\/lajes.rn.gov.br\/transparente\/index\/wp-json\/wp\/v2\/posts\/39987\/revisions\/39988"}],"wp:attachment":[{"href":"https:\/\/lajes.rn.gov.br\/transparente\/index\/wp-json\/wp\/v2\/media?parent=39987"}],"wp:term":[{"taxonomy":"category","embeddable":true,"href":"https:\/\/lajes.rn.gov.br\/transparente\/index\/wp-json\/wp\/v2\/categories?post=39987"},{"taxonomy":"post_tag","embeddable":true,"href":"https:\/\/lajes.rn.gov.br\/transparente\/index\/wp-json\/wp\/v2\/tags?post=39987"}],"curies":[{"name":"wp","href":"https:\/\/api.w.org\/{rel}","templated":true}]}}