{"id":39743,"date":"2026-01-27T16:59:36","date_gmt":"2026-01-27T19:59:36","guid":{"rendered":"https:\/\/lajes.rn.gov.br\/transparente\/index\/?p=39743"},"modified":"2026-03-12T17:02:29","modified_gmt":"2026-03-12T20:02:29","slug":"decreto-no-001-2026-prorroga-o-prazo-para-pagamento-da-taxa-de-solicitacao-renovacao-do-alvara-de-funcionamento-para-o-exercicio-de-2026","status":"publish","type":"post","link":"https:\/\/lajes.rn.gov.br\/transparente\/index\/decreto-no-001-2026-prorroga-o-prazo-para-pagamento-da-taxa-de-solicitacao-renovacao-do-alvara-de-funcionamento-para-o-exercicio-de-2026\/","title":{"rendered":"DECRETO N\u00ba 001\/2026 &#8211; Prorroga o prazo para pagamento da taxa de solicita\u00e7\u00e3o\/renova\u00e7\u00e3o do Alvar\u00e1 de Funcionamento para o exerc\u00edcio de 2026"},"content":{"rendered":"<div id=\"separador\" class=\"cabecalhoEstadoSeparador cabecalhoEstadoSeparador1\">\n<p style=\"text-align: center;\"><strong>ESTADO DO RIO GRANDE DO NORTE<\/strong><br \/>\n<strong>PREFEITURA MUNICIPAL DE LAJES<\/strong><\/p>\n<\/div>\n<p class=\"cabecaorgao\" style=\"text-align: center;\"><strong>GABINETE DO PREFEITO<\/strong><\/p>\n<hr \/>\n<div id=\"materia\" class=\"materia materia20091123 materia1\">\n<p><strong>DECRETO N\u00ba 001, DE 27 DE JANEIRO DE 2026<\/strong><\/p>\n<div class=\"mat\"><\/div>\n<p>Prorroga o prazo para pagamento da taxa de solicita\u00e7\u00e3o\/renova\u00e7\u00e3o do Alvar\u00e1 de Funcionamento para o exerc\u00edcio de 2026<\/p>\n<p>&nbsp;<\/p>\n<p>O\u00a0<b>PREFEITO MUNICIPAL DE LAJES<\/b>, no uso das atribui\u00e7\u00f5es que lhe s\u00e3o conferidas pelo artigo 62 da Lei Org\u00e2nica do Munic\u00edpio,<\/p>\n<p>&nbsp;<\/p>\n<p><b>CONSIDERANDO<\/b>\u00a0a necessidade de instituir e normatizar a atividade administrativa voltada \u00e0 desburocratiza\u00e7\u00e3o, prorrogando o prazo para o atendimento aos contribuintes no que se refere \u00e0 regulariza\u00e7\u00e3o mercantil, conforme facultado ao Chefe do Poder Executivo Municipal para expedir atos regulamentares necess\u00e1rios \u00e0 efetividade de tal pol\u00edtica;<\/p>\n<p>&nbsp;<\/p>\n<p><b>CONSIDERANDO<\/b>\u00a0a manuten\u00e7\u00e3o do sistema de administra\u00e7\u00e3o tribut\u00e1ria (SIAT) para a virada do exerc\u00edcio fiscal e atualiza\u00e7\u00e3o do \u00edndice de corre\u00e7\u00e3o monet\u00e1ria (IPCA), conforme disposto na Lei Complementar n\u00ba 003\/2014, que perdurou durante as duas primeiras semanas de janeiro de 2026, o que impediu os contribuintes de regularizarem suas licen\u00e7as de atividades econ\u00f4micas no prazo previsto para o exerc\u00edcio de 2026, prejudicando o cumprimento do prazo de 30 (trinta) dias estabelecido no artigo 66 da Lei Complementar n\u00ba 489\/2019 (C\u00f3digo de Posturas do Munic\u00edpio de Lajes\/RN);<\/p>\n<p>&nbsp;<\/p>\n<p><b>CONSIDERANDO<\/b>\u00a0que o m\u00eas de janeiro \u00e9 um per\u00edodo de elevado volume de obriga\u00e7\u00f5es acess\u00f3rias para as empresas, especialmente no que tange \u00e0 regulariza\u00e7\u00e3o fiscal para ades\u00e3o ao regime especial unificado de arrecada\u00e7\u00e3o de tributos e contribui\u00e7\u00f5es (Simples Nacional), conforme a Lei Complementar n\u00ba 123\/2006;<\/p>\n<p>&nbsp;<\/p>\n<p><b>CONSIDERANDO<\/b>\u00a0que a base de c\u00e1lculo para a cobran\u00e7a da taxa de alvar\u00e1 de funcionamento depende da apresenta\u00e7\u00e3o do faturamento ou da receita bruta do ano anterior, sendo que o m\u00eas de janeiro \u00e9 o per\u00edodo de apura\u00e7\u00e3o da compet\u00eancia de dezembro (m\u00eas pertencente ao ano anterior), o que inviabiliza a entrega do demonstrativo necess\u00e1rio dentro do prazo;<\/p>\n<p>&nbsp;<\/p>\n<p><b><u>DECRETA<\/u><\/b>:<\/p>\n<p>&nbsp;<\/p>\n<p>Art. 1\u00ba Fica prorrogado at\u00e9 o dia\u00a0<b>31 de mar\u00e7o de 2026<\/b>\u00a0o prazo para o pagamento da taxa de solicita\u00e7\u00e3o\/renova\u00e7\u00e3o do Alvar\u00e1 de Funcionamento para o exerc\u00edcio de 2026.<\/p>\n<p>&nbsp;<\/p>\n<p>Art. 2\u00ba Este Decreto entra em vigor na data de sua publica\u00e7\u00e3o.<\/p>\n<p>.<\/p>\n<p>Lajes\/RN, 27 de janeiro de 2026.<\/p>\n<p>&nbsp;<\/p>\n<p>&nbsp;<\/p>\n<p><b><i>FELIPE FERREIRA DE MENEZES ARA\u00daJO<\/i><\/b><\/p>\n<p><b><i><\/i><\/b><\/p>\n<p>Prefeito Municipal<\/p>\n<div align=\"right\"><b>Publicado por:<\/b><br \/>\nIcaro Lucas Martins<br \/>\n<b>C\u00f3digo Identificador:<\/b>1801290F<\/div>\n<p>&nbsp;<\/p>\n<hr \/>\n<p>Mat\u00e9ria publicada no Di\u00e1rio Oficial dos Munic\u00edpios do Estado do Rio Grande do Norte no dia 28\/01\/2026. Edi\u00e7\u00e3o 3718<br \/>\nA verifica\u00e7\u00e3o de autenticidade da mat\u00e9ria pode ser feita informando o c\u00f3digo identificador no site:<br \/>\nhttps:\/\/www.diariomunicipal.com.br\/femurn\/<\/p>\n<\/div>\n<div class=\"pdfprnt-buttons pdfprnt-buttons-post pdfprnt-bottom-right\"><a href=\"https:\/\/lajes.rn.gov.br\/transparente\/index\/wp-json\/wp\/v2\/posts\/39743?print=pdf\" class=\"pdfprnt-button pdfprnt-button-pdf\" target=\"_blank\" ><img decoding=\"async\" src=\"https:\/\/lajes.rn.gov.br\/transparente\/index\/wp-content\/plugins\/pdf-print\/images\/pdf.png\" alt=\"image_pdf\" title=\"Ver PDF\" \/><\/a><a href=\"https:\/\/lajes.rn.gov.br\/transparente\/index\/wp-json\/wp\/v2\/posts\/39743?print=print\" class=\"pdfprnt-button pdfprnt-button-print\" target=\"_blank\" ><img decoding=\"async\" src=\"https:\/\/lajes.rn.gov.br\/transparente\/index\/wp-content\/plugins\/pdf-print\/images\/print.png\" alt=\"image_print\" title=\"Conte\u00fado de impress\u00e3o\" \/><\/a><\/div>","protected":false},"excerpt":{"rendered":"<p>ESTADO DO RIO GRANDE DO NORTE PREFEITURA MUNICIPAL DE LAJES GABINETE DO PREFEITO DECRETO N\u00ba 001, DE 27 DE JANEIRO DE 2026 Prorroga o prazo para pagamento da taxa de solicita\u00e7\u00e3o\/renova\u00e7\u00e3o do Alvar\u00e1 de Funcionamento para o exerc\u00edcio de 2026 &nbsp; O\u00a0PREFEITO MUNICIPAL DE LAJES, no uso das atribui\u00e7\u00f5es que lhe s\u00e3o conferidas pelo artigo [&hellip;]<\/p>\n","protected":false},"author":3,"featured_media":0,"comment_status":"closed","ping_status":"closed","sticky":false,"template":"","format":"standard","meta":{"ocean_post_layout":"","ocean_both_sidebars_style":"","ocean_both_sidebars_content_width":0,"ocean_both_sidebars_sidebars_width":0,"ocean_sidebar":"0","ocean_second_sidebar":"0","ocean_disable_margins":"enable","ocean_add_body_class":"","ocean_shortcode_before_top_bar":"","ocean_shortcode_after_top_bar":"","ocean_shortcode_before_header":"","ocean_shortcode_after_header":"","ocean_has_shortcode":"","ocean_shortcode_after_title":"","ocean_shortcode_before_footer_widgets":"","ocean_shortcode_after_footer_widgets":"","ocean_shortcode_before_footer_bottom":"","ocean_shortcode_after_footer_bottom":"","ocean_display_top_bar":"default","ocean_display_header":"default","ocean_header_style":"","ocean_center_header_left_menu":"0","ocean_custom_header_template":"0","ocean_custom_logo":0,"ocean_custom_retina_logo":0,"ocean_custom_logo_max_width":0,"ocean_custom_logo_tablet_max_width":0,"ocean_custom_logo_mobile_max_width":0,"ocean_custom_logo_max_height":0,"ocean_custom_logo_tablet_max_height":0,"ocean_custom_logo_mobile_max_height":0,"ocean_header_custom_menu":"0","ocean_menu_typo_font_family":"0","ocean_menu_typo_font_subset":"","ocean_menu_typo_font_size":0,"ocean_menu_typo_font_size_tablet":0,"ocean_menu_typo_font_size_mobile":0,"ocean_menu_typo_font_size_unit":"px","ocean_menu_typo_font_weight":"","ocean_menu_typo_font_weight_tablet":"","ocean_menu_typo_font_weight_mobile":"","ocean_menu_typo_transform":"","ocean_menu_typo_transform_tablet":"","ocean_menu_typo_transform_mobile":"","ocean_menu_typo_line_height":0,"ocean_menu_typo_line_height_tablet":0,"ocean_menu_typo_line_height_mobile":0,"ocean_menu_typo_line_height_unit":"","ocean_menu_typo_spacing":0,"ocean_menu_typo_spacing_tablet":0,"ocean_menu_typo_spacing_mobile":0,"ocean_menu_typo_spacing_unit":"","ocean_menu_link_color":"","ocean_menu_link_color_hover":"","ocean_menu_link_color_active":"","ocean_menu_link_background":"","ocean_menu_link_hover_background":"","ocean_menu_link_active_background":"","ocean_menu_social_links_bg":"","ocean_menu_social_hover_links_bg":"","ocean_menu_social_links_color":"","ocean_menu_social_hover_links_color":"","ocean_disable_title":"default","ocean_disable_heading":"default","ocean_post_title":"","ocean_post_subheading":"","ocean_post_title_style":"","ocean_post_title_background_color":"","ocean_post_title_background":0,"ocean_post_title_bg_image_position":"","ocean_post_title_bg_image_attachment":"","ocean_post_title_bg_image_repeat":"","ocean_post_title_bg_image_size":"","ocean_post_title_height":0,"ocean_post_title_bg_overlay":0.5,"ocean_post_title_bg_overlay_color":"","ocean_disable_breadcrumbs":"default","ocean_breadcrumbs_color":"","ocean_breadcrumbs_separator_color":"","ocean_breadcrumbs_links_color":"","ocean_breadcrumbs_links_hover_color":"","ocean_display_footer_widgets":"default","ocean_display_footer_bottom":"default","ocean_custom_footer_template":"0","ocean_post_oembed":"","ocean_post_self_hosted_media":"","ocean_post_video_embed":"","ocean_link_format":"","ocean_link_format_target":"self","ocean_quote_format":"","ocean_quote_format_link":"post","ocean_gallery_link_images":"on","ocean_gallery_id":[],"footnotes":""},"categories":[38,259,2],"tags":[],"class_list":["post-39743","post","type-post","status-publish","format-standard","hentry","category-decretos","category-decretos-2026","category-legislacao","entry"],"_links":{"self":[{"href":"https:\/\/lajes.rn.gov.br\/transparente\/index\/wp-json\/wp\/v2\/posts\/39743","targetHints":{"allow":["GET"]}}],"collection":[{"href":"https:\/\/lajes.rn.gov.br\/transparente\/index\/wp-json\/wp\/v2\/posts"}],"about":[{"href":"https:\/\/lajes.rn.gov.br\/transparente\/index\/wp-json\/wp\/v2\/types\/post"}],"author":[{"embeddable":true,"href":"https:\/\/lajes.rn.gov.br\/transparente\/index\/wp-json\/wp\/v2\/users\/3"}],"replies":[{"embeddable":true,"href":"https:\/\/lajes.rn.gov.br\/transparente\/index\/wp-json\/wp\/v2\/comments?post=39743"}],"version-history":[{"count":2,"href":"https:\/\/lajes.rn.gov.br\/transparente\/index\/wp-json\/wp\/v2\/posts\/39743\/revisions"}],"predecessor-version":[{"id":39745,"href":"https:\/\/lajes.rn.gov.br\/transparente\/index\/wp-json\/wp\/v2\/posts\/39743\/revisions\/39745"}],"wp:attachment":[{"href":"https:\/\/lajes.rn.gov.br\/transparente\/index\/wp-json\/wp\/v2\/media?parent=39743"}],"wp:term":[{"taxonomy":"category","embeddable":true,"href":"https:\/\/lajes.rn.gov.br\/transparente\/index\/wp-json\/wp\/v2\/categories?post=39743"},{"taxonomy":"post_tag","embeddable":true,"href":"https:\/\/lajes.rn.gov.br\/transparente\/index\/wp-json\/wp\/v2\/tags?post=39743"}],"curies":[{"name":"wp","href":"https:\/\/api.w.org\/{rel}","templated":true}]}}