{"id":39696,"date":"2026-01-21T16:09:22","date_gmt":"2026-01-21T19:09:22","guid":{"rendered":"https:\/\/lajes.rn.gov.br\/transparente\/index\/?p=39696"},"modified":"2026-03-12T16:10:13","modified_gmt":"2026-03-12T19:10:13","slug":"homologacao-do-pregao-eletronico-no-036-2025-pml-rn","status":"publish","type":"post","link":"https:\/\/lajes.rn.gov.br\/transparente\/index\/homologacao-do-pregao-eletronico-no-036-2025-pml-rn\/","title":{"rendered":"HOMOLOGA\u00c7\u00c3O DO PREG\u00c3O ELETR\u00d4NICO N\u00ba 036\/2025 \u2013 PML\/RN"},"content":{"rendered":"<div id=\"separador\" class=\"cabecalhoEstadoSeparador cabecalhoEstadoSeparador2\">\n<p style=\"text-align: center;\"><strong>ESTADO DO RIO GRANDE DO NORTE<\/strong><br \/>\n<strong>PREFEITURA MUNICIPAL DE LAJES<\/strong><\/p>\n<\/div>\n<p class=\"cabecaorgao\" style=\"text-align: center;\"><strong>GABINETE DO PREFEITO<\/strong><\/p>\n<hr \/>\n<div id=\"materia\" class=\"materia materia20091123 materia2\">\n<p><strong>HOMOLOGA\u00c7\u00c3O DO PREG\u00c3O ELETR\u00d4NICO N\u00ba 036\/2025 \u2013 PML\/RN<\/strong><\/p>\n<div class=\"mat\"><\/div>\n<p><b>Processo administrativo n\u00ba 1.143\/2025<\/b><\/p>\n<p><b>Licita\u00e7\u00e3o n\u00ba 168\/2025<\/b><\/p>\n<p>&nbsp;<\/p>\n<p>O Prefeito do Munic\u00edpio de Lajes\/RN,\u00a0<b>HOMOLOGA<\/b>\u00a0todos os atos praticados no processo licitat\u00f3rio na modalidade PREG\u00c3O ELETR\u00d4NICO de N\u00ba 036\/2025, objetivando o\u00a0<b>CONTRATA\u00c7\u00c3O DE SERVI\u00c7OS DE CORTE DE TERRA COM A DISPONIBILIZA\u00c7\u00c3O DE TRATORES AGR\u00cdCOLAS, DEVIDAMENTE EQUIPADOS COM GRADES HIDR\u00c1ULICAS E MEC\u00c2NICAS, PARA EXECU\u00c7\u00c3O DE ATIVIDADES DE PREPARO DO SOLO, NOS TERMOS DA TABELA ABAIXO, CONFORME CONDI\u00c7\u00d5ES E EXIG\u00caNCIAS ESTABELECIDAS NESTE INSTRUMENTO,<\/b>\u00a0homologando o objeto em ep\u00edgrafe, em favor da empresa:\u00a0<b>CG CONSTRUTORA GUIMARAES LTDA, inscrita no CNPJ sob n\u00ba 17.333.460\/0001-34,\u00a0<\/b>estabelecida na Av. Jo\u00e3o Manoel Pessoa, n\u00ba 51, Barro Vermelho, Itaj\u00e1\/RN \u2013 CEP: 59.513-000, sendo representada pelo Sr. Luiz Carlos Guimar\u00e3es Filho, inscrito no CPF n\u00ba 084.XXX.744-XX e RG n\u00ba 00X.789.XXX \u2013 ITEP\/RN saiu vencedora nos itens conforme planilha a seguir:<\/p>\n<p>&nbsp;<\/p>\n<table class=\"mat\" border=\"1\" cellspacing=\"0\" cellpadding=\"0\" align=\"left\">\n<tbody>\n<tr>\n<td width=\"68\"><b>ITEM<\/b><\/td>\n<td width=\"260\"><b>OBJETO\/ESPEFICA\u00c7\u00c3O T\u00c9CNICA<\/b><\/td>\n<td width=\"95\"><b>UNIDADE DE MEDIDA<\/b><\/td>\n<td width=\"95\"><b>QUANT.<\/b><\/td>\n<td width=\"118\"><b>VALOR UNIT.<\/b><\/td>\n<td width=\"130\"><b>VALOR TOTAL<\/b><\/td>\n<\/tr>\n<tr>\n<td colspan=\"6\" width=\"765\"><b>LOTE \u00daNICO<\/b><\/td>\n<\/tr>\n<tr>\n<td width=\"68\">1<\/td>\n<td width=\"260\">LOCA\u00c7\u00c3O DE TRATOR AGR\u00cdCOLA 4X4, ANO FAB. 2021 EM DIANTE, COM POT\u00caNCIA M\u00cdNIMA DE 75CV, EQUIPANDO COM GRADE ARADORA DE HIDR\u00c1ULICA 28 DISCOS. MOBILIZA\u00c7\u00c3O, DESMOBILIZA\u00c7\u00c3O, COMBUST\u00cdVEL, MANUTEN\u00c7\u00c3O DOS EQUIPAMENTOS, OPERADORES QUALIFICADOS E ENCARGOS TRABALHISTAS S\u00c3O DE RESPONSABILIDADE DA CONTRATADA.<\/td>\n<td width=\"95\">Hora<\/td>\n<td width=\"95\">1000<\/td>\n<td width=\"118\">R$ 149,50<\/td>\n<td width=\"130\">R$ 149.500,00<\/td>\n<\/tr>\n<tr>\n<td width=\"68\">2<\/td>\n<td width=\"260\">LOCA\u00c7\u00c3O DE TRATOR AGR\u00cdCOLA 4X4, ANO FAB. 2021 EM DIANTE, COM POT\u00caNCIA M\u00cdNIMA DE 75CV, EQUIPADO COM GRADE NIVELADORA DE 28 DISCOS. MOBILIZA\u00c7\u00c3O, DESMOBILIZA\u00c7\u00c3O, COMBUST\u00cdVEL, MANUTEN\u00c7\u00c3O DOS EQUIPAMENTOS, OPERADORES QUALIFICADOS E ENCARGOS TRABALHISTAS S\u00c3O DE RESPONSABILIDADE DA CONTRATADA.<\/td>\n<td width=\"95\">Hora<\/td>\n<td width=\"95\">1000<\/td>\n<td width=\"118\">R$ 149,50<\/td>\n<td width=\"130\">R$ 149.500,00<\/td>\n<\/tr>\n<tr>\n<td colspan=\"2\" width=\"328\">VALOR GLOBAL:<\/td>\n<td colspan=\"4\" width=\"437\">R$ 299.000,00 (duzentos e noventa e nove mil reais).<\/td>\n<\/tr>\n<\/tbody>\n<\/table>\n<p>&nbsp;<\/p>\n<p>Para que produzam os efeitos legais nos termos do art. 71, inciso IV da Lei n\u00ba. 14.133\/2021, com suas posteriores altera\u00e7\u00f5es.<\/p>\n<p>&nbsp;<\/p>\n<p>Lajes\/RN, 21 de janeiro de 2026.<\/p>\n<p>&nbsp;<\/p>\n<p>&nbsp;<\/p>\n<p><b><i>FELIPE FERREIRA DE MENEZES ARA\u00daJO<\/i><\/b><\/p>\n<p><b><i><\/i><\/b>&nbsp;<\/p>\n<p>Prefeito Municipal<\/p>\n<div align=\"right\">\n<b>Publicado por:<\/b><br \/>\nRafael Anderson de Ara\u00fajo Silva<br \/>\n<b>C\u00f3digo Identificador:<\/b>ACECFE34<\/div>\n<p>&nbsp;<\/p>\n<hr \/>\n<p>Mat\u00e9ria publicada no Di\u00e1rio Oficial dos Munic\u00edpios do Estado do Rio Grande do Norte no dia 23\/01\/2026. Edi\u00e7\u00e3o 3715<br \/>\nA verifica\u00e7\u00e3o de autenticidade da mat\u00e9ria pode ser feita informando o c\u00f3digo identificador no site:<br \/>\nhttps:\/\/www.diariomunicipal.com.br\/femurn\/<\/p><\/div>\n<div class=\"pdfprnt-buttons pdfprnt-buttons-post pdfprnt-bottom-right\"><a href=\"https:\/\/lajes.rn.gov.br\/transparente\/index\/wp-json\/wp\/v2\/posts\/39696?print=pdf\" class=\"pdfprnt-button pdfprnt-button-pdf\" target=\"_blank\" ><img decoding=\"async\" src=\"https:\/\/lajes.rn.gov.br\/transparente\/index\/wp-content\/plugins\/pdf-print\/images\/pdf.png\" alt=\"image_pdf\" title=\"Ver PDF\" \/><\/a><a href=\"https:\/\/lajes.rn.gov.br\/transparente\/index\/wp-json\/wp\/v2\/posts\/39696?print=print\" class=\"pdfprnt-button pdfprnt-button-print\" target=\"_blank\" ><img decoding=\"async\" src=\"https:\/\/lajes.rn.gov.br\/transparente\/index\/wp-content\/plugins\/pdf-print\/images\/print.png\" alt=\"image_print\" title=\"Conte\u00fado de impress\u00e3o\" \/><\/a><\/div>","protected":false},"excerpt":{"rendered":"<p>ESTADO DO RIO GRANDE DO NORTE PREFEITURA MUNICIPAL DE LAJES GABINETE DO PREFEITO HOMOLOGA\u00c7\u00c3O DO PREG\u00c3O ELETR\u00d4NICO N\u00ba 036\/2025 \u2013 PML\/RN Processo administrativo n\u00ba 1.143\/2025 Licita\u00e7\u00e3o n\u00ba 168\/2025 &nbsp; O Prefeito do Munic\u00edpio de Lajes\/RN,\u00a0HOMOLOGA\u00a0todos os atos praticados no processo licitat\u00f3rio na modalidade PREG\u00c3O ELETR\u00d4NICO de N\u00ba 036\/2025, objetivando o\u00a0CONTRATA\u00c7\u00c3O DE SERVI\u00c7OS DE CORTE DE [&hellip;]<\/p>\n","protected":false},"author":3,"featured_media":0,"comment_status":"closed","ping_status":"closed","sticky":false,"template":"","format":"standard","meta":{"ocean_post_layout":"","ocean_both_sidebars_style":"","ocean_both_sidebars_content_width":0,"ocean_both_sidebars_sidebars_width":0,"ocean_sidebar":"0","ocean_second_sidebar":"0","ocean_disable_margins":"enable","ocean_add_body_class":"","ocean_shortcode_before_top_bar":"","ocean_shortcode_after_top_bar":"","ocean_shortcode_before_header":"","ocean_shortcode_after_header":"","ocean_has_shortcode":"","ocean_shortcode_after_title":"","ocean_shortcode_before_footer_widgets":"","ocean_shortcode_after_footer_widgets":"","ocean_shortcode_before_footer_bottom":"","ocean_shortcode_after_footer_bottom":"","ocean_display_top_bar":"default","ocean_display_header":"default","ocean_header_style":"","ocean_center_header_left_menu":"0","ocean_custom_header_template":"0","ocean_custom_logo":0,"ocean_custom_retina_logo":0,"ocean_custom_logo_max_width":0,"ocean_custom_logo_tablet_max_width":0,"ocean_custom_logo_mobile_max_width":0,"ocean_custom_logo_max_height":0,"ocean_custom_logo_tablet_max_height":0,"ocean_custom_logo_mobile_max_height":0,"ocean_header_custom_menu":"0","ocean_menu_typo_font_family":"0","ocean_menu_typo_font_subset":"","ocean_menu_typo_font_size":0,"ocean_menu_typo_font_size_tablet":0,"ocean_menu_typo_font_size_mobile":0,"ocean_menu_typo_font_size_unit":"px","ocean_menu_typo_font_weight":"","ocean_menu_typo_font_weight_tablet":"","ocean_menu_typo_font_weight_mobile":"","ocean_menu_typo_transform":"","ocean_menu_typo_transform_tablet":"","ocean_menu_typo_transform_mobile":"","ocean_menu_typo_line_height":0,"ocean_menu_typo_line_height_tablet":0,"ocean_menu_typo_line_height_mobile":0,"ocean_menu_typo_line_height_unit":"","ocean_menu_typo_spacing":0,"ocean_menu_typo_spacing_tablet":0,"ocean_menu_typo_spacing_mobile":0,"ocean_menu_typo_spacing_unit":"","ocean_menu_link_color":"","ocean_menu_link_color_hover":"","ocean_menu_link_color_active":"","ocean_menu_link_background":"","ocean_menu_link_hover_background":"","ocean_menu_link_active_background":"","ocean_menu_social_links_bg":"","ocean_menu_social_hover_links_bg":"","ocean_menu_social_links_color":"","ocean_menu_social_hover_links_color":"","ocean_disable_title":"default","ocean_disable_heading":"default","ocean_post_title":"","ocean_post_subheading":"","ocean_post_title_style":"","ocean_post_title_background_color":"","ocean_post_title_background":0,"ocean_post_title_bg_image_position":"","ocean_post_title_bg_image_attachment":"","ocean_post_title_bg_image_repeat":"","ocean_post_title_bg_image_size":"","ocean_post_title_height":0,"ocean_post_title_bg_overlay":0.5,"ocean_post_title_bg_overlay_color":"","ocean_disable_breadcrumbs":"default","ocean_breadcrumbs_color":"","ocean_breadcrumbs_separator_color":"","ocean_breadcrumbs_links_color":"","ocean_breadcrumbs_links_hover_color":"","ocean_display_footer_widgets":"default","ocean_display_footer_bottom":"default","ocean_custom_footer_template":"0","ocean_post_oembed":"","ocean_post_self_hosted_media":"","ocean_post_video_embed":"","ocean_link_format":"","ocean_link_format_target":"self","ocean_quote_format":"","ocean_quote_format_link":"post","ocean_gallery_link_images":"on","ocean_gallery_id":[],"footnotes":""},"categories":[89,3,90,228],"tags":[],"class_list":["post-39696","post","type-post","status-publish","format-standard","hentry","category-homologacao","category-licitacao","category-pregao-eletronico","category-pregao-eletronico-2025","entry"],"_links":{"self":[{"href":"https:\/\/lajes.rn.gov.br\/transparente\/index\/wp-json\/wp\/v2\/posts\/39696","targetHints":{"allow":["GET"]}}],"collection":[{"href":"https:\/\/lajes.rn.gov.br\/transparente\/index\/wp-json\/wp\/v2\/posts"}],"about":[{"href":"https:\/\/lajes.rn.gov.br\/transparente\/index\/wp-json\/wp\/v2\/types\/post"}],"author":[{"embeddable":true,"href":"https:\/\/lajes.rn.gov.br\/transparente\/index\/wp-json\/wp\/v2\/users\/3"}],"replies":[{"embeddable":true,"href":"https:\/\/lajes.rn.gov.br\/transparente\/index\/wp-json\/wp\/v2\/comments?post=39696"}],"version-history":[{"count":1,"href":"https:\/\/lajes.rn.gov.br\/transparente\/index\/wp-json\/wp\/v2\/posts\/39696\/revisions"}],"predecessor-version":[{"id":39697,"href":"https:\/\/lajes.rn.gov.br\/transparente\/index\/wp-json\/wp\/v2\/posts\/39696\/revisions\/39697"}],"wp:attachment":[{"href":"https:\/\/lajes.rn.gov.br\/transparente\/index\/wp-json\/wp\/v2\/media?parent=39696"}],"wp:term":[{"taxonomy":"category","embeddable":true,"href":"https:\/\/lajes.rn.gov.br\/transparente\/index\/wp-json\/wp\/v2\/categories?post=39696"},{"taxonomy":"post_tag","embeddable":true,"href":"https:\/\/lajes.rn.gov.br\/transparente\/index\/wp-json\/wp\/v2\/tags?post=39696"}],"curies":[{"name":"wp","href":"https:\/\/api.w.org\/{rel}","templated":true}]}}