{"id":39636,"date":"2025-11-19T18:32:11","date_gmt":"2025-11-19T21:32:11","guid":{"rendered":"https:\/\/lajes.rn.gov.br\/transparente\/index\/?p=39636"},"modified":"2026-02-11T18:36:06","modified_gmt":"2026-02-11T21:36:06","slug":"termo-de-extincao-contratual-contrato-administrativo-no-021-2024","status":"publish","type":"post","link":"https:\/\/lajes.rn.gov.br\/transparente\/index\/termo-de-extincao-contratual-contrato-administrativo-no-021-2024\/","title":{"rendered":"TERMO DE EXTIN\u00c7\u00c3O CONTRATUAL &#8211; CONTRATO ADMINISTRATIVO N\u00ba 021\/2024"},"content":{"rendered":"<div id=\"separador\" class=\"cabecalhoEstadoSeparador cabecalhoEstadoSeparador1\">\n<p style=\"text-align: center;\"><strong>ESTADO DO RIO GRANDE DO NORTE<\/strong><br \/>\n<strong>PREFEITURA MUNICIPAL DE LAJES<\/strong><\/p>\n<\/div>\n<p class=\"cabecaorgao\" style=\"text-align: center;\"><strong>GABINETE DO PREFEITO<\/strong><\/p>\n<hr \/>\n<div id=\"materia\" class=\"materia materia20091123 materia1\">\n<p><strong>TERMO DE EXTIN\u00c7\u00c3O CONTRATUAL &#8211; CONTRATO ADMINISTRATIVO N\u00ba 021\/2024<\/strong><\/p>\n<div class=\"mat\">TERMO DE EXTIN\u00c7\u00c3O CONTRATUAL QUE FAZEM ENTRE SI O MUNIC\u00cdPIO DE LAJES\/RN E A EMPRESA AVELINO LACERDA ENGENHARIA E CONSULTORIA LTDA.<\/div>\n<p>&nbsp;<\/p>\n<p>A\u00a0<b>PREFEITURA MUNICIPAL DE LAJES<\/b>, inscrita no CNPJ sob n\u00b0 08.113.466\/0001-05, com sede \u00e0 Rua Ramiro Pereira da Silva, 17, Centro \u2013 Lajes\/RN \u2013 CEP: 59535-000, neste ato representada pelo Sr. Prefeito Municipal\u00a0<b>FELIPE FERREIRA DE MENEZES ARA\u00daJO<\/b>, (brasileiro), (casado) inscrito no CPF\/MF sob n\u00b0 090.085.724-27, doravante designado\u00a0<b>CONTRATANTE<\/b>, e de outro lado\u00a0<b>AVELINO LACERDA ENGENHARIA E CONSULTORIA LTDA,\u00a0<\/b><b>CNPJ n\u00ba 35.563.630\/0001-59<\/b>, estabelecida \u00e0 Av. Maria Lacerda Montenegro, 2084, Sala 101, Nova Parnamirim, Parnamirim\/RN \u2013 CEP: 59.152-600, sendo representada pelo Senhor\u00a0<b>ALEXANDRE AVELINO BEZERRA DE LACERDA<\/b>, portador do CPF n\u00ba 068.227.604-90, doravante designado\u00a0<b>CONTRATADO<\/b>\u00a0resolvem, atrav\u00e9s do presente,\u00a0<b>EXTINGUIR O CONTRATO ADMINISTRATIVO N\u00b0 021\/2024<\/b>,<b>\u00a0<\/b>em conformidade com as disposi\u00e7\u00f5es da Lei 14.133\/21 e suas altera\u00e7\u00f5es posteriores, conforme a seguir estipulado:<\/p>\n<p>&nbsp;<\/p>\n<p>O Prefeito do munic\u00edpio de Lajes, Estado do Rio Grande do Norte, no uso das suas atribui\u00e7\u00f5es legais conferidas pela Lei Org\u00e2nica do Munic\u00edpio;<b><\/b><\/p>\n<p>&nbsp;<\/p>\n<p>Considerando o art. 138 da Lei 14.133\/21, que prev\u00ea:<\/p>\n<p>Art. 138. A extin\u00e7\u00e3o do contrato poder\u00e1 ser:<\/p>\n<p>[..]<\/p>\n<p>II &#8211; consensual, por acordo entre as partes, por concilia\u00e7\u00e3o, por media\u00e7\u00e3o ou por comit\u00ea de resolu\u00e7\u00e3o de disputas, desde que haja interesse da Administra\u00e7\u00e3o;<\/p>\n<p>&nbsp;<\/p>\n<p>E considerando o pedido da contratada para a extin\u00e7\u00e3o contratual, devidamente justificado nos autos do processo;<\/p>\n<p>&nbsp;<\/p>\n<p><b>RESOLVE:<\/b><\/p>\n<p>Art. 1\u00b0 &#8211; As partes acima qualificadas resolvem de comum acordo\u00a0<b>EXTINGUIR O CONTRATO N\u00ba 21\/2024<\/b>, vinculado ao Concorr\u00eancia Eletr\u00f4nica n\u00ba 1\/2024, cujo objeto era a CONTRATA\u00c7\u00c3O DE EMPRESA ESPECIALIZADA EM ENGENHARIA CIVIL PARA CONSTRU\u00c7\u00c3O DE UMA PRA\u00c7A EM HOMENAGEM A ALZIRA SORIANO, A PRIMEIRA PREFEITA DE LAJES E DA AM\u00c9RICA LATINA, NO BAIRRO S\u00c3O JUDAS TADEU, \u00c0S MARGENS DA BR 304, CONFORME O ART.138, II DA LEI DE LICITA\u00c7\u00c3O 14133\/2021.<\/p>\n<p>Art. 2\u00ba &#8211; As partes concordam que, a partir da data de assinatura deste Termo, n\u00e3o haver\u00e1 obriga\u00e7\u00e3o da Contratada na presta\u00e7\u00e3o dos servi\u00e7os do objeto do Contrato.<\/p>\n<p>Art. 3\u00b0 &#8211; Este procedimento tem como base legal o artigo 138,inciso II da Lei n\u00ba 14.133 \/21.<\/p>\n<p>Art. 4\u00ba &#8211; A extin\u00e7\u00e3o passa a valer na data de sua assinatura.<\/p>\n<p>O Presente Termo ser\u00e1 publicado em ve\u00edculo de divulga\u00e7\u00e3o do Munic\u00edpio.<\/p>\n<p>&nbsp;<\/p>\n<p>Lajes\/RN, 19 de novembro de 2025.<\/p>\n<p>&nbsp;<\/p>\n<p>&nbsp;<\/p>\n<p><b><i>FELIPE FERREIRA DE MENEZES ARA\u00daJO<\/i><\/b><\/p>\n<p><b><i><\/i><\/b>&nbsp;<\/p>\n<p>Prefeito Municipal<\/p>\n<p>Contratante<\/p>\n<p>&nbsp;<\/p>\n<p>&nbsp;<\/p>\n<p><b><i>ALEXANDRE AVELINO BEZERRA DE LACERDA<\/i><\/b><\/p>\n<p><b><i><\/i><\/b>&nbsp;<\/p>\n<p>CNPJ: 35.563.630\/0001-59<\/p>\n<p>Avelino Lacerda Engenharia e Consultoria\u00a0LTDA<\/p>\n<p>CPF n\u00ba 068.XXX.604-XX<\/p>\n<p>Contratada<\/p>\n<div align=\"right\">\n<b>Publicado por:<\/b><br \/>\nRafael Anderson de Ara\u00fajo Silva<br \/>\n<b>C\u00f3digo Identificador:<\/b>FB1DED4E<\/div>\n<p>&nbsp;<\/p>\n<hr \/>\n<p>Mat\u00e9ria publicada no Di\u00e1rio Oficial dos Munic\u00edpios do Estado do Rio Grande do Norte no dia 20\/01\/2026. Edi\u00e7\u00e3o 3712<br \/>\nA verifica\u00e7\u00e3o de autenticidade da mat\u00e9ria pode ser feita informando o c\u00f3digo identificador no site:<br \/>\nhttps:\/\/www.diariomunicipal.com.br\/femurn\/<\/p><\/div>\n<div class=\"pdfprnt-buttons pdfprnt-buttons-post pdfprnt-bottom-right\"><a href=\"https:\/\/lajes.rn.gov.br\/transparente\/index\/wp-json\/wp\/v2\/posts\/39636?print=pdf\" class=\"pdfprnt-button pdfprnt-button-pdf\" target=\"_blank\" ><img decoding=\"async\" src=\"https:\/\/lajes.rn.gov.br\/transparente\/index\/wp-content\/plugins\/pdf-print\/images\/pdf.png\" alt=\"image_pdf\" title=\"Ver PDF\" \/><\/a><a href=\"https:\/\/lajes.rn.gov.br\/transparente\/index\/wp-json\/wp\/v2\/posts\/39636?print=print\" class=\"pdfprnt-button pdfprnt-button-print\" target=\"_blank\" ><img decoding=\"async\" src=\"https:\/\/lajes.rn.gov.br\/transparente\/index\/wp-content\/plugins\/pdf-print\/images\/print.png\" alt=\"image_print\" title=\"Conte\u00fado de impress\u00e3o\" \/><\/a><\/div>","protected":false},"excerpt":{"rendered":"<p>ESTADO DO RIO GRANDE DO NORTE PREFEITURA MUNICIPAL DE LAJES GABINETE DO PREFEITO TERMO DE EXTIN\u00c7\u00c3O CONTRATUAL &#8211; CONTRATO ADMINISTRATIVO N\u00ba 021\/2024 TERMO DE EXTIN\u00c7\u00c3O CONTRATUAL QUE FAZEM ENTRE SI O MUNIC\u00cdPIO DE LAJES\/RN E A EMPRESA AVELINO LACERDA ENGENHARIA E CONSULTORIA LTDA. &nbsp; A\u00a0PREFEITURA MUNICIPAL DE LAJES, inscrita no CNPJ sob n\u00b0 08.113.466\/0001-05, com [&hellip;]<\/p>\n","protected":false},"author":3,"featured_media":0,"comment_status":"closed","ping_status":"closed","sticky":false,"template":"","format":"standard","meta":{"ocean_post_layout":"","ocean_both_sidebars_style":"","ocean_both_sidebars_content_width":0,"ocean_both_sidebars_sidebars_width":0,"ocean_sidebar":"0","ocean_second_sidebar":"0","ocean_disable_margins":"enable","ocean_add_body_class":"","ocean_shortcode_before_top_bar":"","ocean_shortcode_after_top_bar":"","ocean_shortcode_before_header":"","ocean_shortcode_after_header":"","ocean_has_shortcode":"","ocean_shortcode_after_title":"","ocean_shortcode_before_footer_widgets":"","ocean_shortcode_after_footer_widgets":"","ocean_shortcode_before_footer_bottom":"","ocean_shortcode_after_footer_bottom":"","ocean_display_top_bar":"default","ocean_display_header":"default","ocean_header_style":"","ocean_center_header_left_menu":"0","ocean_custom_header_template":"0","ocean_custom_logo":0,"ocean_custom_retina_logo":0,"ocean_custom_logo_max_width":0,"ocean_custom_logo_tablet_max_width":0,"ocean_custom_logo_mobile_max_width":0,"ocean_custom_logo_max_height":0,"ocean_custom_logo_tablet_max_height":0,"ocean_custom_logo_mobile_max_height":0,"ocean_header_custom_menu":"0","ocean_menu_typo_font_family":"0","ocean_menu_typo_font_subset":"","ocean_menu_typo_font_size":0,"ocean_menu_typo_font_size_tablet":0,"ocean_menu_typo_font_size_mobile":0,"ocean_menu_typo_font_size_unit":"px","ocean_menu_typo_font_weight":"","ocean_menu_typo_font_weight_tablet":"","ocean_menu_typo_font_weight_mobile":"","ocean_menu_typo_transform":"","ocean_menu_typo_transform_tablet":"","ocean_menu_typo_transform_mobile":"","ocean_menu_typo_line_height":0,"ocean_menu_typo_line_height_tablet":0,"ocean_menu_typo_line_height_mobile":0,"ocean_menu_typo_line_height_unit":"","ocean_menu_typo_spacing":0,"ocean_menu_typo_spacing_tablet":0,"ocean_menu_typo_spacing_mobile":0,"ocean_menu_typo_spacing_unit":"","ocean_menu_link_color":"","ocean_menu_link_color_hover":"","ocean_menu_link_color_active":"","ocean_menu_link_background":"","ocean_menu_link_hover_background":"","ocean_menu_link_active_background":"","ocean_menu_social_links_bg":"","ocean_menu_social_hover_links_bg":"","ocean_menu_social_links_color":"","ocean_menu_social_hover_links_color":"","ocean_disable_title":"default","ocean_disable_heading":"default","ocean_post_title":"","ocean_post_subheading":"","ocean_post_title_style":"","ocean_post_title_background_color":"","ocean_post_title_background":0,"ocean_post_title_bg_image_position":"","ocean_post_title_bg_image_attachment":"","ocean_post_title_bg_image_repeat":"","ocean_post_title_bg_image_size":"","ocean_post_title_height":0,"ocean_post_title_bg_overlay":0.5,"ocean_post_title_bg_overlay_color":"","ocean_disable_breadcrumbs":"default","ocean_breadcrumbs_color":"","ocean_breadcrumbs_separator_color":"","ocean_breadcrumbs_links_color":"","ocean_breadcrumbs_links_hover_color":"","ocean_display_footer_widgets":"default","ocean_display_footer_bottom":"default","ocean_custom_footer_template":"0","ocean_post_oembed":"","ocean_post_self_hosted_media":"","ocean_post_video_embed":"","ocean_link_format":"","ocean_link_format_target":"self","ocean_quote_format":"","ocean_quote_format_link":"post","ocean_gallery_link_images":"on","ocean_gallery_id":[],"footnotes":""},"categories":[76,226,3],"tags":[],"class_list":["post-39636","post","type-post","status-publish","format-standard","hentry","category-contratos","category-contratos-ou-ata-de-registro-de-preco-2025","category-licitacao","entry"],"_links":{"self":[{"href":"https:\/\/lajes.rn.gov.br\/transparente\/index\/wp-json\/wp\/v2\/posts\/39636","targetHints":{"allow":["GET"]}}],"collection":[{"href":"https:\/\/lajes.rn.gov.br\/transparente\/index\/wp-json\/wp\/v2\/posts"}],"about":[{"href":"https:\/\/lajes.rn.gov.br\/transparente\/index\/wp-json\/wp\/v2\/types\/post"}],"author":[{"embeddable":true,"href":"https:\/\/lajes.rn.gov.br\/transparente\/index\/wp-json\/wp\/v2\/users\/3"}],"replies":[{"embeddable":true,"href":"https:\/\/lajes.rn.gov.br\/transparente\/index\/wp-json\/wp\/v2\/comments?post=39636"}],"version-history":[{"count":1,"href":"https:\/\/lajes.rn.gov.br\/transparente\/index\/wp-json\/wp\/v2\/posts\/39636\/revisions"}],"predecessor-version":[{"id":39637,"href":"https:\/\/lajes.rn.gov.br\/transparente\/index\/wp-json\/wp\/v2\/posts\/39636\/revisions\/39637"}],"wp:attachment":[{"href":"https:\/\/lajes.rn.gov.br\/transparente\/index\/wp-json\/wp\/v2\/media?parent=39636"}],"wp:term":[{"taxonomy":"category","embeddable":true,"href":"https:\/\/lajes.rn.gov.br\/transparente\/index\/wp-json\/wp\/v2\/categories?post=39636"},{"taxonomy":"post_tag","embeddable":true,"href":"https:\/\/lajes.rn.gov.br\/transparente\/index\/wp-json\/wp\/v2\/tags?post=39636"}],"curies":[{"name":"wp","href":"https:\/\/api.w.org\/{rel}","templated":true}]}}