{"id":39408,"date":"2025-12-05T10:17:26","date_gmt":"2025-12-05T13:17:26","guid":{"rendered":"https:\/\/lajes.rn.gov.br\/transparente\/index\/?p=39408"},"modified":"2025-12-30T10:18:31","modified_gmt":"2025-12-30T13:18:31","slug":"segundo-termo-aditivo-do-contrato-administrativo-n-15-2023-prorrogacao-de-prazo","status":"publish","type":"post","link":"https:\/\/lajes.rn.gov.br\/transparente\/index\/segundo-termo-aditivo-do-contrato-administrativo-n-15-2023-prorrogacao-de-prazo\/","title":{"rendered":"SEGUNDO TERMO ADITIVO DO CONTRATO ADMINISTRATIVO N\u00b0 15\/2023 &#8211; PRORROGA\u00c7\u00c3O DE PRAZO"},"content":{"rendered":"<div id=\"separador\" class=\"cabecalhoEstadoSeparador cabecalhoEstadoSeparador1\">\n<p style=\"text-align: center;\"><strong>ESTADO DO RIO GRANDE DO NORTE<\/strong><br \/>\n<strong>PREFEITURA MUNICIPAL DE LAJES<\/strong><\/p>\n<\/div>\n<p class=\"cabecaorgao\" style=\"text-align: center;\"><strong>GABINETE DO PREFEITO<\/strong><\/p>\n<hr \/>\n<div id=\"materia\" class=\"materia materia20091123 materia1\">\n<p><strong>SEGUNDO TERMO ADITIVO DO CONTRATO ADMINISTRATIVO N\u00b0 15\/2023 &#8211; PRORROGA\u00c7\u00c3O DE PRAZO<\/strong><\/p>\n<div class=\"mat\"><b>PROCESSO ADMINISTRATIVO PARA ADITIVO N\u00b0 1263\/2025<\/b><\/div>\n<p><b>Preg\u00e3o Eletr\u00f4nico N\u00b0 45\/2023<\/b><\/p>\n<p>&nbsp;<\/p>\n<p>SEGUNDO TERMO ADITIVO AO CONTRATO ADMINISTRATIVO N\u00ba 15\/2023, QUE FAZEM ENTRE SI O MUNIC\u00cdPIO DE LAJES\/RN, E A EMPRESA HB DANTAS VITAL LTDA.<\/p>\n<p>&nbsp;<\/p>\n<p>Pelo presente instrumento contratual onde de um lado<b>\u00a0O MUNIC\u00cdPIO DE LAJES\/RN<\/b>, pessoa jur\u00eddica de direito p\u00fablico, com sede administrativa \u00e0 Rua Ramiro Pereira da Silva, n\u00ba 17, centro \u2013 CEP: 59.535-000, devidamente inscrita no CNPJ\/MF, sob o n\u00ba. 08.113.466\/0001-05, neste ato representado, na forma de sua Lei Org\u00e2nica, pelo Prefeito Municipal o Sr.\u00a0<b>FELIPE FERREIRA DE MENEZES ARA\u00daJO<\/b>, doravante denominada\u00a0<b>CONTRATANTE<\/b>, e a empresa\u00a0<b>H B DANTAS VITAL LTDA,\u00a0<\/b>inscrita no CNPJ n\u00ba 45.616.193\/0001-48, com sede na Cidade de Parnamirim, Estado do Rio Grande do Norte com sede na Rua Greg\u00f3rio de Matos, n\u00ba 26, Nova Parnamirim\/RN \u2013 CEP: 59.150-330, sendo representada pelo Senhor\u00a0<b>HERRYSON BRUNO DANTAS VITAL<\/b>, portador do CPF: XXX.625.XXX-02, conforme atos constitutivos da empresa, doravante denominada\u00a0<b>CONTRATADA,<\/b>\u00a0tendo em vista o que consta no Processo n\u00ba 1263\/2025, e em observ\u00e2ncia \u00e0s disposi\u00e7\u00f5es da Lei n\u00ba 14.133, de 1\u00ba de abril de 2021, e demais legisla\u00e7\u00e3o aplic\u00e1vel, resolvem celebrar o presente\u00a0<b>Termo Aditivo de prorroga\u00e7\u00e3o do prazo de vig\u00eancia contratual<\/b>, mediante as cl\u00e1usulas e condi\u00e7\u00f5es a seguir enunciadas.<\/p>\n<p>&nbsp;<\/p>\n<p><b>CL\u00c1USULA PRIMEIRA \u2013 OBJETO<\/b><\/p>\n<p>&nbsp;<\/p>\n<p>O presente termo aditivo tem por objeto a prorroga\u00e7\u00e3o do prazo de vig\u00eancia do Contrato n\u00ba 15\/2023, por mais 11 meses, a partir de\u00a0<b>05\/12\/2025 at\u00e9 04\/11\/2026<\/b>, com o objetivo de dar continuidade dos servi\u00e7os de CONTRATA\u00c7\u00c3O DE EMPRESA DO RAMO PERTINENTE PARA A LOCA\u00c7\u00c3O VE\u00cdCULOS PESADOS PARA MANUTEN\u00c7\u00c3O DA COLETA DE TRANSPORTE DE RES\u00cdDUOS S\u00d3LIDOS DOMICILIARES SUA CORRETA DESTINA\u00c7\u00c3O FINAL; E, DE UM CAMINH\u00c3O LIMPA FOSSA, PARA ATENDIMENTO DAS NECESSIDADES DOS MUN\u00cdCIPES DE LAJES\/RN, CONFORME ESPECIFICA\u00c7\u00d5ES E CONDI\u00c7\u00d5ES ESTABELECIDAS NO TERMO DE REFER\u00caNCIA E DEMAIS ANEXOS, podendo ser prorrogado sucessivamente, respeitada a vig\u00eancia m\u00e1xima decenal, na forma do artigo 107 da Lei n\u00ba 14.133, de 2021.<\/p>\n<p>&nbsp;<\/p>\n<p><b>CL\u00c1USULA SEGUNDA \u2013 PRE\u00c7O<\/b><\/p>\n<p>2.1. O CONTRATANTE pagar\u00e1 ao CONTRATADO pela execu\u00e7\u00e3o do objeto deste Contrato o valor global de R$ 989.989,00 (novecentos e oitenta e nove mil, novecentos e oitenta e nove reais).<\/p>\n<p>2.2. O valor acima \u00e9 meramente estimativo, de forma que os pagamentos devidos ao CONTRATADO depender\u00e3o dos quantitativos efetivamente prestados.<\/p>\n<p>&nbsp;<\/p>\n<p><b>CL\u00c1USULA TERCEIRA &#8211; DOTA\u00c7\u00c3O OR\u00c7AMENT\u00c1RIA<\/b><\/p>\n<p>3.1. As despesas decorrentes do presente termo aditivo correr\u00e3o \u00e0 conta de recursos espec\u00edficos consignados pela Secretaria Municipal de Planejamento deste munic\u00edpio, na dota\u00e7\u00e3o abaixo discriminada:<\/p>\n<p>&nbsp;<\/p>\n<p>Und. Or\u00e7ament\u00e1ria: 02.004 &#8211; SEC. MUNICIPAL DE INFRAESTRUTURA E SERVI\u00c7OS URBANOS<\/p>\n<p>Fun\u00e7\u00e3o: 15 &#8211; URBANISMO<\/p>\n<p>Subfun\u00e7\u00e3o: 452 &#8211; SERVI\u00c7OS URBANOS<\/p>\n<p>Programa: 0118 &#8211; LAJES CIDADE LIMPA<\/p>\n<p>A\u00e7\u00e3o: 2166 &#8211; MANUTEN\u00c7\u00c3O DA LIMPEZA P\u00daBLICA<\/p>\n<p>Natureza: 339039 &#8211; OUTROS SERVI\u00c7OS DE TERCEIROS-PESSOA JURIDICA<\/p>\n<p>Fonte: 15000000 &#8211; RECURSOS N\u00c3O VINCULADOS DE IMPOSTOS<\/p>\n<p>Regi\u00e3o: 01 &#8211; LAJES \/ RN<\/p>\n<p>&nbsp;<\/p>\n<p><b>CL\u00c1USULA QUARTA \u2013 RATIFICA\u00c7\u00c3O<\/b><\/p>\n<p>&nbsp;<\/p>\n<p>4.1. Ficam mantidas e ratificadas as demais cl\u00e1usulas e condi\u00e7\u00f5es do contrato origin\u00e1rio, naquilo que n\u00e3o contrariem o presente termo aditivo.<\/p>\n<p>&nbsp;<\/p>\n<p><b>CL\u00c1USULA QUINTA \u2013 PUBLICA\u00c7\u00c3O<\/b><\/p>\n<p>&nbsp;<\/p>\n<p>5.1. Incumbir\u00e1 ao contratante divulgar o presente instrumento no Portal Nacional de Contrata\u00e7\u00f5es P\u00fablicas (PNCP), na forma prevista no art. 94 da Lei n\u00ba 14.133, de 2021, bem como no respectivo s\u00edtio oficial na Internet, em aten\u00e7\u00e3o ao art. 91, caput, da Lei n\u00ba 14.133, de 2021, e ao art. 8\u00ba, \u00a72\u00ba, da Lei n\u00ba 12.527, de 2011, c\/c art. 7\u00ba, \u00a73\u00ba, inciso V, do Decreto n\u00ba 7.724, de 2012.<\/p>\n<p>&nbsp;<\/p>\n<p>Lajes\/RN, em 05 de dezembro de 2025.<\/p>\n<p>&nbsp;<\/p>\n<p>&nbsp;<\/p>\n<p><b><i>FELIPE FERREIRA DE MENEZES ARAUJO<\/i><\/b><\/p>\n<p><b><i><\/i><\/b>&nbsp;<\/p>\n<p>Prefeito Municipal<\/p>\n<p>Contratante<\/p>\n<p>&nbsp;<\/p>\n<p>HB Dantas Vital\u00a0LTDA<\/p>\n<p>CNPJ n\u00ba 45.616.193\/0001-48<\/p>\n<p>&nbsp;<\/p>\n<p><b><i>HERRYSON BRUNO DANTAS VITAL<\/i><\/b><\/p>\n<p><b><i><\/i><\/b>&nbsp;<\/p>\n<p>CPF n\u00b0 XXX.625.XXX-02<\/p>\n<div align=\"right\">\n<b>Publicado por:<\/b><br \/>\nRobson Edson Fernandes da Silva<br \/>\n<b>C\u00f3digo Identificador:<\/b>0D719C65<\/div>\n<p>&nbsp;<\/p>\n<hr \/>\n<p>Mat\u00e9ria publicada no Di\u00e1rio Oficial dos Munic\u00edpios do Estado do Rio Grande do Norte no dia 08\/12\/2025. Edi\u00e7\u00e3o 3683<br \/>\nA verifica\u00e7\u00e3o de autenticidade da mat\u00e9ria pode ser feita informando o c\u00f3digo identificador no site:<br \/>\nhttps:\/\/www.diariomunicipal.com.br\/femurn\/<\/p><\/div>\n<div class=\"pdfprnt-buttons pdfprnt-buttons-post pdfprnt-bottom-right\"><a href=\"https:\/\/lajes.rn.gov.br\/transparente\/index\/wp-json\/wp\/v2\/posts\/39408?print=pdf\" class=\"pdfprnt-button pdfprnt-button-pdf\" target=\"_blank\" ><img decoding=\"async\" src=\"https:\/\/lajes.rn.gov.br\/transparente\/index\/wp-content\/plugins\/pdf-print\/images\/pdf.png\" alt=\"image_pdf\" title=\"Ver PDF\" \/><\/a><a href=\"https:\/\/lajes.rn.gov.br\/transparente\/index\/wp-json\/wp\/v2\/posts\/39408?print=print\" class=\"pdfprnt-button pdfprnt-button-print\" target=\"_blank\" ><img decoding=\"async\" src=\"https:\/\/lajes.rn.gov.br\/transparente\/index\/wp-content\/plugins\/pdf-print\/images\/print.png\" alt=\"image_print\" title=\"Conte\u00fado de impress\u00e3o\" \/><\/a><\/div>","protected":false},"excerpt":{"rendered":"<p>ESTADO DO RIO GRANDE DO NORTE PREFEITURA MUNICIPAL DE LAJES GABINETE DO PREFEITO SEGUNDO TERMO ADITIVO DO CONTRATO ADMINISTRATIVO N\u00b0 15\/2023 &#8211; PRORROGA\u00c7\u00c3O DE PRAZO PROCESSO ADMINISTRATIVO PARA ADITIVO N\u00b0 1263\/2025 Preg\u00e3o Eletr\u00f4nico N\u00b0 45\/2023 &nbsp; SEGUNDO TERMO ADITIVO AO CONTRATO ADMINISTRATIVO N\u00ba 15\/2023, QUE FAZEM ENTRE SI O MUNIC\u00cdPIO DE LAJES\/RN, E A EMPRESA [&hellip;]<\/p>\n","protected":false},"author":3,"featured_media":0,"comment_status":"closed","ping_status":"closed","sticky":false,"template":"","format":"standard","meta":{"ocean_post_layout":"","ocean_both_sidebars_style":"","ocean_both_sidebars_content_width":0,"ocean_both_sidebars_sidebars_width":0,"ocean_sidebar":"0","ocean_second_sidebar":"0","ocean_disable_margins":"enable","ocean_add_body_class":"","ocean_shortcode_before_top_bar":"","ocean_shortcode_after_top_bar":"","ocean_shortcode_before_header":"","ocean_shortcode_after_header":"","ocean_has_shortcode":"","ocean_shortcode_after_title":"","ocean_shortcode_before_footer_widgets":"","ocean_shortcode_after_footer_widgets":"","ocean_shortcode_before_footer_bottom":"","ocean_shortcode_after_footer_bottom":"","ocean_display_top_bar":"default","ocean_display_header":"default","ocean_header_style":"","ocean_center_header_left_menu":"0","ocean_custom_header_template":"0","ocean_custom_logo":0,"ocean_custom_retina_logo":0,"ocean_custom_logo_max_width":0,"ocean_custom_logo_tablet_max_width":0,"ocean_custom_logo_mobile_max_width":0,"ocean_custom_logo_max_height":0,"ocean_custom_logo_tablet_max_height":0,"ocean_custom_logo_mobile_max_height":0,"ocean_header_custom_menu":"0","ocean_menu_typo_font_family":"0","ocean_menu_typo_font_subset":"","ocean_menu_typo_font_size":0,"ocean_menu_typo_font_size_tablet":0,"ocean_menu_typo_font_size_mobile":0,"ocean_menu_typo_font_size_unit":"px","ocean_menu_typo_font_weight":"","ocean_menu_typo_font_weight_tablet":"","ocean_menu_typo_font_weight_mobile":"","ocean_menu_typo_transform":"","ocean_menu_typo_transform_tablet":"","ocean_menu_typo_transform_mobile":"","ocean_menu_typo_line_height":0,"ocean_menu_typo_line_height_tablet":0,"ocean_menu_typo_line_height_mobile":0,"ocean_menu_typo_line_height_unit":"","ocean_menu_typo_spacing":0,"ocean_menu_typo_spacing_tablet":0,"ocean_menu_typo_spacing_mobile":0,"ocean_menu_typo_spacing_unit":"","ocean_menu_link_color":"","ocean_menu_link_color_hover":"","ocean_menu_link_color_active":"","ocean_menu_link_background":"","ocean_menu_link_hover_background":"","ocean_menu_link_active_background":"","ocean_menu_social_links_bg":"","ocean_menu_social_hover_links_bg":"","ocean_menu_social_links_color":"","ocean_menu_social_hover_links_color":"","ocean_disable_title":"default","ocean_disable_heading":"default","ocean_post_title":"","ocean_post_subheading":"","ocean_post_title_style":"","ocean_post_title_background_color":"","ocean_post_title_background":0,"ocean_post_title_bg_image_position":"","ocean_post_title_bg_image_attachment":"","ocean_post_title_bg_image_repeat":"","ocean_post_title_bg_image_size":"","ocean_post_title_height":0,"ocean_post_title_bg_overlay":0.5,"ocean_post_title_bg_overlay_color":"","ocean_disable_breadcrumbs":"default","ocean_breadcrumbs_color":"","ocean_breadcrumbs_separator_color":"","ocean_breadcrumbs_links_color":"","ocean_breadcrumbs_links_hover_color":"","ocean_display_footer_widgets":"default","ocean_display_footer_bottom":"default","ocean_custom_footer_template":"0","ocean_post_oembed":"","ocean_post_self_hosted_media":"","ocean_post_video_embed":"","ocean_link_format":"","ocean_link_format_target":"self","ocean_quote_format":"","ocean_quote_format_link":"post","ocean_gallery_link_images":"on","ocean_gallery_id":[],"footnotes":""},"categories":[76,226,3,102],"tags":[],"class_list":["post-39408","post","type-post","status-publish","format-standard","hentry","category-contratos","category-contratos-ou-ata-de-registro-de-preco-2025","category-licitacao","category-termo-aditivo","entry"],"_links":{"self":[{"href":"https:\/\/lajes.rn.gov.br\/transparente\/index\/wp-json\/wp\/v2\/posts\/39408","targetHints":{"allow":["GET"]}}],"collection":[{"href":"https:\/\/lajes.rn.gov.br\/transparente\/index\/wp-json\/wp\/v2\/posts"}],"about":[{"href":"https:\/\/lajes.rn.gov.br\/transparente\/index\/wp-json\/wp\/v2\/types\/post"}],"author":[{"embeddable":true,"href":"https:\/\/lajes.rn.gov.br\/transparente\/index\/wp-json\/wp\/v2\/users\/3"}],"replies":[{"embeddable":true,"href":"https:\/\/lajes.rn.gov.br\/transparente\/index\/wp-json\/wp\/v2\/comments?post=39408"}],"version-history":[{"count":1,"href":"https:\/\/lajes.rn.gov.br\/transparente\/index\/wp-json\/wp\/v2\/posts\/39408\/revisions"}],"predecessor-version":[{"id":39409,"href":"https:\/\/lajes.rn.gov.br\/transparente\/index\/wp-json\/wp\/v2\/posts\/39408\/revisions\/39409"}],"wp:attachment":[{"href":"https:\/\/lajes.rn.gov.br\/transparente\/index\/wp-json\/wp\/v2\/media?parent=39408"}],"wp:term":[{"taxonomy":"category","embeddable":true,"href":"https:\/\/lajes.rn.gov.br\/transparente\/index\/wp-json\/wp\/v2\/categories?post=39408"},{"taxonomy":"post_tag","embeddable":true,"href":"https:\/\/lajes.rn.gov.br\/transparente\/index\/wp-json\/wp\/v2\/tags?post=39408"}],"curies":[{"name":"wp","href":"https:\/\/api.w.org\/{rel}","templated":true}]}}