{"id":39334,"date":"2025-11-13T09:14:11","date_gmt":"2025-11-13T12:14:11","guid":{"rendered":"https:\/\/lajes.rn.gov.br\/transparente\/index\/?p=39334"},"modified":"2025-12-30T09:15:06","modified_gmt":"2025-12-30T12:15:06","slug":"extrato-do-contrato-no-99-2025","status":"publish","type":"post","link":"https:\/\/lajes.rn.gov.br\/transparente\/index\/extrato-do-contrato-no-99-2025\/","title":{"rendered":"EXTRATO DO CONTRATO N\u00ba 99\/2025"},"content":{"rendered":"<div id=\"separador\" class=\"cabecalhoEstadoSeparador cabecalhoEstadoSeparador1\">\n<p style=\"text-align: center;\"><strong>ESTADO DO RIO GRANDE DO NORTE<\/strong><br \/>\n<strong>PREFEITURA MUNICIPAL DE LAJES<\/strong><\/p>\n<\/div>\n<p class=\"cabecaorgao\" style=\"text-align: center;\"><strong>GABINETE DO PREFEITO<\/strong><\/p>\n<hr \/>\n<div id=\"materia\" class=\"materia materia20091123 materia1\">\n<p><strong>EXTRATO DO CONTRATO N\u00ba 99\/2025<\/strong><\/p>\n<div class=\"mat\">TERMO DE CONTRATO, QUE FAZEM ENTRE SI O MUNICPIO DE LAJES\/RN, E A EMPRESA REY VAQUEIRO PRODUCOES ARTISTICAS LTDA.<\/div>\n<p>&nbsp;<\/p>\n<p>Processo Administrativo n\u00b0 1270\/2025<\/p>\n<p>Licita\u00e7\u00e3o n\u00ba 154\/2025<\/p>\n<p>&nbsp;<\/p>\n<p><b>CONTRATANTE<\/b>:\u00a0<b>PREFEITURA MUNICIPAL DE LAJES<\/b>, inscrita no CNPJ sob o n\u00ba 08.113.466\/0001-05, com sede no Pal\u00e1cio Alzira Soriano, situado \u00e0 Rua Ramiro Pereira da Silva, 17, Centro, CEP: 59535-000,LAJES\/RN, neste ato representado pelo PREFEITO CONSTITUCIONAL, Sr.\u00a0<b>FELIPE FERREIRA DE MENEZES ARA\u00daJO<\/b>.<\/p>\n<p>&nbsp;<\/p>\n<p><b>CONTRATADA<\/b>:\u00a0<b>REY VAQUEIRO PRODUCOES ARTISTICAS LTDA,\u00a0<\/b>inscrito(a) no CNPJ\/MF sob o n\u00ba 21.488.092\/0<b>REY VAQUEIRO PRODUCOES ARTISTICAS LTDA,\u00a0<\/b>inscrito(a) no CNPJ\/MF sob o n\u00ba 21.488.092\/0001-70,<b>\u00a0<\/b>sediado na Rua Aluisio de Azevedo, n\u00ba 200, Santo Amaro, Recife\/PE \u2013 CEP: 50.100-090, neste ato representado por\u00a0<b>MARIA VALMIRA SILVA DE OLIVEIRA<\/b>, inscrito no CPF n\u00ba XXX.829.XXX-00.<\/p>\n<p>&nbsp;<\/p>\n<p><b>OBJETO<\/b>: CONTRATA\u00c7\u00c3O DE SHOW MUSICAL DO CANTOR REY VAQUEIRO PARA APRESENTA\u00c7\u00c3O ART\u00cdSTICA EM COMEMORA\u00c7\u00c3O AO ANIVERS\u00c1RIO DA CIDADE DE LAJES\/RN, A SER REALIZADA NO DIA 5 DE DEZEMBRO DE 2025, COM DURA\u00c7\u00c3O M\u00cdNIMA DE 1 HORA E 30 MINUTOS.<\/p>\n<p>&nbsp;<\/p>\n<p>MODALIDADE: Inexigibilidade 40\/2025<\/p>\n<p>&nbsp;<\/p>\n<p><b>VALOR DA CONTRATA\u00c7\u00c3O:\u00a0<\/b>O valor mensal \u00e9 de 0,00 ( ), perfazendo o valor global de R$ 250.000,00 (duzentos e cinquenta mil reais ).<\/p>\n<p>&nbsp;<\/p>\n<p><b>DOTA\u00c7\u00c3O OR\u00c7AMENT\u00c1RIA:<\/b><\/p>\n<p>&nbsp;<\/p>\n<p>Unidade Or\u00e7ament\u00e1ria:02.003 &#8211; SECRETARIA MUNICIPAL DE CULTURA<\/p>\n<p>A\u00e7\u00e3o: 2162 &#8211; REALIZACAO DE FESTIVAIS POPULAR, CULTURAL, LITERAR<\/p>\n<p>Fun\u00e7\u00e3o: 13 &#8211; CULTURA<\/p>\n<p>Sub-Fun\u00e7\u00e3o: 392 &#8211; DIFUS\u00c3O CULTURAL<\/p>\n<p>Programa: 0117 &#8211; DESENVOLVIMENTO E PROMOCAO CULTURAL<\/p>\n<p>Natureza: 3.3.90.39 &#8211; OUTROS SERVI\u00c7OS DE TERCEIROS &#8211; PESSOA JUR\u00cdDICA<\/p>\n<p>Fonte de Recurso: 15000000 &#8211; Recursos n\u00e3o Vinculados de Impostos<\/p>\n<p>Regi\u00e3o: 0001 &#8211; Lajes<\/p>\n<p>&nbsp;<\/p>\n<p><b>VIGENCIA DO CONTRATO<\/b>: Os servi\u00e7os ser\u00e3o contratados na data da assinatura contratual, 13 de novembro de 2025 a 12 de mar\u00e7o de 2026<b>.<\/b><\/p>\n<p>&nbsp;<\/p>\n<p>FUNDAMENTO LEGAL: A contrata\u00e7\u00e3o se encontra fundamentada na Lei n\u00ba 14.133\/21.<\/p>\n<p>&nbsp;<\/p>\n<p>Lajes\/RN, em 13 de novembro de 2025.<\/p>\n<p>&nbsp;<\/p>\n<p>&nbsp;<\/p>\n<p><b><i>FELIPE FERREIRA DE MENEZES ARAUJO<\/i><\/b><\/p>\n<p><b><i><\/i><\/b>&nbsp;<\/p>\n<p>Prefeito Municipal<\/p>\n<p>Contratante<\/p>\n<p>&nbsp;<\/p>\n<p>Rey Vaqueiro Producoes Artisticas\u00a0LTDA<\/p>\n<p>CNPJ: 21.488.092\/0001-70<\/p>\n<p>&nbsp;<\/p>\n<p><b><i>MARIA VALMIRA SILVA DE OLIVEIRA<\/i><\/b><\/p>\n<p><b><i><\/i><\/b>&nbsp;<\/p>\n<p>CPF: XXX.829.XXX-00<\/p>\n<p>Contratada<\/p>\n<p>&nbsp;<\/p>\n<div align=\"right\">\n<b>Publicado por:<\/b><br \/>\nRobson Edson Fernandes da Silva<br \/>\n<b>C\u00f3digo Identificador:<\/b>7A6F1D2F<\/div>\n<p>&nbsp;<\/p>\n<hr \/>\n<p>Mat\u00e9ria publicada no Di\u00e1rio Oficial dos Munic\u00edpios do Estado do Rio Grande do Norte no dia 14\/11\/2025. Edi\u00e7\u00e3o 3668<br \/>\nA verifica\u00e7\u00e3o de autenticidade da mat\u00e9ria pode ser feita informando o c\u00f3digo identificador no site:<br \/>\nhttps:\/\/www.diariomunicipal.com.br\/femurn\/<\/p><\/div>\n<div class=\"pdfprnt-buttons pdfprnt-buttons-post pdfprnt-bottom-right\"><a href=\"https:\/\/lajes.rn.gov.br\/transparente\/index\/wp-json\/wp\/v2\/posts\/39334?print=pdf\" class=\"pdfprnt-button pdfprnt-button-pdf\" target=\"_blank\" ><img decoding=\"async\" src=\"https:\/\/lajes.rn.gov.br\/transparente\/index\/wp-content\/plugins\/pdf-print\/images\/pdf.png\" alt=\"image_pdf\" title=\"Ver PDF\" \/><\/a><a href=\"https:\/\/lajes.rn.gov.br\/transparente\/index\/wp-json\/wp\/v2\/posts\/39334?print=print\" class=\"pdfprnt-button pdfprnt-button-print\" target=\"_blank\" ><img decoding=\"async\" src=\"https:\/\/lajes.rn.gov.br\/transparente\/index\/wp-content\/plugins\/pdf-print\/images\/print.png\" alt=\"image_print\" title=\"Conte\u00fado de impress\u00e3o\" \/><\/a><\/div>","protected":false},"excerpt":{"rendered":"<p>ESTADO DO RIO GRANDE DO NORTE PREFEITURA MUNICIPAL DE LAJES GABINETE DO PREFEITO EXTRATO DO CONTRATO N\u00ba 99\/2025 TERMO DE CONTRATO, QUE FAZEM ENTRE SI O MUNICPIO DE LAJES\/RN, E A EMPRESA REY VAQUEIRO PRODUCOES ARTISTICAS LTDA. &nbsp; Processo Administrativo n\u00b0 1270\/2025 Licita\u00e7\u00e3o n\u00ba 154\/2025 &nbsp; CONTRATANTE:\u00a0PREFEITURA MUNICIPAL DE LAJES, inscrita no CNPJ sob o [&hellip;]<\/p>\n","protected":false},"author":3,"featured_media":0,"comment_status":"closed","ping_status":"closed","sticky":false,"template":"","format":"standard","meta":{"ocean_post_layout":"","ocean_both_sidebars_style":"","ocean_both_sidebars_content_width":0,"ocean_both_sidebars_sidebars_width":0,"ocean_sidebar":"0","ocean_second_sidebar":"0","ocean_disable_margins":"enable","ocean_add_body_class":"","ocean_shortcode_before_top_bar":"","ocean_shortcode_after_top_bar":"","ocean_shortcode_before_header":"","ocean_shortcode_after_header":"","ocean_has_shortcode":"","ocean_shortcode_after_title":"","ocean_shortcode_before_footer_widgets":"","ocean_shortcode_after_footer_widgets":"","ocean_shortcode_before_footer_bottom":"","ocean_shortcode_after_footer_bottom":"","ocean_display_top_bar":"default","ocean_display_header":"default","ocean_header_style":"","ocean_center_header_left_menu":"0","ocean_custom_header_template":"0","ocean_custom_logo":0,"ocean_custom_retina_logo":0,"ocean_custom_logo_max_width":0,"ocean_custom_logo_tablet_max_width":0,"ocean_custom_logo_mobile_max_width":0,"ocean_custom_logo_max_height":0,"ocean_custom_logo_tablet_max_height":0,"ocean_custom_logo_mobile_max_height":0,"ocean_header_custom_menu":"0","ocean_menu_typo_font_family":"0","ocean_menu_typo_font_subset":"","ocean_menu_typo_font_size":0,"ocean_menu_typo_font_size_tablet":0,"ocean_menu_typo_font_size_mobile":0,"ocean_menu_typo_font_size_unit":"px","ocean_menu_typo_font_weight":"","ocean_menu_typo_font_weight_tablet":"","ocean_menu_typo_font_weight_mobile":"","ocean_menu_typo_transform":"","ocean_menu_typo_transform_tablet":"","ocean_menu_typo_transform_mobile":"","ocean_menu_typo_line_height":0,"ocean_menu_typo_line_height_tablet":0,"ocean_menu_typo_line_height_mobile":0,"ocean_menu_typo_line_height_unit":"","ocean_menu_typo_spacing":0,"ocean_menu_typo_spacing_tablet":0,"ocean_menu_typo_spacing_mobile":0,"ocean_menu_typo_spacing_unit":"","ocean_menu_link_color":"","ocean_menu_link_color_hover":"","ocean_menu_link_color_active":"","ocean_menu_link_background":"","ocean_menu_link_hover_background":"","ocean_menu_link_active_background":"","ocean_menu_social_links_bg":"","ocean_menu_social_hover_links_bg":"","ocean_menu_social_links_color":"","ocean_menu_social_hover_links_color":"","ocean_disable_title":"default","ocean_disable_heading":"default","ocean_post_title":"","ocean_post_subheading":"","ocean_post_title_style":"","ocean_post_title_background_color":"","ocean_post_title_background":0,"ocean_post_title_bg_image_position":"","ocean_post_title_bg_image_attachment":"","ocean_post_title_bg_image_repeat":"","ocean_post_title_bg_image_size":"","ocean_post_title_height":0,"ocean_post_title_bg_overlay":0.5,"ocean_post_title_bg_overlay_color":"","ocean_disable_breadcrumbs":"default","ocean_breadcrumbs_color":"","ocean_breadcrumbs_separator_color":"","ocean_breadcrumbs_links_color":"","ocean_breadcrumbs_links_hover_color":"","ocean_display_footer_widgets":"default","ocean_display_footer_bottom":"default","ocean_custom_footer_template":"0","ocean_post_oembed":"","ocean_post_self_hosted_media":"","ocean_post_video_embed":"","ocean_link_format":"","ocean_link_format_target":"self","ocean_quote_format":"","ocean_quote_format_link":"post","ocean_gallery_link_images":"on","ocean_gallery_id":[],"footnotes":""},"categories":[76,226,3],"tags":[],"class_list":["post-39334","post","type-post","status-publish","format-standard","hentry","category-contratos","category-contratos-ou-ata-de-registro-de-preco-2025","category-licitacao","entry"],"_links":{"self":[{"href":"https:\/\/lajes.rn.gov.br\/transparente\/index\/wp-json\/wp\/v2\/posts\/39334","targetHints":{"allow":["GET"]}}],"collection":[{"href":"https:\/\/lajes.rn.gov.br\/transparente\/index\/wp-json\/wp\/v2\/posts"}],"about":[{"href":"https:\/\/lajes.rn.gov.br\/transparente\/index\/wp-json\/wp\/v2\/types\/post"}],"author":[{"embeddable":true,"href":"https:\/\/lajes.rn.gov.br\/transparente\/index\/wp-json\/wp\/v2\/users\/3"}],"replies":[{"embeddable":true,"href":"https:\/\/lajes.rn.gov.br\/transparente\/index\/wp-json\/wp\/v2\/comments?post=39334"}],"version-history":[{"count":1,"href":"https:\/\/lajes.rn.gov.br\/transparente\/index\/wp-json\/wp\/v2\/posts\/39334\/revisions"}],"predecessor-version":[{"id":39335,"href":"https:\/\/lajes.rn.gov.br\/transparente\/index\/wp-json\/wp\/v2\/posts\/39334\/revisions\/39335"}],"wp:attachment":[{"href":"https:\/\/lajes.rn.gov.br\/transparente\/index\/wp-json\/wp\/v2\/media?parent=39334"}],"wp:term":[{"taxonomy":"category","embeddable":true,"href":"https:\/\/lajes.rn.gov.br\/transparente\/index\/wp-json\/wp\/v2\/categories?post=39334"},{"taxonomy":"post_tag","embeddable":true,"href":"https:\/\/lajes.rn.gov.br\/transparente\/index\/wp-json\/wp\/v2\/tags?post=39334"}],"curies":[{"name":"wp","href":"https:\/\/api.w.org\/{rel}","templated":true}]}}