{"id":39299,"date":"2025-11-12T15:53:30","date_gmt":"2025-11-12T18:53:30","guid":{"rendered":"https:\/\/lajes.rn.gov.br\/transparente\/index\/?p=39299"},"modified":"2025-12-10T15:54:22","modified_gmt":"2025-12-10T18:54:22","slug":"terceiro-termo-de-apostilamento-do-contrato-administrativo-no-092-2021","status":"publish","type":"post","link":"https:\/\/lajes.rn.gov.br\/transparente\/index\/terceiro-termo-de-apostilamento-do-contrato-administrativo-no-092-2021\/","title":{"rendered":"TERCEIRO TERMO DE APOSTILAMENTO DO CONTRATO ADMINISTRATIVO N\u00ba 092\/2021"},"content":{"rendered":"<div id=\"separador\" class=\"cabecalhoEstadoSeparador cabecalhoEstadoSeparador1\">\n<p style=\"text-align: center;\"><strong>ESTADO DO RIO GRANDE DO NORTE<\/strong><br \/>\n<strong>PREFEITURA MUNICIPAL DE LAJES<\/strong><\/p>\n<\/div>\n<p class=\"cabecaorgao\" style=\"text-align: center;\"><strong>GABINETE DO PREFEITO<\/strong><\/p>\n<hr \/>\n<div id=\"materia\" class=\"materia materia20091123 materia1\">\n<p><strong>TERCEIRO TERMO DE APOSTILAMENTO DO CONTRATO ADMINISTRATIVO N\u00ba 092\/2021<\/strong><\/p>\n<div class=\"mat\">TERCEIRO TERMO DE APOSTILAMENTO DE ACR\u00c9SCIMO DE DOTA\u00c7\u00c3O OR\u00c7AMENT\u00c1RIA, ENTRE A PREFEITURA MUNICIPAL DE LAJES\/RN &#8211; E A EMPRESA BRAVUS EMPRESARIAL LTDA.<\/div>\n<p>&nbsp;<\/p>\n<p>Pelo presente instrumento contratual onde de um lado<b>\u00a0O MUNIC\u00cdPIO DE LAJES\/RN<\/b>, pessoa jur\u00eddica de direito p\u00fablico, com sede administrativa \u00e0 Rua Ramiro Pereira da Silva, n\u00ba 17, centro \u2013 CEP: 59.535-000, devidamente inscrita no CNPJ\/MF, sob o n\u00ba. 08.113.466\/0001-05, neste ato representado, na forma de sua Lei Org\u00e2nica, pelo Prefeito Municipal o Sr.\u00a0<b>FELIPE FERREIRA DE MENEZES ARA\u00daJO<\/b>, portador do CPF n\u00ba XXX.085.XXX-27 e RG n\u00ba XXX.842.XXX expedida por SSP\/RN, de um lado e de outro, a empresa a\u00a0<b>BRAVUS EMPRESARIAL LTDA<\/b>, com sede na Rua Pedro Furtuoso Bezerra, n\u00b0 97, Pedro Avelino, no munic\u00edpio de Pedro Avelino, Estado do Rio Grande do Norte, CEP: 59.530-000, inscrita no CNPJ sob n\u00b0\u00a0<b>40.558.508\/0001-24<\/b>, neste ato, representada pelo Senhor\u00a0<b>MEIREANE ALVES MIRANDA<\/b>, (brasileira), (empres\u00e1ria), inscrito no CPF sob n\u00ba XXX.144.XXX-50 e RG XXX.322.XXX \u2013 ITEP\/RN, conforme atos constitutivos da empresa, resolvem celebrar o Terceiro Termo de\u00a0<b>APOSTILAMENTO<\/b>\u00a0do Contrato n\u00b0 092\/2021, proveniente da Preg\u00e3o Presencial n\u00ba 009\/2021, que se reger\u00e1 pela legisla\u00e7\u00e3o pertinente, Lei Federal n\u00ba 8.666\/93, com as altera\u00e7\u00f5es introduzidas posteriormente e pelas cl\u00e1usulas e condi\u00e7\u00f5es seguintes:<\/p>\n<p>&nbsp;<\/p>\n<p><b>CL\u00c1USULA PRIMEIRA &#8211; DO OBJETO<\/b><\/p>\n<p>1.1 \u2013 Constitui objeto do presente termo de apostilamento contratual o acr\u00e9scimo de dota\u00e7\u00e3o or\u00e7ament\u00e1ria que far\u00e1 frente \u00e0s despesas do contrato administrativo n\u00b0 092\/2021, que versa sobre a\u00a0<b>CONTRATA\u00c7\u00c3O DE EMPRESA PARA PRESTAR SERVI\u00c7OS DE ASSESSORIA T\u00c9CNICA DE APOIO A GEST\u00c3O DE SA\u00daDE DO FUNDO MUNICIPAL DE SA\u00daDE DE LAJES\/RN, ATUANDO TANTO NO APOIO A GEST\u00c3O ADMINISTRATIVA, BEM COMO NOS SISTEMAS DE INFORMA\u00c7\u00c3O DE SA\u00daDE, AUXILIANDO NO DESENVOLVIMENTO DAS A\u00c7\u00d5ES PRECONIZADAS PELAS POL\u00cdTICAS P\u00daBLICAS DE SA\u00daDE<\/b>.<\/p>\n<p>&nbsp;<\/p>\n<p><b>CL\u00c1USULA SEGUNDA \u2013 DA RETIFICA\u00c7\u00c3O<\/b><\/p>\n<p>2.1 \u2013 O presente Termo de Apostilamento objetiva a altera\u00e7\u00e3o do disposto na CL\u00c1USULA TERCEIRA \u2013 DOTA\u00c7\u00c3O OR\u00c7AMENT\u00c1RIA, prevista no instrumento contratual, para fazer face ao acr\u00e9scimo de dota\u00e7\u00f5es or\u00e7ament\u00e1rias, conforme disp\u00f5e o artigo 65, par\u00e1grafo 8\u00ba, da Lei Federal n\u00ba. 8.666, de 21 de junho de 1993:<\/p>\n<p>&nbsp;<\/p>\n<p>Art. 65. Os contratos regidos por esta Lei poder\u00e3o ser alterados, com as devidas justificativas, nos seguintes casos: (&#8230;) \u00a7 8\u00b0 A varia\u00e7\u00e3o do valor contratual para fazer face ao reajuste de pre\u00e7os previsto no pr\u00f3prio contrato, as atualiza\u00e7\u00f5es, compensa\u00e7\u00f5es ou penaliza\u00e7\u00f5es financeiras decorrentes das condi\u00e7\u00f5es de pagamento nele previstas, bem como o empenho de dota\u00e7\u00f5es or\u00e7ament\u00e1rias suplementares at\u00e9 o limite do seu valor corrigido, n\u00e3o caracterizam altera\u00e7\u00e3o do mesmo, podendo ser registrados por simples apostila, dispensando a celebra\u00e7\u00e3o de aditamento.<\/p>\n<p>&nbsp;<\/p>\n<p><b>CL\u00c1USULA TERCEIRA \u2013 DO ACR\u00c9SCIMO<\/b><\/p>\n<p>3.1 \u2013 Em virtude do acr\u00e9scimo na dota\u00e7\u00e3o or\u00e7ament\u00e1ria objeto do presente termo, as despesas relativas tamb\u00e9m ser\u00e3o consignadas com a seguinte dota\u00e7\u00e3o or\u00e7ament\u00e1ria: Exerc\u00edcio 2025.<\/p>\n<p>&nbsp;<\/p>\n<p>UNIDADE OR\u00c7AMENT\u00c1RIA: 03.001 \u2013 Fundo Municipal de Sa\u00fade<\/p>\n<p>FUN\u00c7\u00c3O: 10 \u2013 Sa\u00fade<\/p>\n<p>SUBFUN\u00c7\u00c3O: 301 \u2013 Aten\u00e7\u00e3o B\u00e1sica<\/p>\n<p>SUBFUN\u00c7\u00c3O: 302 \u2013 Assist\u00eancia Hospitalar e Ambulatorial<\/p>\n<p>PROGRAMA: 0109 \u2013 Sa\u00fade para Todos<\/p>\n<p>A\u00c7\u00c3O: 2025 \u2013 Manuten\u00e7\u00e3o Doo Fundo Municipal De Sa\u00fade<\/p>\n<p>NATUREZA: 339030 \u2013 Material de Consumo<\/p>\n<p>FONTE: 16003120 \u2013 Transfer\u00eancias Fundo a Fundo de Recursos do SUS provenientes do Governo Federal &#8211; Bloco de Manuten\u00e7\u00e3o das A\u00e7\u00f5es e Servi\u00e7os P\u00fablicos de Sa\u00fade decorrentes de Emendas Parlamentares de Bancada<\/p>\n<p>&nbsp;<\/p>\n<p><b>CL\u00c1USULA QUARTA &#8211; DA RATIFICA\u00c7\u00c3O<\/b><\/p>\n<p>4.1 \u2013 Ficam ratificadas as demais cl\u00e1usulas do contrato original, n\u00e3o alteradas pelo presente Termo de Apostilamento. E, por estarem assim justas e acertadas as partes, assina a CONTRATANTE o presente Termo de Apostilamento que doravante passa a fazer parte integrante do Contrato, para todos os fins legais e de direito.<\/p>\n<p>&nbsp;<\/p>\n<p>Lajes\/RN, 12 de novembro de 2025.<\/p>\n<p>&nbsp;<\/p>\n<p>&nbsp;<\/p>\n<p><b><i>FELIPE FERREIRA DE MENEZES ARA\u00daJO<\/i><\/b><\/p>\n<p><b><i><\/i><\/b>&nbsp;<\/p>\n<p>Prefeito Municipal<\/p>\n<div align=\"right\">\n<b>Publicado por:<\/b><br \/>\nRobson Edson Fernandes da Silva<br \/>\n<b>C\u00f3digo Identificador:<\/b>F4A1BC21<\/div>\n<p>&nbsp;<\/p>\n<hr \/>\n<p>Mat\u00e9ria publicada no Di\u00e1rio Oficial dos Munic\u00edpios do Estado do Rio Grande do Norte no dia 13\/11\/2025. Edi\u00e7\u00e3o 3667<br \/>\nA verifica\u00e7\u00e3o de autenticidade da mat\u00e9ria pode ser feita informando o c\u00f3digo identificador no site:<br \/>\nhttps:\/\/www.diariomunicipal.com.br\/femurn\/<\/p><\/div>\n<div class=\"pdfprnt-buttons pdfprnt-buttons-post pdfprnt-bottom-right\"><a href=\"https:\/\/lajes.rn.gov.br\/transparente\/index\/wp-json\/wp\/v2\/posts\/39299?print=pdf\" class=\"pdfprnt-button pdfprnt-button-pdf\" target=\"_blank\" ><img decoding=\"async\" src=\"https:\/\/lajes.rn.gov.br\/transparente\/index\/wp-content\/plugins\/pdf-print\/images\/pdf.png\" alt=\"image_pdf\" title=\"Ver PDF\" \/><\/a><a href=\"https:\/\/lajes.rn.gov.br\/transparente\/index\/wp-json\/wp\/v2\/posts\/39299?print=print\" class=\"pdfprnt-button pdfprnt-button-print\" target=\"_blank\" ><img decoding=\"async\" src=\"https:\/\/lajes.rn.gov.br\/transparente\/index\/wp-content\/plugins\/pdf-print\/images\/print.png\" alt=\"image_print\" title=\"Conte\u00fado de impress\u00e3o\" \/><\/a><\/div>","protected":false},"excerpt":{"rendered":"<p>ESTADO DO RIO GRANDE DO NORTE PREFEITURA MUNICIPAL DE LAJES GABINETE DO PREFEITO TERCEIRO TERMO DE APOSTILAMENTO DO CONTRATO ADMINISTRATIVO N\u00ba 092\/2021 TERCEIRO TERMO DE APOSTILAMENTO DE ACR\u00c9SCIMO DE DOTA\u00c7\u00c3O OR\u00c7AMENT\u00c1RIA, ENTRE A PREFEITURA MUNICIPAL DE LAJES\/RN &#8211; E A EMPRESA BRAVUS EMPRESARIAL LTDA. &nbsp; Pelo presente instrumento contratual onde de um lado\u00a0O MUNIC\u00cdPIO DE [&hellip;]<\/p>\n","protected":false},"author":3,"featured_media":0,"comment_status":"closed","ping_status":"closed","sticky":false,"template":"","format":"standard","meta":{"ocean_post_layout":"","ocean_both_sidebars_style":"","ocean_both_sidebars_content_width":0,"ocean_both_sidebars_sidebars_width":0,"ocean_sidebar":"0","ocean_second_sidebar":"0","ocean_disable_margins":"enable","ocean_add_body_class":"","ocean_shortcode_before_top_bar":"","ocean_shortcode_after_top_bar":"","ocean_shortcode_before_header":"","ocean_shortcode_after_header":"","ocean_has_shortcode":"","ocean_shortcode_after_title":"","ocean_shortcode_before_footer_widgets":"","ocean_shortcode_after_footer_widgets":"","ocean_shortcode_before_footer_bottom":"","ocean_shortcode_after_footer_bottom":"","ocean_display_top_bar":"default","ocean_display_header":"default","ocean_header_style":"","ocean_center_header_left_menu":"0","ocean_custom_header_template":"0","ocean_custom_logo":0,"ocean_custom_retina_logo":0,"ocean_custom_logo_max_width":0,"ocean_custom_logo_tablet_max_width":0,"ocean_custom_logo_mobile_max_width":0,"ocean_custom_logo_max_height":0,"ocean_custom_logo_tablet_max_height":0,"ocean_custom_logo_mobile_max_height":0,"ocean_header_custom_menu":"0","ocean_menu_typo_font_family":"0","ocean_menu_typo_font_subset":"","ocean_menu_typo_font_size":0,"ocean_menu_typo_font_size_tablet":0,"ocean_menu_typo_font_size_mobile":0,"ocean_menu_typo_font_size_unit":"px","ocean_menu_typo_font_weight":"","ocean_menu_typo_font_weight_tablet":"","ocean_menu_typo_font_weight_mobile":"","ocean_menu_typo_transform":"","ocean_menu_typo_transform_tablet":"","ocean_menu_typo_transform_mobile":"","ocean_menu_typo_line_height":0,"ocean_menu_typo_line_height_tablet":0,"ocean_menu_typo_line_height_mobile":0,"ocean_menu_typo_line_height_unit":"","ocean_menu_typo_spacing":0,"ocean_menu_typo_spacing_tablet":0,"ocean_menu_typo_spacing_mobile":0,"ocean_menu_typo_spacing_unit":"","ocean_menu_link_color":"","ocean_menu_link_color_hover":"","ocean_menu_link_color_active":"","ocean_menu_link_background":"","ocean_menu_link_hover_background":"","ocean_menu_link_active_background":"","ocean_menu_social_links_bg":"","ocean_menu_social_hover_links_bg":"","ocean_menu_social_links_color":"","ocean_menu_social_hover_links_color":"","ocean_disable_title":"default","ocean_disable_heading":"default","ocean_post_title":"","ocean_post_subheading":"","ocean_post_title_style":"","ocean_post_title_background_color":"","ocean_post_title_background":0,"ocean_post_title_bg_image_position":"","ocean_post_title_bg_image_attachment":"","ocean_post_title_bg_image_repeat":"","ocean_post_title_bg_image_size":"","ocean_post_title_height":0,"ocean_post_title_bg_overlay":0.5,"ocean_post_title_bg_overlay_color":"","ocean_disable_breadcrumbs":"default","ocean_breadcrumbs_color":"","ocean_breadcrumbs_separator_color":"","ocean_breadcrumbs_links_color":"","ocean_breadcrumbs_links_hover_color":"","ocean_display_footer_widgets":"default","ocean_display_footer_bottom":"default","ocean_custom_footer_template":"0","ocean_post_oembed":"","ocean_post_self_hosted_media":"","ocean_post_video_embed":"","ocean_link_format":"","ocean_link_format_target":"self","ocean_quote_format":"","ocean_quote_format_link":"post","ocean_gallery_link_images":"on","ocean_gallery_id":[],"footnotes":""},"categories":[76,226,3],"tags":[],"class_list":["post-39299","post","type-post","status-publish","format-standard","hentry","category-contratos","category-contratos-ou-ata-de-registro-de-preco-2025","category-licitacao","entry"],"_links":{"self":[{"href":"https:\/\/lajes.rn.gov.br\/transparente\/index\/wp-json\/wp\/v2\/posts\/39299","targetHints":{"allow":["GET"]}}],"collection":[{"href":"https:\/\/lajes.rn.gov.br\/transparente\/index\/wp-json\/wp\/v2\/posts"}],"about":[{"href":"https:\/\/lajes.rn.gov.br\/transparente\/index\/wp-json\/wp\/v2\/types\/post"}],"author":[{"embeddable":true,"href":"https:\/\/lajes.rn.gov.br\/transparente\/index\/wp-json\/wp\/v2\/users\/3"}],"replies":[{"embeddable":true,"href":"https:\/\/lajes.rn.gov.br\/transparente\/index\/wp-json\/wp\/v2\/comments?post=39299"}],"version-history":[{"count":1,"href":"https:\/\/lajes.rn.gov.br\/transparente\/index\/wp-json\/wp\/v2\/posts\/39299\/revisions"}],"predecessor-version":[{"id":39300,"href":"https:\/\/lajes.rn.gov.br\/transparente\/index\/wp-json\/wp\/v2\/posts\/39299\/revisions\/39300"}],"wp:attachment":[{"href":"https:\/\/lajes.rn.gov.br\/transparente\/index\/wp-json\/wp\/v2\/media?parent=39299"}],"wp:term":[{"taxonomy":"category","embeddable":true,"href":"https:\/\/lajes.rn.gov.br\/transparente\/index\/wp-json\/wp\/v2\/categories?post=39299"},{"taxonomy":"post_tag","embeddable":true,"href":"https:\/\/lajes.rn.gov.br\/transparente\/index\/wp-json\/wp\/v2\/tags?post=39299"}],"curies":[{"name":"wp","href":"https:\/\/api.w.org\/{rel}","templated":true}]}}