{"id":39255,"date":"2025-11-03T15:22:31","date_gmt":"2025-11-03T18:22:31","guid":{"rendered":"https:\/\/lajes.rn.gov.br\/transparente\/index\/?p=39255"},"modified":"2025-12-10T15:24:41","modified_gmt":"2025-12-10T18:24:41","slug":"resolucao-no-06-2025-dispoe-sobre-o-regulamento-de-uso-da-frota-de-veiculos-da-secretaria-municipal-de-saude-de-lajes-rn-para-transporte-intermunicipal-de-pacientes-e-da-outras-providencias","status":"publish","type":"post","link":"https:\/\/lajes.rn.gov.br\/transparente\/index\/resolucao-no-06-2025-dispoe-sobre-o-regulamento-de-uso-da-frota-de-veiculos-da-secretaria-municipal-de-saude-de-lajes-rn-para-transporte-intermunicipal-de-pacientes-e-da-outras-providencias\/","title":{"rendered":"RESOLU\u00c7\u00c3O N\u00ba 06\/2025 &#8211; Disp\u00f5e sobre o Regulamento de Uso da Frota de Ve\u00edculos da Secretaria Municipal de Sa\u00fade de Lajes\/RN para Transporte Intermunicipal de Pacientes e d\u00e1 outras provid\u00eancias."},"content":{"rendered":"<div id=\"separador\" class=\"cabecalhoEstadoSeparador cabecalhoEstadoSeparador1\">\n<p style=\"text-align: center;\"><strong>ESTADO DO RIO GRANDE DO NORTE<\/strong><br \/>\n<strong>PREFEITURA MUNICIPAL DE LAJES<\/strong><\/p>\n<\/div>\n<p class=\"cabecaorgao\" style=\"text-align: center;\"><strong>GABINETE DO PREFEITO<\/strong><\/p>\n<hr \/>\n<div id=\"materia\" class=\"materia materia20091123 materia1\">\n<p><strong>RESOLU\u00c7\u00c3O N\u00ba 06, DE 03 DE NOVEMBRO DE 2025.<\/strong><\/p>\n<div class=\"mat\"><\/div>\n<p>Disp\u00f5e sobre o Regulamento de Uso da Frota de Ve\u00edculos da Secretaria Municipal de Sa\u00fade de Lajes\/RN para Transporte Intermunicipal de Pacientes e d\u00e1 outras provid\u00eancias.<\/p>\n<p>&nbsp;<\/p>\n<p>A\u00a0<b>SECRET\u00c1RIA MUNICIPAL DE SA\u00daDE DE LAJES\/RN<\/b>, no uso das atribui\u00e7\u00f5es que lhe confere o art. 52, inciso V, da Lei Municipal n\u00ba 1.007\/2025, c\/c os arts. 156 a 159 da Lei Org\u00e2nica do Munic\u00edpio de Lajes\/RN,<\/p>\n<p>&nbsp;<\/p>\n<p><b>CONSIDERANDO\u00a0<\/b>o dever do Poder P\u00fablico Municipal de assegurar o acesso universal e igualit\u00e1rio \u00e0s a\u00e7\u00f5es e servi\u00e7os de sa\u00fade, conforme preconiza o art. 196 da Constitui\u00e7\u00e3o Federal e a Lei Org\u00e2nica Municipal;<\/p>\n<p>&nbsp;<\/p>\n<p><b>CONSIDERANDO\u00a0<\/b>a necessidade de disciplinar o uso dos ve\u00edculos vinculados \u00e0 Secretaria Municipal de Sa\u00fade, de modo a garantir efici\u00eancia, seguran\u00e7a, economicidade e transpar\u00eancia na execu\u00e7\u00e3o do transporte intermunicipal de pacientes assistidos pelo Sistema \u00danico de Sa\u00fade \u2013 SUS;<\/p>\n<p>&nbsp;<\/p>\n<p><b>CONSIDERANDO\u00a0<\/b>o interesse p\u00fablico na organiza\u00e7\u00e3o, otimiza\u00e7\u00e3o e controle dos deslocamentos de pacientes para atendimentos m\u00e9dicos, exames, tratamentos e demais procedimentos vinculados \u00e0 rede p\u00fablica de sa\u00fade;<\/p>\n<p>&nbsp;<\/p>\n<p><b>RESOLVE:<\/b><\/p>\n<p>&nbsp;<\/p>\n<p>Art. 1\u00ba Esta Resolu\u00e7\u00e3o tem por objetivo estabelecer normas e crit\u00e9rios para o uso da frota de ve\u00edculos da Secretaria Municipal de Sa\u00fade de Lajes\/RN, visando organizar, otimizar e garantir o transporte seguro, priorit\u00e1rio e eficiente dos pacientes em deslocamentos intermunicipaispara procedimentos realizados exclusivamente via Sistema \u00danico de Sa\u00fade \u2013 SUS, tais como consultas, exames, tratamentos continuados e outros servi\u00e7os m\u00e9dicos.<\/p>\n<p>&nbsp;<\/p>\n<p>Art. 2\u00ba As solicita\u00e7\u00f5es de transporte dever\u00e3o ser feitas presencialmente na sede da Secretaria Municipal de Sa\u00fade, com anteced\u00eancia m\u00ednima de 48 (quarenta e oito) horas \u00fateis antes da data da consulta, exame ou procedimento.<\/p>\n<p>\u00a7 1\u00ba O transporte ser\u00e1 autorizado somente para atendimentos vinculados ao Sistema \u00danico de Sa\u00fade \u2013 SUS, mediante comprova\u00e7\u00e3o documental.<\/p>\n<p>\u00a7 2\u00ba Para garantir a vaga, o paciente dever\u00e1 obrigatoriamente:<\/p>\n<p>I \u2013 realizar cadastro pr\u00e9vio junto \u00e0 Secretaria Municipal de Sa\u00fade;<\/p>\n<p>II \u2013 apresentar comprovante impresso ou digital da consulta, exame ou procedimento;<\/p>\n<p>III \u2013 apresentar documenta\u00e7\u00e3o m\u00e9dica que comprove prioridade de sa\u00fade, quando aplic\u00e1vel.<\/p>\n<p>&nbsp;<\/p>\n<p>Art. 3\u00ba Os ve\u00edculos de pequeno porte (at\u00e9 7 lugares) ser\u00e3o destinados prioritariamente a pacientes em situa\u00e7\u00e3o de maior vulnerabilidade ou que necessitem de transporte individualizado.<\/p>\n<p>\u00a7 1\u00ba Ter\u00e3o prioridade para utiliza\u00e7\u00e3o desses ve\u00edculos:<\/p>\n<p>I \u2013 pacientes em tratamento cont\u00ednuo, como hemodi\u00e1lise, quimioterapia ou radioterapia;<\/p>\n<p>II \u2013 idosos acima de 65 (sessenta e cinco) anos, preferencialmente acamados ou com mobilidade reduzida;<\/p>\n<p>III \u2013 pessoas com defici\u00eancia (PCD) ou necessidades especiais;<\/p>\n<p>IV \u2013 pacientes em p\u00f3s-operat\u00f3rio ou em situa\u00e7\u00e3o de fragilidade cl\u00ednica comprovada;<\/p>\n<p>V \u2013 gestantes;<\/p>\n<p>VI \u2013 casos com recomenda\u00e7\u00e3o m\u00e9dica de transporte espec\u00edfico.<\/p>\n<p>\u00a7 2\u00ba Todos os casos previstos no par\u00e1grafo anterior dever\u00e3o ser comprovados mediante documenta\u00e7\u00e3o m\u00e9dica ou laudo equivalente.<\/p>\n<p>\u00a7 3\u00ba Os ve\u00edculos de m\u00e9dio e grande porte (vans e \u00f4nibus) destinam-se ao transporte intermunicipal coletivo de grupos de pacientes com atendimentos agendados para a mesma localidade ou munic\u00edpio, sendo utilizados prioritariamente em:<\/p>\n<p>I \u2013 situa\u00e7\u00f5es sem prioridade cl\u00ednica comprovada, mas com marca\u00e7\u00e3o de consulta ou exame confirmada via SUS;<\/p>\n<p>&nbsp;<\/p>\n<p>II \u2013 rotas com maior demanda e deslocamento a polos regionais de atendimento, como Natal, Mossor\u00f3 e Ass\u00fa;<\/p>\n<p>III \u2013 viagens previamente programadas pela Secretaria Municipal de Sa\u00fade.<\/p>\n<p>&nbsp;<\/p>\n<p>Art. 4\u00ba A Secretaria Municipal de Sa\u00fade organizar\u00e1 os roteiros de viagem de acordo com a quantidade de pacientes e o destino, visando melhor aproveitamento da frota e redu\u00e7\u00e3o de custos operacionais.<\/p>\n<p>\u00a7 1\u00ba A Secretaria poder\u00e1 remanejar pacientes entre ve\u00edculos sempre que necess\u00e1rio, respeitando os crit\u00e9rios de prioridade e seguran\u00e7a.<\/p>\n<p>\u00a7 2\u00ba Caber\u00e1 \u00e0 Coordena\u00e7\u00e3o de Transporte definir os hor\u00e1rios de sa\u00edda e retorno, bem como os pontos de embarque e desembarque, comunicando aos pacientes com a devida anteced\u00eancia.<\/p>\n<p>&nbsp;<\/p>\n<p>Art. 5\u00ba Ter\u00e3o direito a acompanhante durante o transporte os seguintes pacientes:<\/p>\n<p>I \u2013 menores de idade;<\/p>\n<p>II \u2013 idosos com dificuldade de locomo\u00e7\u00e3o;<\/p>\n<p>III \u2013 pessoas com defici\u00eancia;<\/p>\n<p>IV \u2013 gestantes de alto risco;<\/p>\n<p>V \u2013 pacientes que apresentem recomenda\u00e7\u00e3o m\u00e9dica expressa.<\/p>\n<p>Par\u00e1grafo \u00fanico. O acompanhante dever\u00e1 ser informado e cadastrado no ato da marca\u00e7\u00e3o do transporte, sob pena de n\u00e3o ser autorizado o embarque.<\/p>\n<p>&nbsp;<\/p>\n<p>Art. 6\u00ba Os hor\u00e1rios de sa\u00edda ser\u00e3o informados ao paciente no momento da marca\u00e7\u00e3o ou at\u00e9 um dia antes da viagem.<\/p>\n<p>\u00a7 1\u00ba O paciente dever\u00e1 comparecer ao ponto de embarque com anteced\u00eancia m\u00ednima de 15 (quinze) minutos.<\/p>\n<p>\u00a7 2\u00ba O atraso superior a 15 (quinze) minutos poder\u00e1 implicar na perda da vaga, sem garantia de novo deslocamento na mesma data.<\/p>\n<p>&nbsp;<\/p>\n<p>Art. 7\u00ba \u00c9 vedado aos usu\u00e1rios do transporte da Secretaria Municipal de Sa\u00fade:<\/p>\n<p>&nbsp;<\/p>\n<p>I \u2013 solicitar transporte para atividades n\u00e3o relacionadas \u00e0 sa\u00fade, como lazer ou compromissos pessoais;<\/p>\n<p>II \u2013 falsificar ou omitir informa\u00e7\u00f5es com o intuito de obter prioridade indevida;<\/p>\n<p>III \u2013 danificar, sujar ou causar qualquer preju\u00edzo ao ve\u00edculo;<\/p>\n<p>IV \u2013 perturbar a ordem, causar tumultos ou desrespeitar servidores e demais passageiros;<\/p>\n<p>V \u2013 utilizar o transporte para envio, entrega ou recebimento de encomendas, objetos ou mercadorias;<\/p>\n<p>VI \u2013 solicitar parada fora do trajeto autorizado, salvo em casos de urg\u00eancia m\u00e9dica;<\/p>\n<p>VII \u2013 embarcar acompanhantes n\u00e3o autorizados ou n\u00e3o cadastrados.<\/p>\n<p>&nbsp;<\/p>\n<p>Art. 8\u00ba O embarque em domic\u00edlio ser\u00e1 realizado exclusivamente para pacientes priorit\u00e1rios, nas seguintes hip\u00f3teses:<\/p>\n<p>I \u2013 pacientes acamados;<\/p>\n<p>II \u2013 pessoas com mobilidade reduzida;<\/p>\n<p>III \u2013 idosos;<\/p>\n<p>IV \u2013 pacientes em tratamento de hemodi\u00e1lise, quimioterapia ou radioterapia;<\/p>\n<p>V \u2013 gestantes de alto risco;<\/p>\n<p>VI \u2013 casos com justificativa m\u00e9dica formal.<\/p>\n<p>\u00a7 1\u00ba Os casos mencionados neste artigo dever\u00e3o ser comprovados no ato da solicita\u00e7\u00e3o, mediante apresenta\u00e7\u00e3o de laudo ou atestado m\u00e9dico.<\/p>\n<p>\u00a7 2\u00ba Os demais pacientes dever\u00e3o comparecer aos pontos de encontro previamente estabelecidos pela Secretaria Municipal de Sa\u00fade, no hor\u00e1rio informado.<\/p>\n<p>\u00a7 3\u00ba O n\u00e3o comparecimento no hor\u00e1rio estipulado ser\u00e1 considerado desist\u00eancia volunt\u00e1ria do transporte, n\u00e3o gerando direito a nova marca\u00e7\u00e3o imediata.<\/p>\n<p>&nbsp;<\/p>\n<p>Art. 9\u00ba Os casos omissos e as situa\u00e7\u00f5es excepcionais ser\u00e3o analisados pela Secretaria Municipal de Sa\u00fade, com apoio da Coordena\u00e7\u00e3o de Transporte e, quando necess\u00e1rio, da Procuradoria Geral do Munic\u00edpio.<\/p>\n<p>\u00a7 1\u00ba O regulamento institu\u00eddo por esta Resolu\u00e7\u00e3o poder\u00e1 ser atualizado e aperfei\u00e7oado a qualquer tempo, mediante nova publica\u00e7\u00e3o oficial, sempre que constatada a necessidade de aprimoramento t\u00e9cnico ou administrativo.<\/p>\n<p>&nbsp;<\/p>\n<p>\u00a7 2\u00ba Esta Resolu\u00e7\u00e3o entra em vigor na data de sua publica\u00e7\u00e3o no Di\u00e1rio Oficial.<\/p>\n<p>&nbsp;<\/p>\n<p>Lajes\/RN 03 de novembro de 2025.<\/p>\n<p>&nbsp;<\/p>\n<p>&nbsp;<\/p>\n<p><b><i>LILLYANE AM\u00c1LIA FERREIRA DE MENESES CRUZ<\/i><\/b><\/p>\n<p><b><i><\/i><\/b>&nbsp;<\/p>\n<p>Secret\u00e1ria Municipal de Sa\u00fade de Lajes\/RN<\/p>\n<div align=\"right\">\n<b>Publicado por:<\/b><br \/>\nIcaro Lucas Martins<br \/>\n<b>C\u00f3digo Identificador:<\/b>97740DE8<\/div>\n<p>&nbsp;<\/p>\n<hr \/>\n<p>Mat\u00e9ria publicada no Di\u00e1rio Oficial dos Munic\u00edpios do Estado do Rio Grande do Norte no dia 04\/11\/2025. Edi\u00e7\u00e3o 3660<br \/>\nA verifica\u00e7\u00e3o de autenticidade da mat\u00e9ria pode ser feita informando o c\u00f3digo identificador no site:<br \/>\nhttps:\/\/www.diariomunicipal.com.br\/femurn\/<\/p><\/div>\n<div class=\"pdfprnt-buttons pdfprnt-buttons-post pdfprnt-bottom-right\"><a href=\"https:\/\/lajes.rn.gov.br\/transparente\/index\/wp-json\/wp\/v2\/posts\/39255?print=pdf\" class=\"pdfprnt-button pdfprnt-button-pdf\" target=\"_blank\" ><img decoding=\"async\" src=\"https:\/\/lajes.rn.gov.br\/transparente\/index\/wp-content\/plugins\/pdf-print\/images\/pdf.png\" alt=\"image_pdf\" title=\"Ver PDF\" \/><\/a><a href=\"https:\/\/lajes.rn.gov.br\/transparente\/index\/wp-json\/wp\/v2\/posts\/39255?print=print\" class=\"pdfprnt-button pdfprnt-button-print\" target=\"_blank\" ><img decoding=\"async\" src=\"https:\/\/lajes.rn.gov.br\/transparente\/index\/wp-content\/plugins\/pdf-print\/images\/print.png\" alt=\"image_print\" title=\"Conte\u00fado de impress\u00e3o\" \/><\/a><\/div>","protected":false},"excerpt":{"rendered":"<p>ESTADO DO RIO GRANDE DO NORTE PREFEITURA MUNICIPAL DE LAJES GABINETE DO PREFEITO RESOLU\u00c7\u00c3O N\u00ba 06, DE 03 DE NOVEMBRO DE 2025. Disp\u00f5e sobre o Regulamento de Uso da Frota de Ve\u00edculos da Secretaria Municipal de Sa\u00fade de Lajes\/RN para Transporte Intermunicipal de Pacientes e d\u00e1 outras provid\u00eancias. &nbsp; A\u00a0SECRET\u00c1RIA MUNICIPAL DE SA\u00daDE DE LAJES\/RN, [&hellip;]<\/p>\n","protected":false},"author":3,"featured_media":0,"comment_status":"closed","ping_status":"closed","sticky":false,"template":"","format":"standard","meta":{"ocean_post_layout":"","ocean_both_sidebars_style":"","ocean_both_sidebars_content_width":0,"ocean_both_sidebars_sidebars_width":0,"ocean_sidebar":"0","ocean_second_sidebar":"0","ocean_disable_margins":"enable","ocean_add_body_class":"","ocean_shortcode_before_top_bar":"","ocean_shortcode_after_top_bar":"","ocean_shortcode_before_header":"","ocean_shortcode_after_header":"","ocean_has_shortcode":"","ocean_shortcode_after_title":"","ocean_shortcode_before_footer_widgets":"","ocean_shortcode_after_footer_widgets":"","ocean_shortcode_before_footer_bottom":"","ocean_shortcode_after_footer_bottom":"","ocean_display_top_bar":"default","ocean_display_header":"default","ocean_header_style":"","ocean_center_header_left_menu":"0","ocean_custom_header_template":"0","ocean_custom_logo":0,"ocean_custom_retina_logo":0,"ocean_custom_logo_max_width":0,"ocean_custom_logo_tablet_max_width":0,"ocean_custom_logo_mobile_max_width":0,"ocean_custom_logo_max_height":0,"ocean_custom_logo_tablet_max_height":0,"ocean_custom_logo_mobile_max_height":0,"ocean_header_custom_menu":"0","ocean_menu_typo_font_family":"0","ocean_menu_typo_font_subset":"","ocean_menu_typo_font_size":0,"ocean_menu_typo_font_size_tablet":0,"ocean_menu_typo_font_size_mobile":0,"ocean_menu_typo_font_size_unit":"px","ocean_menu_typo_font_weight":"","ocean_menu_typo_font_weight_tablet":"","ocean_menu_typo_font_weight_mobile":"","ocean_menu_typo_transform":"","ocean_menu_typo_transform_tablet":"","ocean_menu_typo_transform_mobile":"","ocean_menu_typo_line_height":0,"ocean_menu_typo_line_height_tablet":0,"ocean_menu_typo_line_height_mobile":0,"ocean_menu_typo_line_height_unit":"","ocean_menu_typo_spacing":0,"ocean_menu_typo_spacing_tablet":0,"ocean_menu_typo_spacing_mobile":0,"ocean_menu_typo_spacing_unit":"","ocean_menu_link_color":"","ocean_menu_link_color_hover":"","ocean_menu_link_color_active":"","ocean_menu_link_background":"","ocean_menu_link_hover_background":"","ocean_menu_link_active_background":"","ocean_menu_social_links_bg":"","ocean_menu_social_hover_links_bg":"","ocean_menu_social_links_color":"","ocean_menu_social_hover_links_color":"","ocean_disable_title":"default","ocean_disable_heading":"default","ocean_post_title":"","ocean_post_subheading":"","ocean_post_title_style":"","ocean_post_title_background_color":"","ocean_post_title_background":0,"ocean_post_title_bg_image_position":"","ocean_post_title_bg_image_attachment":"","ocean_post_title_bg_image_repeat":"","ocean_post_title_bg_image_size":"","ocean_post_title_height":0,"ocean_post_title_bg_overlay":0.5,"ocean_post_title_bg_overlay_color":"","ocean_disable_breadcrumbs":"default","ocean_breadcrumbs_color":"","ocean_breadcrumbs_separator_color":"","ocean_breadcrumbs_links_color":"","ocean_breadcrumbs_links_hover_color":"","ocean_display_footer_widgets":"default","ocean_display_footer_bottom":"default","ocean_custom_footer_template":"0","ocean_post_oembed":"","ocean_post_self_hosted_media":"","ocean_post_video_embed":"","ocean_link_format":"","ocean_link_format_target":"self","ocean_quote_format":"","ocean_quote_format_link":"post","ocean_gallery_link_images":"on","ocean_gallery_id":[],"footnotes":""},"categories":[2,72],"tags":[],"class_list":["post-39255","post","type-post","status-publish","format-standard","hentry","category-legislacao","category-resolucoes","entry"],"_links":{"self":[{"href":"https:\/\/lajes.rn.gov.br\/transparente\/index\/wp-json\/wp\/v2\/posts\/39255","targetHints":{"allow":["GET"]}}],"collection":[{"href":"https:\/\/lajes.rn.gov.br\/transparente\/index\/wp-json\/wp\/v2\/posts"}],"about":[{"href":"https:\/\/lajes.rn.gov.br\/transparente\/index\/wp-json\/wp\/v2\/types\/post"}],"author":[{"embeddable":true,"href":"https:\/\/lajes.rn.gov.br\/transparente\/index\/wp-json\/wp\/v2\/users\/3"}],"replies":[{"embeddable":true,"href":"https:\/\/lajes.rn.gov.br\/transparente\/index\/wp-json\/wp\/v2\/comments?post=39255"}],"version-history":[{"count":1,"href":"https:\/\/lajes.rn.gov.br\/transparente\/index\/wp-json\/wp\/v2\/posts\/39255\/revisions"}],"predecessor-version":[{"id":39256,"href":"https:\/\/lajes.rn.gov.br\/transparente\/index\/wp-json\/wp\/v2\/posts\/39255\/revisions\/39256"}],"wp:attachment":[{"href":"https:\/\/lajes.rn.gov.br\/transparente\/index\/wp-json\/wp\/v2\/media?parent=39255"}],"wp:term":[{"taxonomy":"category","embeddable":true,"href":"https:\/\/lajes.rn.gov.br\/transparente\/index\/wp-json\/wp\/v2\/categories?post=39255"},{"taxonomy":"post_tag","embeddable":true,"href":"https:\/\/lajes.rn.gov.br\/transparente\/index\/wp-json\/wp\/v2\/tags?post=39255"}],"curies":[{"name":"wp","href":"https:\/\/api.w.org\/{rel}","templated":true}]}}