{"id":39192,"date":"2025-10-21T16:39:44","date_gmt":"2025-10-21T19:39:44","guid":{"rendered":"https:\/\/lajes.rn.gov.br\/transparente\/index\/?p=39192"},"modified":"2025-12-05T16:40:49","modified_gmt":"2025-12-05T19:40:49","slug":"homologacao-do-pregao-eletronico-srp-no-031-2025-pml-rn","status":"publish","type":"post","link":"https:\/\/lajes.rn.gov.br\/transparente\/index\/homologacao-do-pregao-eletronico-srp-no-031-2025-pml-rn\/","title":{"rendered":"HOMOLOGA\u00c7\u00c3O DO PREG\u00c3O ELETR\u00d4NICO SRP N\u00ba 031\/2025 \u2013 PML\/RN"},"content":{"rendered":"<div id=\"separador\" class=\"cabecalhoEstadoSeparador cabecalhoEstadoSeparador2\">\n<p style=\"text-align: center;\"><strong>ESTADO DO RIO GRANDE DO NORTE<\/strong><br \/>\n<strong>PREFEITURA MUNICIPAL DE LAJES<\/strong><\/p>\n<\/div>\n<p class=\"cabecaorgao\" style=\"text-align: center;\"><strong>GABINETE DO PREFEITO<\/strong><\/p>\n<hr \/>\n<div id=\"materia\" class=\"materia materia20091123 materia2\">\n<p><strong>HOMOLOGA\u00c7\u00c3O DO PREG\u00c3O ELETR\u00d4NICO SRP N\u00ba 031\/2025 \u2013 PML\/RN<\/strong><\/p>\n<div class=\"mat\"><\/div>\n<p><b>Processo administrativo n\u00ba 1045\/2025<\/b><\/p>\n<p><b>Licita\u00e7\u00e3o n\u00ba 146\/2025<\/b><\/p>\n<p>&nbsp;<\/p>\n<p>O Prefeito do Munic\u00edpio de Lajes\/RN,\u00a0<b>HOMOLOGA<\/b>\u00a0todos os atos praticados no processo licitat\u00f3rio na modalidade PREG\u00c3O ELETR\u00d4NICO SISTEMA DE\u00a0<b>REGISTRO DE PRE\u00c7OS<\/b>\u00a0N\u00ba. 031\/2025 \u2013 PML com o objetivo\u00a0<b>REGISTRO DE PRE\u00c7OS PARA AQUISI\u00c7\u00c3O DE \u00c1GUA MINERAL, VASILHAMES E INSUMOS CORRELATOS DESTINADOS AO ATENDIMENTO DAS DEMANDAS ADMINISTRATIVAS E OPERACIONAIS DOS DIVERSOS SETORES DA PREFEITURA MUNICIPAL DE LAJES\/RN,<\/b>\u00a0adjudicando o objeto em ep\u00edgrafe, em favor da empresa:\u00a0<b>12.257.055 LUCIA DE FATIMA PEREIRA SILVA, inscrita no CNPJ sob n\u00ba 12.257.055\/0001-60,\u00a0<\/b>estabelecida na Rua Alzira Soriano, n\u00ba 11, Centro, Lajes\/RN \u2013 CEP: 59.535-000, sendo representada pelo Sra. LUCIA DE FATIMA PEREIRA SILVA, inscrito no CPF n\u00ba XXX.260.XXX-00 e RG n\u00ba XXX.382 \u2013 SSP\/RN saiu vencedora nos itens conforme planilha a seguir:<\/p>\n<p>&nbsp;<\/p>\n<table class=\"mat\" border=\"1\" cellspacing=\"0\" cellpadding=\"0\" align=\"left\">\n<tbody>\n<tr>\n<td width=\"54\"><b>ITEM<\/b><\/td>\n<td width=\"162\"><b>OBJETO\/ESPEFICA\u00c7\u00c3O T\u00c9CNICA<\/b><\/td>\n<td width=\"103\"><b>MARCA\/<\/b>\u00a0<b>FABRICANTE<\/b><\/td>\n<td width=\"85\"><b>UNIDADE DE MEDIDA<\/b><\/td>\n<td width=\"67\"><b>QUANT.<\/b><\/td>\n<td width=\"66\"><b>VALOR UNIT.<\/b><\/td>\n<td width=\"76\"><b>VALOR TOTAL<\/b><\/td>\n<\/tr>\n<tr>\n<td width=\"54\">1<\/td>\n<td width=\"162\">\u00c1GUA MINERAL NATURAL, ACONDICIONADA EM GAL\u00c3O DE 20 (VINTE) LITROS, COM CERTIFICADO DE AUTORIZA\u00c7\u00d5ES DOS \u00d3RG\u00c3OS COMPETENTES E COM VALIDADE PARA 12 (DOZE) MESES.<\/td>\n<td width=\"103\">SANTA MARIA\/SANTA J\u00daLIA<\/td>\n<td width=\"85\">UND<\/td>\n<td width=\"67\">13.000<\/td>\n<td width=\"66\">R$ 8,64<\/td>\n<td width=\"76\">R$ 112.320,00<\/td>\n<\/tr>\n<tr>\n<td width=\"54\">2<\/td>\n<td width=\"162\">SACO DE GELO 3KG<\/td>\n<td width=\"103\">SANTA MARIA\/SANTA J\u00daLIA<\/td>\n<td width=\"85\">PCT<\/td>\n<td width=\"67\">800<\/td>\n<td width=\"66\">R$ 7,99<\/td>\n<td width=\"76\">R$ 6.392,00<\/td>\n<\/tr>\n<tr>\n<td width=\"54\">3<\/td>\n<td width=\"162\">GAL\u00c3O DE 20 LITROS NOVO GAL\u00c3O \/ VASILHAME. FABRICADOS EM PP RANDON CERTIFICADO IQB VALIDADE 2025 PL\u00c1STICO PP (POLIPROPILENO) DIMENS\u00c3O 50 CM X 28 CM DI\u00c2METRO. COM VALIDADE DE NO M\u00cdNIMO 24 MESES DA DATA DE FABRICA\u00c7\u00c3O.<\/td>\n<td width=\"103\">SANTA MARIA\/SANTA J\u00daLIA<\/td>\n<td width=\"85\">UND<\/td>\n<td width=\"67\">100<\/td>\n<td width=\"66\">R$ 23,99<\/td>\n<td width=\"76\">R$ 2.399,00<\/td>\n<\/tr>\n<tr>\n<td width=\"54\">4<\/td>\n<td width=\"162\">GARRAFA DE \u00c1GUA MINERAL 500 ML<\/td>\n<td width=\"103\">SANTA MARIA\/SANTA J\u00daLIA<\/td>\n<td width=\"85\">UND<\/td>\n<td width=\"67\">6.000<\/td>\n<td width=\"66\">R$ 1,19<\/td>\n<td width=\"76\">R$ 7.140,00<\/td>\n<\/tr>\n<tr>\n<td colspan=\"3\" width=\"319\">VALOR GLOBAL:<\/td>\n<td colspan=\"4\" width=\"293\">R$ 128.251,00 (cento e vinte e oito mil, duzentos e cinquenta e um reais).<\/td>\n<\/tr>\n<\/tbody>\n<\/table>\n<p>&nbsp;<\/p>\n<p>Para que produzam os efeitos legais nos termos do art. 71, inciso IV da Lei n\u00ba. 14.133\/2021, com suas posteriores altera\u00e7\u00f5es.<\/p>\n<p>&nbsp;<\/p>\n<p>Lajes\/RN, 21 de outubro de 2025.<\/p>\n<p>&nbsp;<\/p>\n<p><b><i>FELIPE FERREIRA DE MENEZES ARA\u00daJO<\/i><\/b><\/p>\n<p>Prefeito Municipal<\/p>\n<div align=\"right\">\n<b>Publicado por:<\/b><br \/>\nRobson Edson Fernandes da Silva<br \/>\n<b>C\u00f3digo Identificador:<\/b>AF3A79FD<\/div>\n<p>&nbsp;<\/p>\n<hr \/>\n<p>Mat\u00e9ria publicada no Di\u00e1rio Oficial dos Munic\u00edpios do Estado do Rio Grande do Norte no dia 22\/10\/2025. Edi\u00e7\u00e3o 3651<br \/>\nA verifica\u00e7\u00e3o de autenticidade da mat\u00e9ria pode ser feita informando o c\u00f3digo identificador no site:<br \/>\nhttps:\/\/www.diariomunicipal.com.br\/femurn\/<\/p><\/div>\n<div class=\"pdfprnt-buttons pdfprnt-buttons-post pdfprnt-bottom-right\"><a href=\"https:\/\/lajes.rn.gov.br\/transparente\/index\/wp-json\/wp\/v2\/posts\/39192?print=pdf\" class=\"pdfprnt-button pdfprnt-button-pdf\" target=\"_blank\" ><img decoding=\"async\" src=\"https:\/\/lajes.rn.gov.br\/transparente\/index\/wp-content\/plugins\/pdf-print\/images\/pdf.png\" alt=\"image_pdf\" title=\"Ver PDF\" \/><\/a><a href=\"https:\/\/lajes.rn.gov.br\/transparente\/index\/wp-json\/wp\/v2\/posts\/39192?print=print\" class=\"pdfprnt-button pdfprnt-button-print\" target=\"_blank\" ><img decoding=\"async\" src=\"https:\/\/lajes.rn.gov.br\/transparente\/index\/wp-content\/plugins\/pdf-print\/images\/print.png\" alt=\"image_print\" title=\"Conte\u00fado de impress\u00e3o\" \/><\/a><\/div>","protected":false},"excerpt":{"rendered":"<p>ESTADO DO RIO GRANDE DO NORTE PREFEITURA MUNICIPAL DE LAJES GABINETE DO PREFEITO HOMOLOGA\u00c7\u00c3O DO PREG\u00c3O ELETR\u00d4NICO SRP N\u00ba 031\/2025 \u2013 PML\/RN Processo administrativo n\u00ba 1045\/2025 Licita\u00e7\u00e3o n\u00ba 146\/2025 &nbsp; O Prefeito do Munic\u00edpio de Lajes\/RN,\u00a0HOMOLOGA\u00a0todos os atos praticados no processo licitat\u00f3rio na modalidade PREG\u00c3O ELETR\u00d4NICO SISTEMA DE\u00a0REGISTRO DE PRE\u00c7OS\u00a0N\u00ba. 031\/2025 \u2013 PML com o [&hellip;]<\/p>\n","protected":false},"author":3,"featured_media":0,"comment_status":"closed","ping_status":"closed","sticky":false,"template":"","format":"standard","meta":{"ocean_post_layout":"","ocean_both_sidebars_style":"","ocean_both_sidebars_content_width":0,"ocean_both_sidebars_sidebars_width":0,"ocean_sidebar":"0","ocean_second_sidebar":"0","ocean_disable_margins":"enable","ocean_add_body_class":"","ocean_shortcode_before_top_bar":"","ocean_shortcode_after_top_bar":"","ocean_shortcode_before_header":"","ocean_shortcode_after_header":"","ocean_has_shortcode":"","ocean_shortcode_after_title":"","ocean_shortcode_before_footer_widgets":"","ocean_shortcode_after_footer_widgets":"","ocean_shortcode_before_footer_bottom":"","ocean_shortcode_after_footer_bottom":"","ocean_display_top_bar":"default","ocean_display_header":"default","ocean_header_style":"","ocean_center_header_left_menu":"0","ocean_custom_header_template":"0","ocean_custom_logo":0,"ocean_custom_retina_logo":0,"ocean_custom_logo_max_width":0,"ocean_custom_logo_tablet_max_width":0,"ocean_custom_logo_mobile_max_width":0,"ocean_custom_logo_max_height":0,"ocean_custom_logo_tablet_max_height":0,"ocean_custom_logo_mobile_max_height":0,"ocean_header_custom_menu":"0","ocean_menu_typo_font_family":"0","ocean_menu_typo_font_subset":"","ocean_menu_typo_font_size":0,"ocean_menu_typo_font_size_tablet":0,"ocean_menu_typo_font_size_mobile":0,"ocean_menu_typo_font_size_unit":"px","ocean_menu_typo_font_weight":"","ocean_menu_typo_font_weight_tablet":"","ocean_menu_typo_font_weight_mobile":"","ocean_menu_typo_transform":"","ocean_menu_typo_transform_tablet":"","ocean_menu_typo_transform_mobile":"","ocean_menu_typo_line_height":0,"ocean_menu_typo_line_height_tablet":0,"ocean_menu_typo_line_height_mobile":0,"ocean_menu_typo_line_height_unit":"","ocean_menu_typo_spacing":0,"ocean_menu_typo_spacing_tablet":0,"ocean_menu_typo_spacing_mobile":0,"ocean_menu_typo_spacing_unit":"","ocean_menu_link_color":"","ocean_menu_link_color_hover":"","ocean_menu_link_color_active":"","ocean_menu_link_background":"","ocean_menu_link_hover_background":"","ocean_menu_link_active_background":"","ocean_menu_social_links_bg":"","ocean_menu_social_hover_links_bg":"","ocean_menu_social_links_color":"","ocean_menu_social_hover_links_color":"","ocean_disable_title":"default","ocean_disable_heading":"default","ocean_post_title":"","ocean_post_subheading":"","ocean_post_title_style":"","ocean_post_title_background_color":"","ocean_post_title_background":0,"ocean_post_title_bg_image_position":"","ocean_post_title_bg_image_attachment":"","ocean_post_title_bg_image_repeat":"","ocean_post_title_bg_image_size":"","ocean_post_title_height":0,"ocean_post_title_bg_overlay":0.5,"ocean_post_title_bg_overlay_color":"","ocean_disable_breadcrumbs":"default","ocean_breadcrumbs_color":"","ocean_breadcrumbs_separator_color":"","ocean_breadcrumbs_links_color":"","ocean_breadcrumbs_links_hover_color":"","ocean_display_footer_widgets":"default","ocean_display_footer_bottom":"default","ocean_custom_footer_template":"0","ocean_post_oembed":"","ocean_post_self_hosted_media":"","ocean_post_video_embed":"","ocean_link_format":"","ocean_link_format_target":"self","ocean_quote_format":"","ocean_quote_format_link":"post","ocean_gallery_link_images":"on","ocean_gallery_id":[],"footnotes":""},"categories":[89,3,90,228],"tags":[],"class_list":["post-39192","post","type-post","status-publish","format-standard","hentry","category-homologacao","category-licitacao","category-pregao-eletronico","category-pregao-eletronico-2025","entry"],"_links":{"self":[{"href":"https:\/\/lajes.rn.gov.br\/transparente\/index\/wp-json\/wp\/v2\/posts\/39192","targetHints":{"allow":["GET"]}}],"collection":[{"href":"https:\/\/lajes.rn.gov.br\/transparente\/index\/wp-json\/wp\/v2\/posts"}],"about":[{"href":"https:\/\/lajes.rn.gov.br\/transparente\/index\/wp-json\/wp\/v2\/types\/post"}],"author":[{"embeddable":true,"href":"https:\/\/lajes.rn.gov.br\/transparente\/index\/wp-json\/wp\/v2\/users\/3"}],"replies":[{"embeddable":true,"href":"https:\/\/lajes.rn.gov.br\/transparente\/index\/wp-json\/wp\/v2\/comments?post=39192"}],"version-history":[{"count":1,"href":"https:\/\/lajes.rn.gov.br\/transparente\/index\/wp-json\/wp\/v2\/posts\/39192\/revisions"}],"predecessor-version":[{"id":39193,"href":"https:\/\/lajes.rn.gov.br\/transparente\/index\/wp-json\/wp\/v2\/posts\/39192\/revisions\/39193"}],"wp:attachment":[{"href":"https:\/\/lajes.rn.gov.br\/transparente\/index\/wp-json\/wp\/v2\/media?parent=39192"}],"wp:term":[{"taxonomy":"category","embeddable":true,"href":"https:\/\/lajes.rn.gov.br\/transparente\/index\/wp-json\/wp\/v2\/categories?post=39192"},{"taxonomy":"post_tag","embeddable":true,"href":"https:\/\/lajes.rn.gov.br\/transparente\/index\/wp-json\/wp\/v2\/tags?post=39192"}],"curies":[{"name":"wp","href":"https:\/\/api.w.org\/{rel}","templated":true}]}}