{"id":39180,"date":"2025-10-17T16:31:29","date_gmt":"2025-10-17T19:31:29","guid":{"rendered":"https:\/\/lajes.rn.gov.br\/transparente\/index\/?p=39180"},"modified":"2025-12-05T16:32:19","modified_gmt":"2025-12-05T19:32:19","slug":"termo-de-adesao-no-011-2025-processo-no-1-092-2025","status":"publish","type":"post","link":"https:\/\/lajes.rn.gov.br\/transparente\/index\/termo-de-adesao-no-011-2025-processo-no-1-092-2025\/","title":{"rendered":"TERMO DE ADES\u00c3O N\u00ba 011\/2025 &#8211; PROCESSO N\u00ba 1.092\/2025"},"content":{"rendered":"<div id=\"separador\" class=\"cabecalhoEstadoSeparador cabecalhoEstadoSeparador2\">\n<p style=\"text-align: center;\"><strong>ESTADO DO RIO GRANDE DO NORTE<\/strong><br \/>\n<strong>PREFEITURA MUNICIPAL DE LAJES<\/strong><\/p>\n<\/div>\n<p class=\"cabecaorgao\" style=\"text-align: center;\"><strong>GABINETE DO PREFEITO<\/strong><\/p>\n<hr \/>\n<div id=\"materia\" class=\"materia materia20091123 materia2\">\n<p><strong>TERMO DE ADES\u00c3O N\u00ba 011\/2025 &#8211; PROCESSO N\u00ba 1.092\/2025<\/strong><\/p>\n<div class=\"mat\"><\/div>\n<p>A PREFEITURA MUNICIPAL DE LAJES\/RN, por interm\u00e9dio do seu gestor, torna p\u00fablica a\u00a0<b>ADES\u00c3O N\u00ba. 011\/2025<\/b>\u00a0\u00e0\u00a0<b>ATA DE REGISTRO DE PRE\u00c7OS N\u00ba. 08\/2025<\/b>, inerente ao\u00a0<b>PREG\u00c3O ELETR\u00d4NICO N\u00ba 04\/2025 \u2013 SRP<\/b>, realizado pela Prefeitura Municipal de Pureza\/RN para a\u00a0<b>CONTRATA\u00c7\u00c3O DE EMPRESA PARA LOCA\u00c7\u00c3O DE CAMINH\u00d5ES PIPA, VISANDO ATENDER AS NECESSIDADES DA SECRETARIA MUNICIPAL DE DESENVOLVIMENTO RURAL E AGRICULTURA FAMILIAR.<\/b>\u00a0<b>VIGENCIA DA ARP<\/b>: 04\/06\/2025\u00a0<b>\u00e0<\/b>\u00a004\/06\/2026.\u00a0<b>VENCEDOR<\/b>:\u00a0<b>MSK CONSTRU\u00c7\u00d5ES LTDA \u2013 CNPJ: 24.415.659\/0001-77, com o valor total aderido de R$ 147.000,00 (cento e quarenta e sete mil reais).<\/b><\/p>\n<p>&nbsp;<\/p>\n<table class=\"mat\" border=\"1\" cellspacing=\"0\" cellpadding=\"0\" align=\"left\">\n<tbody>\n<tr>\n<td colspan=\"7\" width=\"569\"><b>ORG\u00c3O GERENCIADOR:\u00a0<\/b>PREFEITURA MUNICIPAL DE PUREZA\/RN<\/td>\n<\/tr>\n<tr>\n<td colspan=\"7\" width=\"569\"><b>EMPRESA:\u00a0<\/b>MSK CONSTRU\u00c7\u00d5ES LTDA<\/td>\n<\/tr>\n<tr>\n<td colspan=\"7\" width=\"569\"><b>CNPJ:\u00a0<\/b>24.415.659\/0001-77<\/td>\n<\/tr>\n<tr>\n<td colspan=\"7\" width=\"569\"><b>ENDERE\u00c7O:\u00a0<\/b>RUA JO\u00c3O XAVIER PEREIRA SOBRAL, N\u00ba 433, PLANALTO, CEAR\u00c1-MIRIM\/RN \u2013 CEP: 59.570-000.<\/td>\n<\/tr>\n<tr>\n<td colspan=\"7\" width=\"569\"><b>REPRESENTANTE:<\/b>\u00a0ULISSIA KARLENY DA CUNHA \u2013 CPF: XXX.247.XXX-09<\/td>\n<\/tr>\n<tr>\n<td colspan=\"7\" width=\"569\"><b>E-MAIL: XXXXXXXXXX<\/b>@gmail.com<\/td>\n<\/tr>\n<tr>\n<td width=\"26\"><b>N\u00ba<\/b><\/td>\n<td width=\"188\"><b>DESCRI\u00c7\u00c3O DO ITEM<\/b><\/td>\n<td width=\"54\"><b>MARCA<\/b><\/td>\n<td width=\"78\"><b>QUANTIDADE<\/b><\/td>\n<td width=\"57\"><b>UND<\/b><\/td>\n<td width=\"99\"><b>VALOR UNITARIO<\/b><\/td>\n<td width=\"67\"><b>VALOR TOTAL<\/b><\/td>\n<\/tr>\n<tr>\n<td width=\"26\">0014<\/td>\n<td width=\"188\">Presta\u00e7\u00e3o de servi\u00e7os auxiliares com Caminh\u00e3o Pipa para Transporte de \u00c1gua, incluindo a disponibiliza\u00e7\u00e3o de operador habilitado, equipado com as seguintes especifica\u00e7\u00f5es m\u00ednimas: Tipo: Caminh\u00e3o pipa para transporte de \u00e1gua pot\u00e1vel ou bruta. Configura\u00e7\u00e3o: cabine simples com tra\u00e7\u00e3o 6&#215;4. Capacidade m\u00ednima do tanque: 8.000 litros. Equipamentos e funcionalidades: Tac\u00f3grafo em pleno funcionamento. Bomba centr\u00edfuga multiplicada e sistema de suc\u00e7\u00e3o de \u00e1gua. Lan\u00e7amento traseiro de \u00e1gua por meio de bico de pato ou rabo de pav\u00e3o. Barra de irriga\u00e7\u00e3o traseira para libera\u00e7\u00e3o de \u00e1gua por gravidade. Mangueira com comprimento m\u00ednimo de 50 metros. Movido a diesel. Requisitos do Servi\u00e7o e\/ou Equipamento: Todos os custos relacionados \u00e0 manuten\u00e7\u00e3o preventiva e corretiva, fornecimento de combust\u00edvel e quaisquer despesas operacionais ser\u00e3o de responsabilidade exclusiva da empresa contratada. A empresa dever\u00e1 disponibilizar motorista devidamente habilitado para opera\u00e7\u00e3o segura e eficiente do equipamento<\/td>\n<td width=\"54\">N\/C<\/td>\n<td width=\"78\">700<\/td>\n<td width=\"57\">HORA<\/td>\n<td width=\"99\">R$ 210,00<\/td>\n<td width=\"67\">R$147.000,00<\/td>\n<\/tr>\n<\/tbody>\n<\/table>\n<p>&nbsp;<\/p>\n<p>Ficando convocada a empresa acima citada,\u00a0<b>no prazo de 05 (cinco) dias ut\u00e9is,\u00a0<\/b>para formalizar a assinatura do respectivo contrato nos termos do Art. 90 da Lei Federal n\u00ba. 14.133\/21, na sala de Reuni\u00e3o da Prefeitura Municipal de Lajes\/RN ou por e-mail de forma eletr\u00f4nica.<\/p>\n<p>&nbsp;<\/p>\n<p>Lajes\/RN, 17 de outubro de 2025.<\/p>\n<p>&nbsp;<\/p>\n<p><b><i>FELIPE FERREIRA DE MENEZES ARA\u00daJO<\/i><\/b><\/p>\n<p>Prefeito Municipal<\/p>\n<div align=\"right\">\n<b>Publicado por:<\/b><br \/>\nRobson Edson Fernandes da Silva<br \/>\n<b>C\u00f3digo Identificador:<\/b>7D7D506B<\/div>\n<p>&nbsp;<\/p>\n<hr \/>\n<p>Mat\u00e9ria publicada no Di\u00e1rio Oficial dos Munic\u00edpios do Estado do Rio Grande do Norte no dia 20\/10\/2025. Edi\u00e7\u00e3o 3649<br \/>\nA verifica\u00e7\u00e3o de autenticidade da mat\u00e9ria pode ser feita informando o c\u00f3digo identificador no site:<br \/>\nhttps:\/\/www.diariomunicipal.com.br\/femurn\/<\/p><\/div>\n<div class=\"pdfprnt-buttons pdfprnt-buttons-post pdfprnt-bottom-right\"><a href=\"https:\/\/lajes.rn.gov.br\/transparente\/index\/wp-json\/wp\/v2\/posts\/39180?print=pdf\" class=\"pdfprnt-button pdfprnt-button-pdf\" target=\"_blank\" ><img decoding=\"async\" src=\"https:\/\/lajes.rn.gov.br\/transparente\/index\/wp-content\/plugins\/pdf-print\/images\/pdf.png\" alt=\"image_pdf\" title=\"Ver PDF\" \/><\/a><a href=\"https:\/\/lajes.rn.gov.br\/transparente\/index\/wp-json\/wp\/v2\/posts\/39180?print=print\" class=\"pdfprnt-button pdfprnt-button-print\" target=\"_blank\" ><img decoding=\"async\" src=\"https:\/\/lajes.rn.gov.br\/transparente\/index\/wp-content\/plugins\/pdf-print\/images\/print.png\" alt=\"image_print\" title=\"Conte\u00fado de impress\u00e3o\" \/><\/a><\/div>","protected":false},"excerpt":{"rendered":"<p>ESTADO DO RIO GRANDE DO NORTE PREFEITURA MUNICIPAL DE LAJES GABINETE DO PREFEITO TERMO DE ADES\u00c3O N\u00ba 011\/2025 &#8211; PROCESSO N\u00ba 1.092\/2025 A PREFEITURA MUNICIPAL DE LAJES\/RN, por interm\u00e9dio do seu gestor, torna p\u00fablica a\u00a0ADES\u00c3O N\u00ba. 011\/2025\u00a0\u00e0\u00a0ATA DE REGISTRO DE PRE\u00c7OS N\u00ba. 08\/2025, inerente ao\u00a0PREG\u00c3O ELETR\u00d4NICO N\u00ba 04\/2025 \u2013 SRP, realizado pela Prefeitura Municipal de [&hellip;]<\/p>\n","protected":false},"author":3,"featured_media":0,"comment_status":"closed","ping_status":"closed","sticky":false,"template":"","format":"standard","meta":{"ocean_post_layout":"","ocean_both_sidebars_style":"","ocean_both_sidebars_content_width":0,"ocean_both_sidebars_sidebars_width":0,"ocean_sidebar":"0","ocean_second_sidebar":"0","ocean_disable_margins":"enable","ocean_add_body_class":"","ocean_shortcode_before_top_bar":"","ocean_shortcode_after_top_bar":"","ocean_shortcode_before_header":"","ocean_shortcode_after_header":"","ocean_has_shortcode":"","ocean_shortcode_after_title":"","ocean_shortcode_before_footer_widgets":"","ocean_shortcode_after_footer_widgets":"","ocean_shortcode_before_footer_bottom":"","ocean_shortcode_after_footer_bottom":"","ocean_display_top_bar":"default","ocean_display_header":"default","ocean_header_style":"","ocean_center_header_left_menu":"0","ocean_custom_header_template":"0","ocean_custom_logo":0,"ocean_custom_retina_logo":0,"ocean_custom_logo_max_width":0,"ocean_custom_logo_tablet_max_width":0,"ocean_custom_logo_mobile_max_width":0,"ocean_custom_logo_max_height":0,"ocean_custom_logo_tablet_max_height":0,"ocean_custom_logo_mobile_max_height":0,"ocean_header_custom_menu":"0","ocean_menu_typo_font_family":"0","ocean_menu_typo_font_subset":"","ocean_menu_typo_font_size":0,"ocean_menu_typo_font_size_tablet":0,"ocean_menu_typo_font_size_mobile":0,"ocean_menu_typo_font_size_unit":"px","ocean_menu_typo_font_weight":"","ocean_menu_typo_font_weight_tablet":"","ocean_menu_typo_font_weight_mobile":"","ocean_menu_typo_transform":"","ocean_menu_typo_transform_tablet":"","ocean_menu_typo_transform_mobile":"","ocean_menu_typo_line_height":0,"ocean_menu_typo_line_height_tablet":0,"ocean_menu_typo_line_height_mobile":0,"ocean_menu_typo_line_height_unit":"","ocean_menu_typo_spacing":0,"ocean_menu_typo_spacing_tablet":0,"ocean_menu_typo_spacing_mobile":0,"ocean_menu_typo_spacing_unit":"","ocean_menu_link_color":"","ocean_menu_link_color_hover":"","ocean_menu_link_color_active":"","ocean_menu_link_background":"","ocean_menu_link_hover_background":"","ocean_menu_link_active_background":"","ocean_menu_social_links_bg":"","ocean_menu_social_hover_links_bg":"","ocean_menu_social_links_color":"","ocean_menu_social_hover_links_color":"","ocean_disable_title":"default","ocean_disable_heading":"default","ocean_post_title":"","ocean_post_subheading":"","ocean_post_title_style":"","ocean_post_title_background_color":"","ocean_post_title_background":0,"ocean_post_title_bg_image_position":"","ocean_post_title_bg_image_attachment":"","ocean_post_title_bg_image_repeat":"","ocean_post_title_bg_image_size":"","ocean_post_title_height":0,"ocean_post_title_bg_overlay":0.5,"ocean_post_title_bg_overlay_color":"","ocean_disable_breadcrumbs":"default","ocean_breadcrumbs_color":"","ocean_breadcrumbs_separator_color":"","ocean_breadcrumbs_links_color":"","ocean_breadcrumbs_links_hover_color":"","ocean_display_footer_widgets":"default","ocean_display_footer_bottom":"default","ocean_custom_footer_template":"0","ocean_post_oembed":"","ocean_post_self_hosted_media":"","ocean_post_video_embed":"","ocean_link_format":"","ocean_link_format_target":"self","ocean_quote_format":"","ocean_quote_format_link":"post","ocean_gallery_link_images":"on","ocean_gallery_id":[],"footnotes":""},"categories":[3,103,239],"tags":[],"class_list":["post-39180","post","type-post","status-publish","format-standard","hentry","category-licitacao","category-termo-de-adesao","category-termo-de-adesao-2025","entry"],"_links":{"self":[{"href":"https:\/\/lajes.rn.gov.br\/transparente\/index\/wp-json\/wp\/v2\/posts\/39180","targetHints":{"allow":["GET"]}}],"collection":[{"href":"https:\/\/lajes.rn.gov.br\/transparente\/index\/wp-json\/wp\/v2\/posts"}],"about":[{"href":"https:\/\/lajes.rn.gov.br\/transparente\/index\/wp-json\/wp\/v2\/types\/post"}],"author":[{"embeddable":true,"href":"https:\/\/lajes.rn.gov.br\/transparente\/index\/wp-json\/wp\/v2\/users\/3"}],"replies":[{"embeddable":true,"href":"https:\/\/lajes.rn.gov.br\/transparente\/index\/wp-json\/wp\/v2\/comments?post=39180"}],"version-history":[{"count":1,"href":"https:\/\/lajes.rn.gov.br\/transparente\/index\/wp-json\/wp\/v2\/posts\/39180\/revisions"}],"predecessor-version":[{"id":39181,"href":"https:\/\/lajes.rn.gov.br\/transparente\/index\/wp-json\/wp\/v2\/posts\/39180\/revisions\/39181"}],"wp:attachment":[{"href":"https:\/\/lajes.rn.gov.br\/transparente\/index\/wp-json\/wp\/v2\/media?parent=39180"}],"wp:term":[{"taxonomy":"category","embeddable":true,"href":"https:\/\/lajes.rn.gov.br\/transparente\/index\/wp-json\/wp\/v2\/categories?post=39180"},{"taxonomy":"post_tag","embeddable":true,"href":"https:\/\/lajes.rn.gov.br\/transparente\/index\/wp-json\/wp\/v2\/tags?post=39180"}],"curies":[{"name":"wp","href":"https:\/\/api.w.org\/{rel}","templated":true}]}}