{"id":39176,"date":"2025-10-17T16:29:19","date_gmt":"2025-10-17T19:29:19","guid":{"rendered":"https:\/\/lajes.rn.gov.br\/transparente\/index\/?p=39176"},"modified":"2025-12-05T16:30:16","modified_gmt":"2025-12-05T19:30:16","slug":"notificacao-extrajudicial-no-016-2025-pregao-eletronico-no-027-2025","status":"publish","type":"post","link":"https:\/\/lajes.rn.gov.br\/transparente\/index\/notificacao-extrajudicial-no-016-2025-pregao-eletronico-no-027-2025\/","title":{"rendered":"NOTIFICA\u00c7\u00c3O EXTRAJUDICIAL N\u00ba 016\/2025 &#8211; PREG\u00c3O ELETR\u00d4NICO N\u00ba 027\/2025"},"content":{"rendered":"<div id=\"separador\" class=\"cabecalhoEstadoSeparador cabecalhoEstadoSeparador1\">\n<p style=\"text-align: center;\"><strong>ESTADO DO RIO GRANDE DO NORTE<\/strong><br \/>\n<strong>PREFEITURA MUNICIPAL DE LAJES<\/strong><\/p>\n<\/div>\n<p class=\"cabecaorgao\" style=\"text-align: center;\"><strong>GABINETE DO PREFEITO<\/strong><\/p>\n<hr \/>\n<div id=\"materia\" class=\"materia materia20091123 materia1\">\n<p><strong>NOTIFICA\u00c7\u00c3O EXTRAJUDICIAL N\u00ba 016\/2025<\/strong><\/p>\n<div class=\"mat\"><b>Ref.:<\/b><\/div>\n<p>&nbsp;<\/p>\n<p>PREG\u00c3O ELETR\u00d4NICO N\u00ba 027\/2025<\/p>\n<p>OBJETO: Registro De Pre\u00e7os Para Aquisi\u00e7\u00e3o Futura E Parcelada De Materiais Pedag\u00f3gicos, Recursos Estruturais, Itens De Higiene E Recurso Esportivos Para Atender As Unidades Escolares Da Rede Municipal De Ensino, Conforme Condi\u00e7\u00f5es Estabelecidas No Edital Do Preg\u00e3o Eletr\u00f4nico 027\/2025, E Seus Anexos, Que \u00c9 Parte Integrante Desta Ata, Assim Como As Propostas Cujos Pre\u00e7os Tenham Sido Registrados, Independentemente De Transcri\u00e7\u00e3o.<\/p>\n<p>&nbsp;<\/p>\n<p><b>Notificante:<\/b>\u00a0MUNIC\u00cdPIO DE Lajes\/RN, CNPJ 08.113.466\/0001-05<\/p>\n<p>&nbsp;<\/p>\n<p><b>Notificada:<\/b><b>\u00a0<\/b>RAZ\u00c3O SOCIAL: SSC SOLUCOES EM FORNECIMENTO DE MERCADORIAS LTDA CNPJ: 93.577.427\/0001-38 TELEFONE: (51) 99531-1682 ENDERE\u00c7O: Rodovia RS 452, n\u00b0 133, sala 09, Centro, Feliz\/RS, CEP 95.770-000.<\/p>\n<p>&nbsp;<\/p>\n<p><b><u>OBJETO DA NOTIFICA\u00c7\u00c3O<\/u>: Inexecu\u00e7\u00e3o na Entrega do Objeto<\/b><\/p>\n<p>&nbsp;<\/p>\n<p>NOTIFICA\u00c7\u00c3O \u00c0 EMPRESA SSC SOLU\u00c7\u00d5ES EM FORNECIMENTO DE MERCADORIAS LTDA CNPJ: 93.577.427\/0001-38 Endere\u00e7o: Rodovia RS 452, n\u00ba 133, sala 09 \u2013 Centro \u2013 Feliz\/RS \u2013 CEP: 95.770-000 E-mail: atasecontratos@passarelafeliz.com.br.<\/p>\n<p>Ref.: Ordem de Fornecimento n\u00ba 1385 \u2013 Ata de Registro de Pre\u00e7os n\u00ba 089\/2025<\/p>\n<p>Processo Administrativo n\u00ba 841\/2024 \u2013 Preg\u00e3o Eletr\u00f4nico n\u00ba 027\/2025<\/p>\n<p>Senhor Moacir Duarte,<\/p>\n<p>A Prefeitura Municipal de Lajes\/RN, por meio desta, notifica a empresa SSC SOLU\u00c7\u00d5ES EM FORNECIMENTO DE MERCADORIAS LTDA, tendo em vista que, conforme a Ordem de Fornecimento n\u00ba 1385, emitida em 01 de outubro de 2025, at\u00e9 a presente data n\u00e3o houve a entrega dos materiais pedag\u00f3gicos solicitados, conforme previsto na Ata de Registro de Pre\u00e7os n\u00ba 089\/2025.<\/p>\n<p>Ressaltamos que o prazo de entrega acordado j\u00e1 se encontra vencido, configurando descumprimento contratual, nos termos da Lei Federal n\u00ba 14.133\/2021, da Ata de Registro de Pre\u00e7os e demais normas aplic\u00e1veis.<\/p>\n<p>Dessa forma, concedemos o prazo de 05 (cinco) dias \u00fateis a contar do recebimento desta notifica\u00e7\u00e3o para que a empresa regularize a entrega integral dos itens ou apresente justificativa formal e documental que comprove eventual impossibilidade tempor\u00e1ria de cumprimento.<\/p>\n<p>O n\u00e3o atendimento desta notifica\u00e7\u00e3o no prazo estabelecido poder\u00e1 ensejar a aplica\u00e7\u00e3o das penalidades cab\u00edveis, conforme previsto no edital e na legisla\u00e7\u00e3o pertinente, incluindo o cancelamento do registro de pre\u00e7os, suspens\u00e3o tempor\u00e1ria de participa\u00e7\u00e3o em licita\u00e7\u00f5es e impedimento de contratar com a Administra\u00e7\u00e3o P\u00fablica.<\/p>\n<p>Atenciosamente,<\/p>\n<p>&nbsp;<\/p>\n<p>Lajes\/RN,17 de OUTUBRO de 2025.<\/p>\n<p>&nbsp;<\/p>\n<p>&nbsp;<\/p>\n<p><b><i>ELYELTON RAYELLISON FIRMINO PESSOA<\/i><\/b><\/p>\n<p><b><i><\/i><\/b>&nbsp;<\/p>\n<p>Gestor de Contratos<\/p>\n<p>Prefeitura Municipal de Lajes<\/p>\n<p>&nbsp;<\/p>\n<div align=\"right\">\n<b>Publicado por:<\/b><br \/>\nRafael Anderson de Ara\u00fajo Silva<br \/>\n<b>C\u00f3digo Identificador:<\/b>3840A5C9<\/div>\n<p>&nbsp;<\/p>\n<hr \/>\n<p>Mat\u00e9ria publicada no Di\u00e1rio Oficial dos Munic\u00edpios do Estado do Rio Grande do Norte no dia 20\/10\/2025. Edi\u00e7\u00e3o 3649<br \/>\nA verifica\u00e7\u00e3o de autenticidade da mat\u00e9ria pode ser feita informando o c\u00f3digo identificador no site:<br \/>\nhttps:\/\/www.diariomunicipal.com.br\/femurn\/<\/p><\/div>\n<div class=\"pdfprnt-buttons pdfprnt-buttons-post pdfprnt-bottom-right\"><a href=\"https:\/\/lajes.rn.gov.br\/transparente\/index\/wp-json\/wp\/v2\/posts\/39176?print=pdf\" class=\"pdfprnt-button pdfprnt-button-pdf\" target=\"_blank\" ><img decoding=\"async\" src=\"https:\/\/lajes.rn.gov.br\/transparente\/index\/wp-content\/plugins\/pdf-print\/images\/pdf.png\" alt=\"image_pdf\" title=\"Ver PDF\" \/><\/a><a href=\"https:\/\/lajes.rn.gov.br\/transparente\/index\/wp-json\/wp\/v2\/posts\/39176?print=print\" class=\"pdfprnt-button pdfprnt-button-print\" target=\"_blank\" ><img decoding=\"async\" src=\"https:\/\/lajes.rn.gov.br\/transparente\/index\/wp-content\/plugins\/pdf-print\/images\/print.png\" alt=\"image_print\" title=\"Conte\u00fado de impress\u00e3o\" \/><\/a><\/div>","protected":false},"excerpt":{"rendered":"<p>ESTADO DO RIO GRANDE DO NORTE PREFEITURA MUNICIPAL DE LAJES GABINETE DO PREFEITO NOTIFICA\u00c7\u00c3O EXTRAJUDICIAL N\u00ba 016\/2025 Ref.: &nbsp; PREG\u00c3O ELETR\u00d4NICO N\u00ba 027\/2025 OBJETO: Registro De Pre\u00e7os Para Aquisi\u00e7\u00e3o Futura E Parcelada De Materiais Pedag\u00f3gicos, Recursos Estruturais, Itens De Higiene E Recurso Esportivos Para Atender As Unidades Escolares Da Rede Municipal De Ensino, Conforme Condi\u00e7\u00f5es [&hellip;]<\/p>\n","protected":false},"author":3,"featured_media":0,"comment_status":"closed","ping_status":"closed","sticky":false,"template":"","format":"standard","meta":{"ocean_post_layout":"","ocean_both_sidebars_style":"","ocean_both_sidebars_content_width":0,"ocean_both_sidebars_sidebars_width":0,"ocean_sidebar":"0","ocean_second_sidebar":"0","ocean_disable_margins":"enable","ocean_add_body_class":"","ocean_shortcode_before_top_bar":"","ocean_shortcode_after_top_bar":"","ocean_shortcode_before_header":"","ocean_shortcode_after_header":"","ocean_has_shortcode":"","ocean_shortcode_after_title":"","ocean_shortcode_before_footer_widgets":"","ocean_shortcode_after_footer_widgets":"","ocean_shortcode_before_footer_bottom":"","ocean_shortcode_after_footer_bottom":"","ocean_display_top_bar":"default","ocean_display_header":"default","ocean_header_style":"","ocean_center_header_left_menu":"0","ocean_custom_header_template":"0","ocean_custom_logo":0,"ocean_custom_retina_logo":0,"ocean_custom_logo_max_width":0,"ocean_custom_logo_tablet_max_width":0,"ocean_custom_logo_mobile_max_width":0,"ocean_custom_logo_max_height":0,"ocean_custom_logo_tablet_max_height":0,"ocean_custom_logo_mobile_max_height":0,"ocean_header_custom_menu":"0","ocean_menu_typo_font_family":"0","ocean_menu_typo_font_subset":"","ocean_menu_typo_font_size":0,"ocean_menu_typo_font_size_tablet":0,"ocean_menu_typo_font_size_mobile":0,"ocean_menu_typo_font_size_unit":"px","ocean_menu_typo_font_weight":"","ocean_menu_typo_font_weight_tablet":"","ocean_menu_typo_font_weight_mobile":"","ocean_menu_typo_transform":"","ocean_menu_typo_transform_tablet":"","ocean_menu_typo_transform_mobile":"","ocean_menu_typo_line_height":0,"ocean_menu_typo_line_height_tablet":0,"ocean_menu_typo_line_height_mobile":0,"ocean_menu_typo_line_height_unit":"","ocean_menu_typo_spacing":0,"ocean_menu_typo_spacing_tablet":0,"ocean_menu_typo_spacing_mobile":0,"ocean_menu_typo_spacing_unit":"","ocean_menu_link_color":"","ocean_menu_link_color_hover":"","ocean_menu_link_color_active":"","ocean_menu_link_background":"","ocean_menu_link_hover_background":"","ocean_menu_link_active_background":"","ocean_menu_social_links_bg":"","ocean_menu_social_hover_links_bg":"","ocean_menu_social_links_color":"","ocean_menu_social_hover_links_color":"","ocean_disable_title":"default","ocean_disable_heading":"default","ocean_post_title":"","ocean_post_subheading":"","ocean_post_title_style":"","ocean_post_title_background_color":"","ocean_post_title_background":0,"ocean_post_title_bg_image_position":"","ocean_post_title_bg_image_attachment":"","ocean_post_title_bg_image_repeat":"","ocean_post_title_bg_image_size":"","ocean_post_title_height":0,"ocean_post_title_bg_overlay":0.5,"ocean_post_title_bg_overlay_color":"","ocean_disable_breadcrumbs":"default","ocean_breadcrumbs_color":"","ocean_breadcrumbs_separator_color":"","ocean_breadcrumbs_links_color":"","ocean_breadcrumbs_links_hover_color":"","ocean_display_footer_widgets":"default","ocean_display_footer_bottom":"default","ocean_custom_footer_template":"0","ocean_post_oembed":"","ocean_post_self_hosted_media":"","ocean_post_video_embed":"","ocean_link_format":"","ocean_link_format_target":"self","ocean_quote_format":"","ocean_quote_format_link":"post","ocean_gallery_link_images":"on","ocean_gallery_id":[],"footnotes":""},"categories":[3,190,90,228],"tags":[],"class_list":["post-39176","post","type-post","status-publish","format-standard","hentry","category-licitacao","category-notificacao","category-pregao-eletronico","category-pregao-eletronico-2025","entry"],"_links":{"self":[{"href":"https:\/\/lajes.rn.gov.br\/transparente\/index\/wp-json\/wp\/v2\/posts\/39176","targetHints":{"allow":["GET"]}}],"collection":[{"href":"https:\/\/lajes.rn.gov.br\/transparente\/index\/wp-json\/wp\/v2\/posts"}],"about":[{"href":"https:\/\/lajes.rn.gov.br\/transparente\/index\/wp-json\/wp\/v2\/types\/post"}],"author":[{"embeddable":true,"href":"https:\/\/lajes.rn.gov.br\/transparente\/index\/wp-json\/wp\/v2\/users\/3"}],"replies":[{"embeddable":true,"href":"https:\/\/lajes.rn.gov.br\/transparente\/index\/wp-json\/wp\/v2\/comments?post=39176"}],"version-history":[{"count":1,"href":"https:\/\/lajes.rn.gov.br\/transparente\/index\/wp-json\/wp\/v2\/posts\/39176\/revisions"}],"predecessor-version":[{"id":39177,"href":"https:\/\/lajes.rn.gov.br\/transparente\/index\/wp-json\/wp\/v2\/posts\/39176\/revisions\/39177"}],"wp:attachment":[{"href":"https:\/\/lajes.rn.gov.br\/transparente\/index\/wp-json\/wp\/v2\/media?parent=39176"}],"wp:term":[{"taxonomy":"category","embeddable":true,"href":"https:\/\/lajes.rn.gov.br\/transparente\/index\/wp-json\/wp\/v2\/categories?post=39176"},{"taxonomy":"post_tag","embeddable":true,"href":"https:\/\/lajes.rn.gov.br\/transparente\/index\/wp-json\/wp\/v2\/tags?post=39176"}],"curies":[{"name":"wp","href":"https:\/\/api.w.org\/{rel}","templated":true}]}}