{"id":39153,"date":"2025-10-09T16:13:37","date_gmt":"2025-10-09T19:13:37","guid":{"rendered":"https:\/\/lajes.rn.gov.br\/transparente\/index\/?p=39153"},"modified":"2025-12-05T16:14:39","modified_gmt":"2025-12-05T19:14:39","slug":"resolucao-cmdca-no-003-2025-dispoe-sobre-a-aprovacao-do-projeto-lab-jovem-ideias-que-movem-de-iniciativa-da-associacao-cultural-e-poliesportiva-teia-potiguar-a","status":"publish","type":"post","link":"https:\/\/lajes.rn.gov.br\/transparente\/index\/resolucao-cmdca-no-003-2025-dispoe-sobre-a-aprovacao-do-projeto-lab-jovem-ideias-que-movem-de-iniciativa-da-associacao-cultural-e-poliesportiva-teia-potiguar-a\/","title":{"rendered":"RESOLU\u00c7\u00c3O CMDCA N\u00ba 003\/2025 &#8211; Disp\u00f5e sobre a aprova\u00e7\u00e3o do projeto \u201cLab Jovem \u2013 Ideias que Movem\u201d, de iniciativa da Associa\u00e7\u00e3o Cultural e Poliesportiva Teia Potiguar \u2013 ATP , para integrar o banco de projetos do Fundo da Inf\u00e2ncia e Adolescencia \u2013 FIA."},"content":{"rendered":"<div id=\"separador\" class=\"cabecalhoEstadoSeparador cabecalhoEstadoSeparador1\">\n<p style=\"text-align: center;\"><strong>ESTADO DO RIO GRANDE DO NORTE<\/strong><br \/>\n<strong>PREFEITURA MUNICIPAL DE LAJES<\/strong><\/p>\n<\/div>\n<p class=\"cabecaorgao\" style=\"text-align: center;\"><strong>GABINETE DO PREFEITO<\/strong><\/p>\n<hr \/>\n<div id=\"materia\" class=\"materia materia20091123 materia1\">\n<p><strong>RESOLU\u00c7\u00c3O CMDCA N\u00ba 003\/2025<\/strong><\/p>\n<div class=\"mat\">Disp\u00f5e sobre a aprova\u00e7\u00e3o do projeto \u201cLab Jovem \u2013 Ideias que Movem\u201d, de iniciativa da Associa\u00e7\u00e3o Cultural e Poliesportiva Teia Potiguar \u2013 ATP , para integrar o banco de projetos do Fundo da Inf\u00e2ncia e Adolescencia \u2013 FIA.<\/div>\n<p>&nbsp;<\/p>\n<p><b>O CONSELHO MUNICIPAL DOS DIREITOS DA CRIAN\u00c7A E DO ADOLESCENTE DE LAJES\/RN<\/b>, reunido extraordinariamente, no dia 09 de outubro de 2025, 5, no uso das atribui\u00e7\u00f5es que lhe s\u00e3o conferidas pela Lei Municipal n\u00ba 402\/2003 e pelo Decreto Municipal n\u00ba 011, de 26 de mar\u00e7o de 2025;<\/p>\n<p><b><\/b>CONSIDERANDO a delibera\u00e7\u00e3o do colegiado pela aprova\u00e7\u00e3o do projeto \u201cLab Jovem \u2013 Ideias que Movem\u201d, de autoria da\u00a0<b>Associa\u00e7\u00e3o Cultural e Poliesportiva Teia Potiguar \u2013 ATP<\/b>, CNPJ n\u00ba\u00a0<b>50.439.536\/0001-86<\/b>,<\/p>\n<p>CONSIDERANDO que o referido projeto visa\u00a0<b>estimular o protagonismo juvenil, a criatividade e o empreendedorismo de adolescentes e jovens por meio de a\u00e7\u00f5es formativas, culturais e tecnol\u00f3gicas<\/b>, contribuindo para a gera\u00e7\u00e3o de oportunidades, inclus\u00e3o produtiva e fortalecimento da cidadania,<\/p>\n<p>&nbsp;<\/p>\n<p><b>RESOLVE:<\/b><\/p>\n<p>&nbsp;<\/p>\n<p><b>Art. 1\u00ba<\/b>\u00a0Aprovar o projeto \u201cLab Jovem \u2013 Ideias que Movem\u201d, de iniciativa da Associa\u00e7\u00e3o Cultural e Poliesportiva Teia Potiguar \u2013 ATP, para integrar o Banco de Projetos do Fundo da Inf\u00e2ncia e Adolesc\u00eancia &#8211; FIA, como proposta apta \u00e0 capta\u00e7\u00e3o de recursos e submiss\u00e3o a editais de fomento p\u00fablico ou privado.<\/p>\n<p>&nbsp;<\/p>\n<p><b>Art. 2\u00ba<\/b>\u00a0Autorizar o Fundo da Inf\u00e2ncia e Adolesc\u00eancia &#8211; FIA a adotar as provid\u00eancias administrativas necess\u00e1rias \u00e0 tramita\u00e7\u00e3o e acompanhamento do projeto junto a \u00f3rg\u00e3os financiadores, observadas as disposi\u00e7\u00f5es legais vigentes.<\/p>\n<p>&nbsp;<\/p>\n<p><b>Art. 3\u00ba.<\/b>\u00a0Esta Resolu\u00e7\u00e3o entra em vigor na data de sua publica\u00e7\u00e3o.<\/p>\n<p>&nbsp;<\/p>\n<p>Lajes\/RN, 09 de outubro de 2025.<\/p>\n<p>&nbsp;<\/p>\n<p>&nbsp;<\/p>\n<p><b><i>ANT\u00d4NIO NUNES<\/i><\/b><\/p>\n<p><b><i><\/i><\/b>&nbsp;<\/p>\n<p>Presidente do CMDCA<\/p>\n<div align=\"right\">\n<b>Publicado por:<\/b><br \/>\nIcaro Lucas Martins<br \/>\n<b>C\u00f3digo Identificador:<\/b>7C261A97<\/div>\n<p>&nbsp;<\/p>\n<hr \/>\n<p>Mat\u00e9ria publicada no Di\u00e1rio Oficial dos Munic\u00edpios do Estado do Rio Grande do Norte no dia 13\/10\/2025. Edi\u00e7\u00e3o 3644<br \/>\nA verifica\u00e7\u00e3o de autenticidade da mat\u00e9ria pode ser feita informando o c\u00f3digo identificador no site:<br \/>\nhttps:\/\/www.diariomunicipal.com.br\/femurn\/<\/p><\/div>\n<div class=\"pdfprnt-buttons pdfprnt-buttons-post pdfprnt-bottom-right\"><a href=\"https:\/\/lajes.rn.gov.br\/transparente\/index\/wp-json\/wp\/v2\/posts\/39153?print=pdf\" class=\"pdfprnt-button pdfprnt-button-pdf\" target=\"_blank\" ><img decoding=\"async\" src=\"https:\/\/lajes.rn.gov.br\/transparente\/index\/wp-content\/plugins\/pdf-print\/images\/pdf.png\" alt=\"image_pdf\" title=\"Ver PDF\" \/><\/a><a href=\"https:\/\/lajes.rn.gov.br\/transparente\/index\/wp-json\/wp\/v2\/posts\/39153?print=print\" class=\"pdfprnt-button pdfprnt-button-print\" target=\"_blank\" ><img decoding=\"async\" src=\"https:\/\/lajes.rn.gov.br\/transparente\/index\/wp-content\/plugins\/pdf-print\/images\/print.png\" alt=\"image_print\" title=\"Conte\u00fado de impress\u00e3o\" \/><\/a><\/div>","protected":false},"excerpt":{"rendered":"<p>ESTADO DO RIO GRANDE DO NORTE PREFEITURA MUNICIPAL DE LAJES GABINETE DO PREFEITO RESOLU\u00c7\u00c3O CMDCA N\u00ba 003\/2025 Disp\u00f5e sobre a aprova\u00e7\u00e3o do projeto \u201cLab Jovem \u2013 Ideias que Movem\u201d, de iniciativa da Associa\u00e7\u00e3o Cultural e Poliesportiva Teia Potiguar \u2013 ATP , para integrar o banco de projetos do Fundo da Inf\u00e2ncia e Adolescencia \u2013 FIA. [&hellip;]<\/p>\n","protected":false},"author":3,"featured_media":0,"comment_status":"closed","ping_status":"closed","sticky":false,"template":"","format":"standard","meta":{"ocean_post_layout":"","ocean_both_sidebars_style":"","ocean_both_sidebars_content_width":0,"ocean_both_sidebars_sidebars_width":0,"ocean_sidebar":"0","ocean_second_sidebar":"0","ocean_disable_margins":"enable","ocean_add_body_class":"","ocean_shortcode_before_top_bar":"","ocean_shortcode_after_top_bar":"","ocean_shortcode_before_header":"","ocean_shortcode_after_header":"","ocean_has_shortcode":"","ocean_shortcode_after_title":"","ocean_shortcode_before_footer_widgets":"","ocean_shortcode_after_footer_widgets":"","ocean_shortcode_before_footer_bottom":"","ocean_shortcode_after_footer_bottom":"","ocean_display_top_bar":"default","ocean_display_header":"default","ocean_header_style":"","ocean_center_header_left_menu":"0","ocean_custom_header_template":"0","ocean_custom_logo":0,"ocean_custom_retina_logo":0,"ocean_custom_logo_max_width":0,"ocean_custom_logo_tablet_max_width":0,"ocean_custom_logo_mobile_max_width":0,"ocean_custom_logo_max_height":0,"ocean_custom_logo_tablet_max_height":0,"ocean_custom_logo_mobile_max_height":0,"ocean_header_custom_menu":"0","ocean_menu_typo_font_family":"0","ocean_menu_typo_font_subset":"","ocean_menu_typo_font_size":0,"ocean_menu_typo_font_size_tablet":0,"ocean_menu_typo_font_size_mobile":0,"ocean_menu_typo_font_size_unit":"px","ocean_menu_typo_font_weight":"","ocean_menu_typo_font_weight_tablet":"","ocean_menu_typo_font_weight_mobile":"","ocean_menu_typo_transform":"","ocean_menu_typo_transform_tablet":"","ocean_menu_typo_transform_mobile":"","ocean_menu_typo_line_height":0,"ocean_menu_typo_line_height_tablet":0,"ocean_menu_typo_line_height_mobile":0,"ocean_menu_typo_line_height_unit":"","ocean_menu_typo_spacing":0,"ocean_menu_typo_spacing_tablet":0,"ocean_menu_typo_spacing_mobile":0,"ocean_menu_typo_spacing_unit":"","ocean_menu_link_color":"","ocean_menu_link_color_hover":"","ocean_menu_link_color_active":"","ocean_menu_link_background":"","ocean_menu_link_hover_background":"","ocean_menu_link_active_background":"","ocean_menu_social_links_bg":"","ocean_menu_social_hover_links_bg":"","ocean_menu_social_links_color":"","ocean_menu_social_hover_links_color":"","ocean_disable_title":"default","ocean_disable_heading":"default","ocean_post_title":"","ocean_post_subheading":"","ocean_post_title_style":"","ocean_post_title_background_color":"","ocean_post_title_background":0,"ocean_post_title_bg_image_position":"","ocean_post_title_bg_image_attachment":"","ocean_post_title_bg_image_repeat":"","ocean_post_title_bg_image_size":"","ocean_post_title_height":0,"ocean_post_title_bg_overlay":0.5,"ocean_post_title_bg_overlay_color":"","ocean_disable_breadcrumbs":"default","ocean_breadcrumbs_color":"","ocean_breadcrumbs_separator_color":"","ocean_breadcrumbs_links_color":"","ocean_breadcrumbs_links_hover_color":"","ocean_display_footer_widgets":"default","ocean_display_footer_bottom":"default","ocean_custom_footer_template":"0","ocean_post_oembed":"","ocean_post_self_hosted_media":"","ocean_post_video_embed":"","ocean_link_format":"","ocean_link_format_target":"self","ocean_quote_format":"","ocean_quote_format_link":"post","ocean_gallery_link_images":"on","ocean_gallery_id":[],"footnotes":""},"categories":[2,72],"tags":[],"class_list":["post-39153","post","type-post","status-publish","format-standard","hentry","category-legislacao","category-resolucoes","entry"],"_links":{"self":[{"href":"https:\/\/lajes.rn.gov.br\/transparente\/index\/wp-json\/wp\/v2\/posts\/39153","targetHints":{"allow":["GET"]}}],"collection":[{"href":"https:\/\/lajes.rn.gov.br\/transparente\/index\/wp-json\/wp\/v2\/posts"}],"about":[{"href":"https:\/\/lajes.rn.gov.br\/transparente\/index\/wp-json\/wp\/v2\/types\/post"}],"author":[{"embeddable":true,"href":"https:\/\/lajes.rn.gov.br\/transparente\/index\/wp-json\/wp\/v2\/users\/3"}],"replies":[{"embeddable":true,"href":"https:\/\/lajes.rn.gov.br\/transparente\/index\/wp-json\/wp\/v2\/comments?post=39153"}],"version-history":[{"count":1,"href":"https:\/\/lajes.rn.gov.br\/transparente\/index\/wp-json\/wp\/v2\/posts\/39153\/revisions"}],"predecessor-version":[{"id":39154,"href":"https:\/\/lajes.rn.gov.br\/transparente\/index\/wp-json\/wp\/v2\/posts\/39153\/revisions\/39154"}],"wp:attachment":[{"href":"https:\/\/lajes.rn.gov.br\/transparente\/index\/wp-json\/wp\/v2\/media?parent=39153"}],"wp:term":[{"taxonomy":"category","embeddable":true,"href":"https:\/\/lajes.rn.gov.br\/transparente\/index\/wp-json\/wp\/v2\/categories?post=39153"},{"taxonomy":"post_tag","embeddable":true,"href":"https:\/\/lajes.rn.gov.br\/transparente\/index\/wp-json\/wp\/v2\/tags?post=39153"}],"curies":[{"name":"wp","href":"https:\/\/api.w.org\/{rel}","templated":true}]}}