{"id":38670,"date":"2025-08-21T14:22:51","date_gmt":"2025-08-21T17:22:51","guid":{"rendered":"https:\/\/lajes.rn.gov.br\/transparente\/index\/?p=38670"},"modified":"2025-08-28T14:23:52","modified_gmt":"2025-08-28T17:23:52","slug":"resultado-e-adjudicacao-do-pregao-eletronico-no-024-2025-pml-rn","status":"publish","type":"post","link":"https:\/\/lajes.rn.gov.br\/transparente\/index\/resultado-e-adjudicacao-do-pregao-eletronico-no-024-2025-pml-rn\/","title":{"rendered":"RESULTADO E ADJUDICA\u00c7\u00c3O DO PREG\u00c3O ELETR\u00d4NICO N\u00ba 024\/2025 \u2013 PML\/RN"},"content":{"rendered":"<section id=\"container\" class=\"tipos-materias\">\n<section id=\"content\" class=\"tipos-materias\">\n<section id=\"conteudo-materia\">\n<article>\n<div id=\"separador\" class=\"cabecalhoEstadoSeparador cabecalhoEstadoSeparador2\">\n<p style=\"text-align: center;\"><strong>ESTADO DO RIO GRANDE DO NORTE<\/strong><br \/>\n<strong>PREFEITURA MUNICIPAL DE LAJES<\/strong><\/p>\n<\/div>\n<p class=\"cabecaorgao\" style=\"text-align: center;\"><strong>GABINETE DO PREFEITO<\/strong><\/p>\n<hr \/>\n<div id=\"materia\" class=\"materia materia20091123 materia2\">\n<p><strong>RESULTADO E ADJUDICA\u00c7\u00c3O DO PREG\u00c3O ELETR\u00d4NICO N\u00ba 024\/2025 \u2013 PML\/RN<\/strong><\/p>\n<div class=\"mat\"><\/div>\n<p><b>Processo administrativo n\u00ba 442\/2025<\/b><\/p>\n<p><b>Licita\u00e7\u00e3o n\u00ba 117\/2025<\/b><\/p>\n<p>&nbsp;<\/p>\n<p>A Prefeitura Municipal de Lajes\/RN, atrav\u00e9s da autoridade competente, torna p\u00fablico o resultado de julgamento do certame licitat\u00f3rio PREG\u00c3O ELETR\u00d4NICO de N\u00ba 024\/2025, objetivando a <b>CONTRATA\u00c7\u00c3O DE EMPRESA ESPECIALIZADA EM SERVI\u00c7OS FUNER\u00c1RIOS PARA ATENDER \u00c0S DEMANDAS DA SECRETARIA MUNICIPAL DE DESENVOLVIMENTO SOCIAL, TRABALHO E HABITA\u00c7\u00c3O, NO MUNIC\u00cdPIO DE LAJES\/RN<\/b>, na hora previamente marcada para a realiza\u00e7\u00e3o da sess\u00e3o p\u00fablica, deu-se in\u00edcio aos procedimentos previstos no ato convocat\u00f3rio, diretamente na plataforma do PORTAL DE COMPRAS P\u00daBLICAS (www.portaldecompraspublicas.com.br). Considerando o atendimento de todas as demais normas estipuladas no Edital do Preg\u00e3o Eletr\u00f4nico n\u00ba 024\/2025, foi declarada vencedora a empresa: <b>UNIPLAN SAO PAULO DO POTENGI FUNERARIA LTDA, inscrita no CNPJ sob n\u00ba 09.368.724\/0001-67, <\/b>estabelecida na Rua Manoel Joaquim de Ara\u00fajo, n\u00ba 377, Nossa Senhora Aparecida, S\u00e3o Paulo do Potengi\/RN \u2013 CEP: 59.460-000, sendo representada pelo Sra. ANDR\u00c9IA TORRES DOS SANTOS, inscrito no CPF n\u00ba XXX.643.XXX-52 e RG n\u00ba XXX.708.XXX \u2013 SSP\/SP saiu vencedora nos itens conforme planilha a seguir:<\/p>\n<p>&nbsp;<\/p>\n<table class=\"mat\" border=\"1\" cellspacing=\"0\" cellpadding=\"0\" align=\"left\">\n<tbody>\n<tr>\n<td colspan=\"6\" width=\"605\">LOTE \u00daNICO<\/td>\n<\/tr>\n<tr>\n<td width=\"48\">ITEM<\/td>\n<td width=\"237\">DESCRI\u00c7\u00c3O<\/td>\n<td width=\"85\">UNIDADE DE MEDIDA<\/td>\n<td width=\"77\">QUANT.<\/td>\n<td width=\"85\">VALOR UNIT.<\/td>\n<td width=\"73\">VALOR TOTAL<\/td>\n<\/tr>\n<tr>\n<td width=\"48\">1<\/td>\n<td width=\"237\">FUNERAL TIPO 1 COMPOSTO POR: \u2022 01 Ata\u00fade: Estilo sextavado, madeira de pinnus reflorestado, al\u00e7as do tipo dura ou fixa, laterais lisas, forra\u00e7\u00e3o e babado em TNT com renda, travesseiro solto em TNT, chavetas douradas, com visor, verniz alto brilho, medindo internamente 1,93m de comprimento com capacidade para at\u00e9 120kg; \u2022 Vestimenta masculina ou feminina; \u2022 C\u00e2mara Ardente (com velas inclusas); \u2022 Prepara\u00e7\u00e3o do corpo inclusive com Tanatopraxia com dura\u00e7\u00e3o de 24h; \u2022 Arruma\u00e7\u00e3o do corpo com cobertura de flores naturais; \u2022 Translado do local do vel\u00f3rio para o cemit\u00e9rio P\u00fablico de Lajes\/RN.<\/td>\n<td width=\"85\">UND<\/td>\n<td width=\"77\">30<\/td>\n<td width=\"85\">R$ 2.000,00<\/td>\n<td width=\"73\">R$ 60.000,00<\/td>\n<\/tr>\n<tr>\n<td width=\"48\">2<\/td>\n<td width=\"237\">FUNERAL TIPO 2 COMPOSTO POR: \u2022 01 Ata\u00fade: Estilo sextavado, madeira de pinnus reflorestado, al\u00e7as do tipo dura ou fixa, laterais lisas, forra\u00e7\u00e3o e babado em TNT com renda, travesseiro solto em TNT, chavetas douradas, com visor, verniz alto brilho, medindo internamente 1,60m de comprimento. \u2022 Vestimenta masculina ou feminina; \u2022 C\u00e2mara Ardente (com velas inclusas); \u2022 Prepara\u00e7\u00e3o do corpo inclusive com Tanatopraxia com dura\u00e7\u00e3o de 24h; \u2022 Arruma\u00e7\u00e3o do corpo com cobertura de flores naturais; \u2022 Translado do local do vel\u00f3rio para o cemit\u00e9rio P\u00fablico de Lajes\/RN<\/td>\n<td width=\"85\">UND<\/td>\n<td width=\"77\">6<\/td>\n<td width=\"85\">R$ 1.200,00<\/td>\n<td width=\"73\">R$ 7.200,00<\/td>\n<\/tr>\n<tr>\n<td width=\"48\">3<\/td>\n<td width=\"237\">FUNERAL TIPO 3 COMPOSTO POR: \u2022 01 Ata\u00fade: Estilo sextavado, madeira de pinnus reflorestado, al\u00e7as do tipo dura ou fixa, laterais lisas, forra\u00e7\u00e3o e babado em TNT com renda, travesseiro solto em TNT, chavetas douradas, com visor, verniz alto brilho, medindo internamente 1,40m de comprimento. \u2022 Vestimenta masculina ou feminina; \u2022 C\u00e2mara Ardente (com velas inclusas); \u2022 Prepara\u00e7\u00e3o do corpo inclusive com Tanatopraxia com dura\u00e7\u00e3o de 24h; \u2022 Arruma\u00e7\u00e3o do corpo com cobertura de flores naturais; \u2022 Translado do local do vel\u00f3rio para o cemit\u00e9rio P\u00fablico de Lajes\/RN.<\/td>\n<td width=\"85\">UND<\/td>\n<td width=\"77\">6<\/td>\n<td width=\"85\">R$ 600,00<\/td>\n<td width=\"73\">R$ 3.600,00<\/td>\n<\/tr>\n<tr>\n<td width=\"48\">4<\/td>\n<td width=\"237\">FUNERAL TIPO 4 COMPOSTO POR: \u2022 01 Ata\u00fade: Estilo sextavado, madeira de pinnus reflorestado, al\u00e7as do tipo dura ou fixa, laterais lisas, forra\u00e7\u00e3o e babado em TNT com renda, travesseiro solto em TNT, chavetas douradas, com visor, verniz alto brilho, medindo internamente 1,20m de comprimento. \u2022 Vestimenta masculina ou feminina; \u2022 C\u00e2mara Ardente (com velas inclusas); \u2022 Prepara\u00e7\u00e3o do corpo inclusive com Tanatopraxia com dura\u00e7\u00e3o de 24h; \u2022 Arruma\u00e7\u00e3o do corpo com cobertura de flores naturais; \u2022 Translado do local do vel\u00f3rio para o cemit\u00e9rio P\u00fablico de Lajes\/RN.<\/td>\n<td width=\"85\">UND<\/td>\n<td width=\"77\">6<\/td>\n<td width=\"85\">R$ 1.000,00<\/td>\n<td width=\"73\">R$ 6.000,00<\/td>\n<\/tr>\n<tr>\n<td width=\"48\">5<\/td>\n<td width=\"237\">FUNERAL TIPO 5 COMPOSTO POR: \u2022 01 Ata\u00fade: Estilo sextavado, madeira de pinnus reflorestado, al\u00e7as do tipo dura ou fixa, laterais lisas, forra\u00e7\u00e3o e babado em TNT com renda, travesseiro solto em TNT, chavetas douradas, com visor, verniz alto brilho, medindo internamente 1,00m de comprimento. \u2022 Vestimenta masculina ou feminina; \u2022 C\u00e2mara Ardente (com velas inclusas); \u2022 Arruma\u00e7\u00e3o do corpo com cobertura de flores naturais; \u2022 Translado do local do vel\u00f3rio para o cemit\u00e9rio P\u00fablico de Lajes\/RN.<\/td>\n<td width=\"85\">UND<\/td>\n<td width=\"77\">6<\/td>\n<td width=\"85\">R$ 900,00<\/td>\n<td width=\"73\">R$ 5.400,00<\/td>\n<\/tr>\n<tr>\n<td width=\"48\">6<\/td>\n<td width=\"237\">FUNERAL TIPO 6 COMPOSTO POR: \u2022 01 Ata\u00fade: Estilo sextavado, madeira de pinnus reflorestado, al\u00e7as do tipo dura ou fixa, laterais lisas, forra\u00e7\u00e3o e babado em TNT com renda, travesseiro solto em TNT, chavetas douradas, com visor, verniz alto brilho, medindo internamente 0,80cm de comprimento. \u2022 Vestimenta masculina ou feminina; \u2022 C\u00e2mara Ardente (com velas inclusas); \u2022 Arruma\u00e7\u00e3o do corpo com cobertura de flores naturais; \u2022 Translado do local do vel\u00f3rio para o cemit\u00e9rio P\u00fablico de Lajes\/RN.<\/td>\n<td width=\"85\">UND<\/td>\n<td width=\"77\">6<\/td>\n<td width=\"85\">R$ 700,00<\/td>\n<td width=\"73\">R$ 4.200,00<\/td>\n<\/tr>\n<tr>\n<td width=\"48\">7<\/td>\n<td width=\"237\">FUNERAL TIPO 7 COMPOSTO POR: \u2022 01 Ata\u00fade: Estilo sextavado, madeira de pinnus reflorestado, al\u00e7as do tipo dura ou fixa, laterais lisas, forra\u00e7\u00e3o e babado em TNT com renda, travesseiro solto em TNT, chavetas douradas, com visor, verniz alto brilho, medindo internamente 0,60cm de comprimento. \u2022 Vestimenta masculina ou feminina; \u2022 C\u00e2mara Ardente (com velas inclusas); \u2022 Arruma\u00e7\u00e3o do corpo com cobertura de flores naturais; \u2022 Translado do local do vel\u00f3rio para o cemit\u00e9rio P\u00fablico de Lajes\/RN.<\/td>\n<td width=\"85\">UND<\/td>\n<td width=\"77\">6<\/td>\n<td width=\"85\">R$ 600,00<\/td>\n<td width=\"73\">R$ 3.600,00<\/td>\n<\/tr>\n<tr>\n<td width=\"48\">8<\/td>\n<td width=\"237\">FUNERAL TIPO 8 COMPOSTO POR: \u2022 01 Ata\u00fade: Estilo sextavado, madeira de pinnus reflorestado, al\u00e7as do tipo dura ou fixa, laterais lisas, forra\u00e7\u00e3o e babado em TNT com renda, travesseiro solto em TNT, chavetas douradas, com visor, verniz alto brilho, medindo internamente 2,10cm de comprimento; com capacidade para at\u00e9 160kg \u2022 Vestimenta masculina ou feminina; \u2022 C\u00e2mara Ardente (com velas inclusas); \u2022 Arruma\u00e7\u00e3o do corpo com cobertura de flores naturais; \u2022 Translado do local do vel\u00f3rio para o cemit\u00e9rio P\u00fablico de Lajes\/RN.<\/td>\n<td width=\"85\">UND<\/td>\n<td width=\"77\">6<\/td>\n<td width=\"85\">R$ 1.000,00<\/td>\n<td width=\"73\">R$ 6.000,00<\/td>\n<\/tr>\n<tr>\n<td width=\"48\">9<\/td>\n<td width=\"237\">FUNERAL TIPO 9 COMPOSTO POR: \u2022 01 Ata\u00fade: Estilo sextavado, madeira de pinnus reflorestado, al\u00e7as do tipo dura ou fixa, laterais lisas, forra\u00e7\u00e3o e babado em TNT com renda, travesseiro solto em TNT, chavetas douradas, com visor, verniz alto brilho, medindo internamente 0,60cm de comprimento, internamente 2,10cm de comprimento; com capacidade para at\u00e9 250kg \u2022 Vestimenta masculina ou feminina; \u2022 C\u00e2mara Ardente (com velas inclusas); \u2022 Arruma\u00e7\u00e3o do corpo com cobertura de flores naturais; \u2022 Translado do local do vel\u00f3rio para o cemit\u00e9rio P\u00fablico de Lajes\/RN.<\/td>\n<td width=\"85\">UND<\/td>\n<td width=\"77\">6<\/td>\n<td width=\"85\">R$ 1.500,00<\/td>\n<td width=\"73\">R$ 9.000,00<\/td>\n<\/tr>\n<tr>\n<td width=\"48\">10<\/td>\n<td width=\"237\">Translado: Do local da ocorr\u00eancia \u00f3bito para o local do vel\u00f3rio<\/td>\n<td width=\"85\">KM<\/td>\n<td width=\"77\">10.000,00<\/td>\n<td width=\"85\">R$ 2,50<\/td>\n<td width=\"73\">R$ 25.000,00<\/td>\n<\/tr>\n<tr>\n<td colspan=\"2\" width=\"285\"><b>VALOR GLOBAL:<\/b><\/td>\n<td colspan=\"4\" width=\"320\">R$ 130.000,00 (cento e trinta mil reais)<\/td>\n<\/tr>\n<\/tbody>\n<\/table>\n<p>&nbsp;<\/p>\n<p>Em seguida, o Pregoeiro procedeu \u00e0 an\u00e1lise das documenta\u00e7\u00f5es exigidas no Edital. Ap\u00f3s o julgamento, a empresa vencedora foi declarada <b>HABILITADA, <\/b>a autoridade competente declarou a empresa<b> ADJUDICADA <\/b>conforme art. 71, IV da Lei 14.133\/2021, por ter atendido o Edital.<\/p>\n<p>&nbsp;<\/p>\n<p>Lajes\/RN, 21 de agosto de 2025.<\/p>\n<p>&nbsp;<\/p>\n<p><b><i>FELIPE FERREIRA DE MENEZES ARA\u00daJO <\/i><\/b><\/p>\n<p>Prefeito Municipal<\/p>\n<div align=\"right\">\n<b>Publicado por:<\/b><br \/>\nRobson Edson Fernandes da Silva<br \/>\n<b>C\u00f3digo Identificador:<\/b>EC358140<\/div>\n<p>&nbsp;<\/p>\n<hr \/>\n<p>Mat\u00e9ria publicada no Di\u00e1rio Oficial dos Munic\u00edpios do Estado do Rio Grande do Norte no dia 22\/08\/2025. Edi\u00e7\u00e3o 3608<br \/>\nA verifica\u00e7\u00e3o de autenticidade da mat\u00e9ria pode ser feita informando o c\u00f3digo identificador no site:<br \/>\nhttps:\/\/www.diariomunicipal.com.br\/femurn\/&nbsp;<\/p>\n<\/div>\n<\/article>\n<\/section>\n<\/section>\n<\/section>\n<div class=\"pdfprnt-buttons pdfprnt-buttons-post pdfprnt-bottom-right\"><a href=\"https:\/\/lajes.rn.gov.br\/transparente\/index\/wp-json\/wp\/v2\/posts\/38670?print=pdf\" class=\"pdfprnt-button pdfprnt-button-pdf\" target=\"_blank\" ><img decoding=\"async\" src=\"https:\/\/lajes.rn.gov.br\/transparente\/index\/wp-content\/plugins\/pdf-print\/images\/pdf.png\" alt=\"image_pdf\" title=\"Ver PDF\" \/><\/a><a href=\"https:\/\/lajes.rn.gov.br\/transparente\/index\/wp-json\/wp\/v2\/posts\/38670?print=print\" class=\"pdfprnt-button pdfprnt-button-print\" target=\"_blank\" ><img decoding=\"async\" src=\"https:\/\/lajes.rn.gov.br\/transparente\/index\/wp-content\/plugins\/pdf-print\/images\/print.png\" alt=\"image_print\" title=\"Conte\u00fado de impress\u00e3o\" \/><\/a><\/div>","protected":false},"excerpt":{"rendered":"<p>ESTADO DO RIO GRANDE DO NORTE PREFEITURA MUNICIPAL DE LAJES GABINETE DO PREFEITO RESULTADO E ADJUDICA\u00c7\u00c3O DO PREG\u00c3O ELETR\u00d4NICO N\u00ba 024\/2025 \u2013 PML\/RN Processo administrativo n\u00ba 442\/2025 Licita\u00e7\u00e3o n\u00ba 117\/2025 &nbsp; A Prefeitura Municipal de Lajes\/RN, atrav\u00e9s da autoridade competente, torna p\u00fablico o resultado de julgamento do certame licitat\u00f3rio PREG\u00c3O ELETR\u00d4NICO de N\u00ba 024\/2025, objetivando [&hellip;]<\/p>\n","protected":false},"author":3,"featured_media":0,"comment_status":"closed","ping_status":"closed","sticky":false,"template":"","format":"standard","meta":{"ocean_post_layout":"","ocean_both_sidebars_style":"","ocean_both_sidebars_content_width":0,"ocean_both_sidebars_sidebars_width":0,"ocean_sidebar":"0","ocean_second_sidebar":"0","ocean_disable_margins":"enable","ocean_add_body_class":"","ocean_shortcode_before_top_bar":"","ocean_shortcode_after_top_bar":"","ocean_shortcode_before_header":"","ocean_shortcode_after_header":"","ocean_has_shortcode":"","ocean_shortcode_after_title":"","ocean_shortcode_before_footer_widgets":"","ocean_shortcode_after_footer_widgets":"","ocean_shortcode_before_footer_bottom":"","ocean_shortcode_after_footer_bottom":"","ocean_display_top_bar":"default","ocean_display_header":"default","ocean_header_style":"","ocean_center_header_left_menu":"0","ocean_custom_header_template":"0","ocean_custom_logo":0,"ocean_custom_retina_logo":0,"ocean_custom_logo_max_width":0,"ocean_custom_logo_tablet_max_width":0,"ocean_custom_logo_mobile_max_width":0,"ocean_custom_logo_max_height":0,"ocean_custom_logo_tablet_max_height":0,"ocean_custom_logo_mobile_max_height":0,"ocean_header_custom_menu":"0","ocean_menu_typo_font_family":"0","ocean_menu_typo_font_subset":"","ocean_menu_typo_font_size":0,"ocean_menu_typo_font_size_tablet":0,"ocean_menu_typo_font_size_mobile":0,"ocean_menu_typo_font_size_unit":"px","ocean_menu_typo_font_weight":"","ocean_menu_typo_font_weight_tablet":"","ocean_menu_typo_font_weight_mobile":"","ocean_menu_typo_transform":"","ocean_menu_typo_transform_tablet":"","ocean_menu_typo_transform_mobile":"","ocean_menu_typo_line_height":0,"ocean_menu_typo_line_height_tablet":0,"ocean_menu_typo_line_height_mobile":0,"ocean_menu_typo_line_height_unit":"","ocean_menu_typo_spacing":0,"ocean_menu_typo_spacing_tablet":0,"ocean_menu_typo_spacing_mobile":0,"ocean_menu_typo_spacing_unit":"","ocean_menu_link_color":"","ocean_menu_link_color_hover":"","ocean_menu_link_color_active":"","ocean_menu_link_background":"","ocean_menu_link_hover_background":"","ocean_menu_link_active_background":"","ocean_menu_social_links_bg":"","ocean_menu_social_hover_links_bg":"","ocean_menu_social_links_color":"","ocean_menu_social_hover_links_color":"","ocean_disable_title":"default","ocean_disable_heading":"default","ocean_post_title":"","ocean_post_subheading":"","ocean_post_title_style":"","ocean_post_title_background_color":"","ocean_post_title_background":0,"ocean_post_title_bg_image_position":"","ocean_post_title_bg_image_attachment":"","ocean_post_title_bg_image_repeat":"","ocean_post_title_bg_image_size":"","ocean_post_title_height":0,"ocean_post_title_bg_overlay":0.5,"ocean_post_title_bg_overlay_color":"","ocean_disable_breadcrumbs":"default","ocean_breadcrumbs_color":"","ocean_breadcrumbs_separator_color":"","ocean_breadcrumbs_links_color":"","ocean_breadcrumbs_links_hover_color":"","ocean_display_footer_widgets":"default","ocean_display_footer_bottom":"default","ocean_custom_footer_template":"0","ocean_post_oembed":"","ocean_post_self_hosted_media":"","ocean_post_video_embed":"","ocean_link_format":"","ocean_link_format_target":"self","ocean_quote_format":"","ocean_quote_format_link":"post","ocean_gallery_link_images":"on","ocean_gallery_id":[],"footnotes":""},"categories":[3,90,228,97,231,104],"tags":[],"class_list":["post-38670","post","type-post","status-publish","format-standard","hentry","category-licitacao","category-pregao-eletronico","category-pregao-eletronico-2025","category-resultado-de-licitacao","category-resultado-de-licitacao-2025","category-termo-de-adjudicacao","entry"],"_links":{"self":[{"href":"https:\/\/lajes.rn.gov.br\/transparente\/index\/wp-json\/wp\/v2\/posts\/38670","targetHints":{"allow":["GET"]}}],"collection":[{"href":"https:\/\/lajes.rn.gov.br\/transparente\/index\/wp-json\/wp\/v2\/posts"}],"about":[{"href":"https:\/\/lajes.rn.gov.br\/transparente\/index\/wp-json\/wp\/v2\/types\/post"}],"author":[{"embeddable":true,"href":"https:\/\/lajes.rn.gov.br\/transparente\/index\/wp-json\/wp\/v2\/users\/3"}],"replies":[{"embeddable":true,"href":"https:\/\/lajes.rn.gov.br\/transparente\/index\/wp-json\/wp\/v2\/comments?post=38670"}],"version-history":[{"count":1,"href":"https:\/\/lajes.rn.gov.br\/transparente\/index\/wp-json\/wp\/v2\/posts\/38670\/revisions"}],"predecessor-version":[{"id":38671,"href":"https:\/\/lajes.rn.gov.br\/transparente\/index\/wp-json\/wp\/v2\/posts\/38670\/revisions\/38671"}],"wp:attachment":[{"href":"https:\/\/lajes.rn.gov.br\/transparente\/index\/wp-json\/wp\/v2\/media?parent=38670"}],"wp:term":[{"taxonomy":"category","embeddable":true,"href":"https:\/\/lajes.rn.gov.br\/transparente\/index\/wp-json\/wp\/v2\/categories?post=38670"},{"taxonomy":"post_tag","embeddable":true,"href":"https:\/\/lajes.rn.gov.br\/transparente\/index\/wp-json\/wp\/v2\/tags?post=38670"}],"curies":[{"name":"wp","href":"https:\/\/api.w.org\/{rel}","templated":true}]}}