{"id":38548,"date":"2025-08-06T12:19:28","date_gmt":"2025-08-06T15:19:28","guid":{"rendered":"https:\/\/lajes.rn.gov.br\/transparente\/index\/?p=38548"},"modified":"2025-08-18T12:20:34","modified_gmt":"2025-08-18T15:20:34","slug":"notificacao-extrajudicial-no-010-2025","status":"publish","type":"post","link":"https:\/\/lajes.rn.gov.br\/transparente\/index\/notificacao-extrajudicial-no-010-2025\/","title":{"rendered":"NOTIFICA\u00c7\u00c3O EXTRAJUDICIAL N\u00ba 010\/2025"},"content":{"rendered":"<div id=\"separador\" class=\"cabecalhoEstadoSeparador cabecalhoEstadoSeparador1\">\n<p style=\"text-align: center;\"><strong>ESTADO DO RIO GRANDE DO NORTE<\/strong><br \/>\n<strong>PREFEITURA MUNICIPAL DE LAJES<\/strong><\/p>\n<\/div>\n<p class=\"cabecaorgao\" style=\"text-align: center;\"><strong>GABINETE DO PREFEITO<\/strong><\/p>\n<hr \/>\n<div id=\"materia\" class=\"materia materia20091123 materia1\">\n<p><strong>NOTIFICA\u00c7\u00c3O EXTRAJUDICIAL N\u00ba 010\/2025<\/strong><\/p>\n<div class=\"mat\">Referente ao Processo de Despesa n\u00ba 934\/2025<\/div>\n<p>Ordem de Compra emitida em: 23\/07\/2025<\/p>\n<p>Notificante: Munic\u00edpio de Lajes\/RN, por meio da Secretaria Municipal de Sa\u00fade<\/p>\n<p>CNPJ: 08.113.466\/0001-05<\/p>\n<p>&nbsp;<\/p>\n<p>Endere\u00e7o: Rua Ramiro Pereira da Silva, n\u00ba 17 \u2013 Centro \u2013 CEP: 59535-000 \u2013 Lajes\/RN<\/p>\n<p>Notificada: AMB DISTRIBUIDORA DE MEDICAMENTO E MATERIAIS HOSPITALARES LTDA<\/p>\n<p>CNPJ: 37.885.137\/0001-80<\/p>\n<p>Endere\u00e7o: Av. Brasil, n\u00ba 1351, Vila Salome \u2013 Camb\u00e9\/PR \u2013 CEP: 86192-000<\/p>\n<p>E-mail: adm.ambcambe@gmail.com<\/p>\n<p>Representante Legal: Alessandro Mori do Couto \u2013 CPF: 062.693.279-38<\/p>\n<p>&nbsp;<\/p>\n<p>Prezado Senhor,<\/p>\n<p>Pelo presente instrumento, o Munic\u00edpio de Lajes\/RN, por meio da Secretaria Municipal de Sa\u00fade, na qualidade de \u00f3rg\u00e3o gerenciador da Ata de Registro de Pre\u00e7os n\u00ba 023\/2025, resultante do Preg\u00e3o Eletr\u00f4nico n\u00ba 012\/2025 e do Processo Administrativo n\u00ba 381\/2025, vem, com base no disposto na Lei Federal n\u00ba 14.133\/2021 e demais normativos pertinentes, NOTIFICAR formalmente a empresa AMB DISTRIBUIDORA DE MEDICAMENTOS E MATERIAIS HOSPITALARES LTDA acerca do cumprimento das obriga\u00e7\u00f5es assumidas.<\/p>\n<p>Conforme registro vigente, foi emitida Ordem de Compra em 23 de julho de 2025, vinculada ao Processo de Despesa n\u00ba 934\/2025, com fundamento nos itens contratados na referida Ata, especialmente no tocante \u00e0 aquisi\u00e7\u00e3o de:<\/p>\n<p>Cilindros Met\u00e1licos de Oxig\u00eanio Medicinal (10L) \u2013 Quantidade: 5 unidades \u2013 Valor total: R$ 7.000,00<\/p>\n<p>Seladora com pedal para papel grau cir\u00fargico \u2013 Quantidade: 1 unidade \u2013 Valor total: R$ 1.200,00<\/p>\n<p>Diante do exposto, solicitamos resposta imediata sobre o cronograma de entrega e cumprimento contratual, uma vez que n\u00e3o houve confirma\u00e7\u00e3o do fornecimento at\u00e9 a presente data, o que pode caracterizar descumprimento das cl\u00e1usulas pactuadas na Ata de Registro de Pre\u00e7os e no Termo de Refer\u00eancia vinculado.<\/p>\n<p>&nbsp;<\/p>\n<p>Caso a entrega n\u00e3o tenha sido realizada por motivos de for\u00e7a maior ou impeditivos justificados, a empresa dever\u00e1 apresentar formalmente justificativa fundamentada no prazo m\u00e1ximo de 3 (tr\u00eas) dias \u00fateis, contados do recebimento desta notifica\u00e7\u00e3o.<\/p>\n<p>&nbsp;<\/p>\n<p>O n\u00e3o atendimento ou o descumprimento sem justificativa plaus\u00edvel poder\u00e1 ensejar a ado\u00e7\u00e3o das medidas legais cab\u00edveis, incluindo o cancelamento do registro de pre\u00e7os, aplica\u00e7\u00e3o de san\u00e7\u00f5es administrativas, e eventual comunica\u00e7\u00e3o aos \u00f3rg\u00e3os de controle e \u00e0 plataforma PNCP, conforme os termos dos itens 9 e 10 da Ata supracitada.<\/p>\n<p>&nbsp;<\/p>\n<p>Sem mais para o momento, renovamos nossos votos de considera\u00e7\u00e3o e permanecemos \u00e0 disposi\u00e7\u00e3o para esclarecimentos adicionais.<\/p>\n<p>&nbsp;<\/p>\n<p>Atenciosamente,<\/p>\n<p>06\/08\/2025<\/p>\n<p>&nbsp;<\/p>\n<p>&nbsp;<\/p>\n<p><b><i>ELYELTON RAYELLISON FIRMINO PESSOA<\/i><\/b><\/p>\n<p><b><i><\/i><\/b>&nbsp;<\/p>\n<p>Gestor de Contratos<\/p>\n<p>Prefeitura Municipal de Lajes<\/p>\n<div align=\"right\">\n<b>Publicado por:<\/b><br \/>\nRafael Anderson de Ara\u00fajo Silva<br \/>\n<b>C\u00f3digo Identificador:<\/b>B1E41A6B<\/div>\n<p>&nbsp;<\/p>\n<hr \/>\n<p>Mat\u00e9ria publicada no Di\u00e1rio Oficial dos Munic\u00edpios do Estado do Rio Grande do Norte no dia 07\/08\/2025. Edi\u00e7\u00e3o 3597<br \/>\nA verifica\u00e7\u00e3o de autenticidade da mat\u00e9ria pode ser feita informando o c\u00f3digo identificador no site:<br \/>\nhttps:\/\/www.diariomunicipal.com.br\/femurn\/<\/p><\/div>\n<div class=\"pdfprnt-buttons pdfprnt-buttons-post pdfprnt-bottom-right\"><a href=\"https:\/\/lajes.rn.gov.br\/transparente\/index\/wp-json\/wp\/v2\/posts\/38548?print=pdf\" class=\"pdfprnt-button pdfprnt-button-pdf\" target=\"_blank\" ><img decoding=\"async\" src=\"https:\/\/lajes.rn.gov.br\/transparente\/index\/wp-content\/plugins\/pdf-print\/images\/pdf.png\" alt=\"image_pdf\" title=\"Ver PDF\" \/><\/a><a href=\"https:\/\/lajes.rn.gov.br\/transparente\/index\/wp-json\/wp\/v2\/posts\/38548?print=print\" class=\"pdfprnt-button pdfprnt-button-print\" target=\"_blank\" ><img decoding=\"async\" src=\"https:\/\/lajes.rn.gov.br\/transparente\/index\/wp-content\/plugins\/pdf-print\/images\/print.png\" alt=\"image_print\" title=\"Conte\u00fado de impress\u00e3o\" \/><\/a><\/div>","protected":false},"excerpt":{"rendered":"<p>ESTADO DO RIO GRANDE DO NORTE PREFEITURA MUNICIPAL DE LAJES GABINETE DO PREFEITO NOTIFICA\u00c7\u00c3O EXTRAJUDICIAL N\u00ba 010\/2025 Referente ao Processo de Despesa n\u00ba 934\/2025 Ordem de Compra emitida em: 23\/07\/2025 Notificante: Munic\u00edpio de Lajes\/RN, por meio da Secretaria Municipal de Sa\u00fade CNPJ: 08.113.466\/0001-05 &nbsp; Endere\u00e7o: Rua Ramiro Pereira da Silva, n\u00ba 17 \u2013 Centro \u2013 [&hellip;]<\/p>\n","protected":false},"author":3,"featured_media":0,"comment_status":"closed","ping_status":"closed","sticky":false,"template":"","format":"standard","meta":{"ocean_post_layout":"","ocean_both_sidebars_style":"","ocean_both_sidebars_content_width":0,"ocean_both_sidebars_sidebars_width":0,"ocean_sidebar":"0","ocean_second_sidebar":"0","ocean_disable_margins":"enable","ocean_add_body_class":"","ocean_shortcode_before_top_bar":"","ocean_shortcode_after_top_bar":"","ocean_shortcode_before_header":"","ocean_shortcode_after_header":"","ocean_has_shortcode":"","ocean_shortcode_after_title":"","ocean_shortcode_before_footer_widgets":"","ocean_shortcode_after_footer_widgets":"","ocean_shortcode_before_footer_bottom":"","ocean_shortcode_after_footer_bottom":"","ocean_display_top_bar":"default","ocean_display_header":"default","ocean_header_style":"","ocean_center_header_left_menu":"0","ocean_custom_header_template":"0","ocean_custom_logo":0,"ocean_custom_retina_logo":0,"ocean_custom_logo_max_width":0,"ocean_custom_logo_tablet_max_width":0,"ocean_custom_logo_mobile_max_width":0,"ocean_custom_logo_max_height":0,"ocean_custom_logo_tablet_max_height":0,"ocean_custom_logo_mobile_max_height":0,"ocean_header_custom_menu":"0","ocean_menu_typo_font_family":"0","ocean_menu_typo_font_subset":"","ocean_menu_typo_font_size":0,"ocean_menu_typo_font_size_tablet":0,"ocean_menu_typo_font_size_mobile":0,"ocean_menu_typo_font_size_unit":"px","ocean_menu_typo_font_weight":"","ocean_menu_typo_font_weight_tablet":"","ocean_menu_typo_font_weight_mobile":"","ocean_menu_typo_transform":"","ocean_menu_typo_transform_tablet":"","ocean_menu_typo_transform_mobile":"","ocean_menu_typo_line_height":0,"ocean_menu_typo_line_height_tablet":0,"ocean_menu_typo_line_height_mobile":0,"ocean_menu_typo_line_height_unit":"","ocean_menu_typo_spacing":0,"ocean_menu_typo_spacing_tablet":0,"ocean_menu_typo_spacing_mobile":0,"ocean_menu_typo_spacing_unit":"","ocean_menu_link_color":"","ocean_menu_link_color_hover":"","ocean_menu_link_color_active":"","ocean_menu_link_background":"","ocean_menu_link_hover_background":"","ocean_menu_link_active_background":"","ocean_menu_social_links_bg":"","ocean_menu_social_hover_links_bg":"","ocean_menu_social_links_color":"","ocean_menu_social_hover_links_color":"","ocean_disable_title":"default","ocean_disable_heading":"default","ocean_post_title":"","ocean_post_subheading":"","ocean_post_title_style":"","ocean_post_title_background_color":"","ocean_post_title_background":0,"ocean_post_title_bg_image_position":"","ocean_post_title_bg_image_attachment":"","ocean_post_title_bg_image_repeat":"","ocean_post_title_bg_image_size":"","ocean_post_title_height":0,"ocean_post_title_bg_overlay":0.5,"ocean_post_title_bg_overlay_color":"","ocean_disable_breadcrumbs":"default","ocean_breadcrumbs_color":"","ocean_breadcrumbs_separator_color":"","ocean_breadcrumbs_links_color":"","ocean_breadcrumbs_links_hover_color":"","ocean_display_footer_widgets":"default","ocean_display_footer_bottom":"default","ocean_custom_footer_template":"0","ocean_post_oembed":"","ocean_post_self_hosted_media":"","ocean_post_video_embed":"","ocean_link_format":"","ocean_link_format_target":"self","ocean_quote_format":"","ocean_quote_format_link":"post","ocean_gallery_link_images":"on","ocean_gallery_id":[],"footnotes":""},"categories":[3,190],"tags":[],"class_list":["post-38548","post","type-post","status-publish","format-standard","hentry","category-licitacao","category-notificacao","entry"],"_links":{"self":[{"href":"https:\/\/lajes.rn.gov.br\/transparente\/index\/wp-json\/wp\/v2\/posts\/38548","targetHints":{"allow":["GET"]}}],"collection":[{"href":"https:\/\/lajes.rn.gov.br\/transparente\/index\/wp-json\/wp\/v2\/posts"}],"about":[{"href":"https:\/\/lajes.rn.gov.br\/transparente\/index\/wp-json\/wp\/v2\/types\/post"}],"author":[{"embeddable":true,"href":"https:\/\/lajes.rn.gov.br\/transparente\/index\/wp-json\/wp\/v2\/users\/3"}],"replies":[{"embeddable":true,"href":"https:\/\/lajes.rn.gov.br\/transparente\/index\/wp-json\/wp\/v2\/comments?post=38548"}],"version-history":[{"count":1,"href":"https:\/\/lajes.rn.gov.br\/transparente\/index\/wp-json\/wp\/v2\/posts\/38548\/revisions"}],"predecessor-version":[{"id":38549,"href":"https:\/\/lajes.rn.gov.br\/transparente\/index\/wp-json\/wp\/v2\/posts\/38548\/revisions\/38549"}],"wp:attachment":[{"href":"https:\/\/lajes.rn.gov.br\/transparente\/index\/wp-json\/wp\/v2\/media?parent=38548"}],"wp:term":[{"taxonomy":"category","embeddable":true,"href":"https:\/\/lajes.rn.gov.br\/transparente\/index\/wp-json\/wp\/v2\/categories?post=38548"},{"taxonomy":"post_tag","embeddable":true,"href":"https:\/\/lajes.rn.gov.br\/transparente\/index\/wp-json\/wp\/v2\/tags?post=38548"}],"curies":[{"name":"wp","href":"https:\/\/api.w.org\/{rel}","templated":true}]}}