{"id":38041,"date":"2025-07-01T18:29:26","date_gmt":"2025-07-01T21:29:26","guid":{"rendered":"https:\/\/lajes.rn.gov.br\/transparente\/index\/?p=38041"},"modified":"2025-07-08T18:30:10","modified_gmt":"2025-07-08T21:30:10","slug":"resolucao-cmas-no-001-2025-convoca-a-13a-conferencia-municipal-de-assistencia-social-e-cria-comissao-para-organizacao","status":"publish","type":"post","link":"https:\/\/lajes.rn.gov.br\/transparente\/index\/resolucao-cmas-no-001-2025-convoca-a-13a-conferencia-municipal-de-assistencia-social-e-cria-comissao-para-organizacao\/","title":{"rendered":"RESOLU\u00c7\u00c3O CMAS N\u00ba 001\/2025 &#8211; Convoca a 13\u00aa Confer\u00eancia Municipal de Assist\u00eancia Social e cria Comiss\u00e3o para Organiza\u00e7\u00e3o."},"content":{"rendered":"<div id=\"separador\" class=\"cabecalhoEstadoSeparador cabecalhoEstadoSeparador1\">\n<p style=\"text-align: center;\"><strong>ESTADO DO RIO GRANDE DO NORTE<\/strong><br \/>\n<strong>PREFEITURA MUNICIPAL DE LAJES<\/strong><\/p>\n<\/div>\n<p class=\"cabecaorgao\" style=\"text-align: center;\"><strong>GABINETE DO PREFEITO<\/strong><\/p>\n<hr \/>\n<div id=\"materia\" class=\"materia materia20091123 materia1\">\n<p>RESOLU\u00c7\u00c3O CMAS N\u00ba 001\/2025<\/p>\n<div class=\"mat\"><\/div>\n<p>Convoca a 13\u00aa Confer\u00eancia Municipal de Assist\u00eancia Social e cria Comiss\u00e3o para Organiza\u00e7\u00e3o.<\/p>\n<p>&nbsp;<\/p>\n<p><b>O CONSELHO MUNICIPAL DE ASSIST\u00caNCIA SOCIAL DE LAJES\/RN,<\/b>\u00a0reunido no dia 01 de julho de 2025, no uso das atribui\u00e7\u00f5es que lhes s\u00e3o conferidas pela Lei Municipal n\u00ba 849\/2019.<\/p>\n<p>&nbsp;<\/p>\n<p>Considerando a Resolu\u00e7\u00e3o CNAS n\u00ba 174\/2024 que disp\u00f5e sobre a convoca\u00e7\u00e3o ordin\u00e1ria da 14\u00aa Confer\u00eancia Nacional de Assist\u00eancia Social,<\/p>\n<p>Considerando o inciso VI do artigo 18 da Lei Federal n\u00ba 8.742\/1993,<\/p>\n<p>Considerando que as confer\u00eancias de assist\u00eancia social s\u00e3o inst\u00e2ncias deliberativas, com a atribui\u00e7\u00e3o de avaliar a pol\u00edtica de assist\u00eancia social e definir diretrizes para o aprimoramento do SUAS, ocorrendo no \u00e2mbito dos munic\u00edpios, dos estados, do Distrito Federal e da Uni\u00e3o,<\/p>\n<p>&nbsp;<\/p>\n<p><b>RESOLVE:<\/b><\/p>\n<p><b>Art. 1\u00ba.<\/b>\u00a0<b>Convoca<\/b>r e definir a data de 09 de julho de 2025 para a realiza\u00e7\u00e3o da\u00a0<b>13\u00aa Confer\u00eancia Municipal de Assist\u00eancia Social,<\/b>\u00a0com o tema:\u00a0<b><i>\u201c20 anos do SUAS: constru\u00e7\u00e3o, prote\u00e7\u00e3o social e resist\u00eancia<\/i><\/b><i>\u201d.<\/i><\/p>\n<p><b>Art. 2\u00ba.<\/b>\u00a0Constituir a Comiss\u00e3o Organizadora da 13\u00aa Confer\u00eancia Municipal de Assist\u00eancia Social.<\/p>\n<p>\u00a71\u00ba A Comiss\u00e3o Organizadora ser\u00e1 formada pelos seguintes Conselheiros:<\/p>\n<p>I \u2013 Maria Liete de Farias;<\/p>\n<p>II \u2013 Micarla Almeida da Silva;<\/p>\n<p>\u00a72\u00ba Caber\u00e1 ao \u00d3rg\u00e3o Gestor Municipal de Assist\u00eancia Social designar 02 (dois) t\u00e9cnicos para dar apoio log\u00edstico, operacional e administrativo \u00e0s a\u00e7\u00f5es deste Colegiado.<\/p>\n<p>&nbsp;<\/p>\n<p><b>Art. 3\u00ba<\/b>\u00a0Esta Resolu\u00e7\u00e3o entrar\u00e1 em vigor na data de sua publica\u00e7\u00e3o.<\/p>\n<p>&nbsp;<\/p>\n<p>Lajes\/RN, 01 de julho de 2025.<\/p>\n<p>&nbsp;<\/p>\n<p>&nbsp;<\/p>\n<p><b><i>RAFAELLA JULIANA DE SOUZA ALVES<\/i><\/b><\/p>\n<p><b><i><\/i><\/b>&nbsp;<\/p>\n<p>Presidente do CMAS<\/p>\n<div align=\"right\">\n<b>Publicado por:<\/b><br \/>\nIcaro Lucas Martins<br \/>\n<b>C\u00f3digo Identificador:<\/b>7261E1DF<\/div>\n<p>&nbsp;<\/p>\n<hr \/>\n<p>Mat\u00e9ria publicada no Di\u00e1rio Oficial dos Munic\u00edpios do Estado do Rio Grande do Norte no dia 07\/07\/2025. Edi\u00e7\u00e3o 3574<br \/>\nA verifica\u00e7\u00e3o de autenticidade da mat\u00e9ria pode ser feita informando o c\u00f3digo identificador no site:<br \/>\nhttps:\/\/www.diariomunicipal.com.br\/femurn\/<\/p><\/div>\n<div class=\"pdfprnt-buttons pdfprnt-buttons-post pdfprnt-bottom-right\"><a href=\"https:\/\/lajes.rn.gov.br\/transparente\/index\/wp-json\/wp\/v2\/posts\/38041?print=pdf\" class=\"pdfprnt-button pdfprnt-button-pdf\" target=\"_blank\" ><img decoding=\"async\" src=\"https:\/\/lajes.rn.gov.br\/transparente\/index\/wp-content\/plugins\/pdf-print\/images\/pdf.png\" alt=\"image_pdf\" title=\"Ver PDF\" \/><\/a><a href=\"https:\/\/lajes.rn.gov.br\/transparente\/index\/wp-json\/wp\/v2\/posts\/38041?print=print\" class=\"pdfprnt-button pdfprnt-button-print\" target=\"_blank\" ><img decoding=\"async\" src=\"https:\/\/lajes.rn.gov.br\/transparente\/index\/wp-content\/plugins\/pdf-print\/images\/print.png\" alt=\"image_print\" title=\"Conte\u00fado de impress\u00e3o\" \/><\/a><\/div>","protected":false},"excerpt":{"rendered":"<p>ESTADO DO RIO GRANDE DO NORTE PREFEITURA MUNICIPAL DE LAJES GABINETE DO PREFEITO RESOLU\u00c7\u00c3O CMAS N\u00ba 001\/2025 Convoca a 13\u00aa Confer\u00eancia Municipal de Assist\u00eancia Social e cria Comiss\u00e3o para Organiza\u00e7\u00e3o. &nbsp; O CONSELHO MUNICIPAL DE ASSIST\u00caNCIA SOCIAL DE LAJES\/RN,\u00a0reunido no dia 01 de julho de 2025, no uso das atribui\u00e7\u00f5es que lhes s\u00e3o conferidas pela [&hellip;]<\/p>\n","protected":false},"author":3,"featured_media":0,"comment_status":"closed","ping_status":"closed","sticky":false,"template":"","format":"standard","meta":{"ocean_post_layout":"","ocean_both_sidebars_style":"","ocean_both_sidebars_content_width":0,"ocean_both_sidebars_sidebars_width":0,"ocean_sidebar":"0","ocean_second_sidebar":"0","ocean_disable_margins":"enable","ocean_add_body_class":"","ocean_shortcode_before_top_bar":"","ocean_shortcode_after_top_bar":"","ocean_shortcode_before_header":"","ocean_shortcode_after_header":"","ocean_has_shortcode":"","ocean_shortcode_after_title":"","ocean_shortcode_before_footer_widgets":"","ocean_shortcode_after_footer_widgets":"","ocean_shortcode_before_footer_bottom":"","ocean_shortcode_after_footer_bottom":"","ocean_display_top_bar":"default","ocean_display_header":"default","ocean_header_style":"","ocean_center_header_left_menu":"0","ocean_custom_header_template":"0","ocean_custom_logo":0,"ocean_custom_retina_logo":0,"ocean_custom_logo_max_width":0,"ocean_custom_logo_tablet_max_width":0,"ocean_custom_logo_mobile_max_width":0,"ocean_custom_logo_max_height":0,"ocean_custom_logo_tablet_max_height":0,"ocean_custom_logo_mobile_max_height":0,"ocean_header_custom_menu":"0","ocean_menu_typo_font_family":"0","ocean_menu_typo_font_subset":"","ocean_menu_typo_font_size":0,"ocean_menu_typo_font_size_tablet":0,"ocean_menu_typo_font_size_mobile":0,"ocean_menu_typo_font_size_unit":"px","ocean_menu_typo_font_weight":"","ocean_menu_typo_font_weight_tablet":"","ocean_menu_typo_font_weight_mobile":"","ocean_menu_typo_transform":"","ocean_menu_typo_transform_tablet":"","ocean_menu_typo_transform_mobile":"","ocean_menu_typo_line_height":0,"ocean_menu_typo_line_height_tablet":0,"ocean_menu_typo_line_height_mobile":0,"ocean_menu_typo_line_height_unit":"","ocean_menu_typo_spacing":0,"ocean_menu_typo_spacing_tablet":0,"ocean_menu_typo_spacing_mobile":0,"ocean_menu_typo_spacing_unit":"","ocean_menu_link_color":"","ocean_menu_link_color_hover":"","ocean_menu_link_color_active":"","ocean_menu_link_background":"","ocean_menu_link_hover_background":"","ocean_menu_link_active_background":"","ocean_menu_social_links_bg":"","ocean_menu_social_hover_links_bg":"","ocean_menu_social_links_color":"","ocean_menu_social_hover_links_color":"","ocean_disable_title":"default","ocean_disable_heading":"default","ocean_post_title":"","ocean_post_subheading":"","ocean_post_title_style":"","ocean_post_title_background_color":"","ocean_post_title_background":0,"ocean_post_title_bg_image_position":"","ocean_post_title_bg_image_attachment":"","ocean_post_title_bg_image_repeat":"","ocean_post_title_bg_image_size":"","ocean_post_title_height":0,"ocean_post_title_bg_overlay":0.5,"ocean_post_title_bg_overlay_color":"","ocean_disable_breadcrumbs":"default","ocean_breadcrumbs_color":"","ocean_breadcrumbs_separator_color":"","ocean_breadcrumbs_links_color":"","ocean_breadcrumbs_links_hover_color":"","ocean_display_footer_widgets":"default","ocean_display_footer_bottom":"default","ocean_custom_footer_template":"0","ocean_post_oembed":"","ocean_post_self_hosted_media":"","ocean_post_video_embed":"","ocean_link_format":"","ocean_link_format_target":"self","ocean_quote_format":"","ocean_quote_format_link":"post","ocean_gallery_link_images":"on","ocean_gallery_id":[],"footnotes":""},"categories":[2,72],"tags":[],"class_list":["post-38041","post","type-post","status-publish","format-standard","hentry","category-legislacao","category-resolucoes","entry"],"_links":{"self":[{"href":"https:\/\/lajes.rn.gov.br\/transparente\/index\/wp-json\/wp\/v2\/posts\/38041","targetHints":{"allow":["GET"]}}],"collection":[{"href":"https:\/\/lajes.rn.gov.br\/transparente\/index\/wp-json\/wp\/v2\/posts"}],"about":[{"href":"https:\/\/lajes.rn.gov.br\/transparente\/index\/wp-json\/wp\/v2\/types\/post"}],"author":[{"embeddable":true,"href":"https:\/\/lajes.rn.gov.br\/transparente\/index\/wp-json\/wp\/v2\/users\/3"}],"replies":[{"embeddable":true,"href":"https:\/\/lajes.rn.gov.br\/transparente\/index\/wp-json\/wp\/v2\/comments?post=38041"}],"version-history":[{"count":1,"href":"https:\/\/lajes.rn.gov.br\/transparente\/index\/wp-json\/wp\/v2\/posts\/38041\/revisions"}],"predecessor-version":[{"id":38042,"href":"https:\/\/lajes.rn.gov.br\/transparente\/index\/wp-json\/wp\/v2\/posts\/38041\/revisions\/38042"}],"wp:attachment":[{"href":"https:\/\/lajes.rn.gov.br\/transparente\/index\/wp-json\/wp\/v2\/media?parent=38041"}],"wp:term":[{"taxonomy":"category","embeddable":true,"href":"https:\/\/lajes.rn.gov.br\/transparente\/index\/wp-json\/wp\/v2\/categories?post=38041"},{"taxonomy":"post_tag","embeddable":true,"href":"https:\/\/lajes.rn.gov.br\/transparente\/index\/wp-json\/wp\/v2\/tags?post=38041"}],"curies":[{"name":"wp","href":"https:\/\/api.w.org\/{rel}","templated":true}]}}