{"id":37950,"date":"2025-06-23T13:37:54","date_gmt":"2025-06-23T16:37:54","guid":{"rendered":"https:\/\/lajes.rn.gov.br\/transparente\/index\/?p=37950"},"modified":"2025-06-30T13:38:46","modified_gmt":"2025-06-30T16:38:46","slug":"notificacao-extrajudicial-no-001-2025","status":"publish","type":"post","link":"https:\/\/lajes.rn.gov.br\/transparente\/index\/notificacao-extrajudicial-no-001-2025\/","title":{"rendered":"NOTIFICA\u00c7\u00c3O EXTRAJUDICIAL N\u00ba 001\/2025"},"content":{"rendered":"<div id=\"separador\" class=\"cabecalhoEstadoSeparador cabecalhoEstadoSeparador1\">\n<p style=\"text-align: center;\"><strong>ESTADO DO RIO GRANDE DO NORTE<\/strong><br \/>\n<strong>PREFEITURA MUNICIPAL DE LAJES<\/strong><\/p>\n<\/div>\n<p class=\"cabecaorgao\" style=\"text-align: center;\"><strong>PREVLAJES<\/strong><\/p>\n<hr \/>\n<div id=\"materia\" class=\"materia materia20091123 materia1\">\n<p>NOTIFICA\u00c7\u00c3O EXTRAJUDICIAL N\u00ba 001\/2025<\/p>\n<div class=\"mat\"><\/div>\n<p>\u2022 Solicita\u00e7\u00e3o de despesa n\u00ba 41\/2025<\/p>\n<p>\u2022 Dispensa de Licita\u00e7\u00e3o n\u00ba 02\/2025<\/p>\n<p>&nbsp;<\/p>\n<p>\u2022 Objeto:\u00a0<b>AQUISI\u00c7\u00c3O DE M\u00d3VEIS MOBILI\u00c1RIOS PARA ATENDER \u00c0S NECESSIDADES DO FUNDO DA PREVID\u00caNCIA DO MUNIC\u00cdPIO DE LAJES\/RN, VISANDO A MELHORIA DA INFRAESTRUTURA E ATENDIMENTO AO P\u00daBLICO.<\/b><\/p>\n<p>&nbsp;<\/p>\n<p>Notificante:\u00a0<b>FUNDO DE PREVID\u00caNCIA SOCIAL DO MUNIC\u00cdPIO DE LAJES\/RN<\/b>, inscrito no CNPJ n\u00ba 17.603.261\/0001-07.<\/p>\n<p>&nbsp;<\/p>\n<p>Notificada:\u00a0<b>ALEXANDRE R BARBOSA DA SILVA ME<\/b>, inscrita no CNPJ\/MF sob o n\u00ba 40.295.063\/0001-37, estabelecida \u00e0 Rua Dois, n\u00ba 25, Loja 02 A, Maranguape I, Paulista\/PE &#8211; CEP: 53.444 &#8211; 380, neste ato representada pelo Sr.,\u00a0<b>ALEXANDRE RODRIGUES BARBOSA DA SILVA\u00a0<\/b>CPF n\u00ba XXX.893.XXX-04, RG n\u00ba XXX.449.XXX \u2013 MEX\/PE.<\/p>\n<p>&nbsp;<\/p>\n<p>OBJETO DA NOTIFICA\u00c7\u00c3O:<\/p>\n<p>Notificar a empresa sobre o descumprimento contratual referente \u00e0 n\u00e3o entrega dos m\u00f3veis adquiridos por meio da Dispensa de Licita\u00e7\u00e3o n\u00ba 02\/2025, solicitando a regulariza\u00e7\u00e3o imediata da obriga\u00e7\u00e3o assumida, sob pena de ado\u00e7\u00e3o das medidas cab\u00edveis.<\/p>\n<p>&nbsp;<\/p>\n<p><b>O FUNDO DE PREVID\u00caNCIA SOCIAL DO MUNIC\u00cdPIO DE LAJES\/RN<\/b>, por meio de sua Diretora Executiva infra-assinada, vem, por meio desta, formalmente\u00a0<b>NOTIFICAR<\/b>\u00a0a empresa acima qualificada acerca do descumprimento do prazo de execu\u00e7\u00e3o contratual, conforme previsto no item 5.1 do Termo de Refer\u00eancia da Dispensa de Licita\u00e7\u00e3o n\u00ba 02\/2025, que estabelece o in\u00edcio da execu\u00e7\u00e3o no prazo m\u00e1ximo de 10 (dez) dias \u00fateis, contados a partir da emiss\u00e3o da ordem de servi\u00e7o.<\/p>\n<p>A Ordem de Servi\u00e7o n\u00ba 01\/2025, do Fundo de Previd\u00eancia Social do Munic\u00edpio de Lajes\/RN, foi emitida em 15 de maio de 2025 e, at\u00e9 a presente data, n\u00e3o houve a entrega dos m\u00f3veis mobili\u00e1rios, o que tem prejudicado o funcionamento das atividades do setor.<\/p>\n<p>Diante do exposto, o Fundo de Previd\u00eancia Social do Munic\u00edpio de Lajes, com fundamento nos arts. 156 a 159 da Lei Federal n\u00ba 14.133\/2021, bem como nas cl\u00e1usulas contratuais e no edital supracitado,\u00a0<b>NOTIFICA<\/b>\u00a0a empresa\u00a0<b>ALEXANDRE R BARBOSA DA SILVA ME<\/b>\u00a0para que, no prazo de 5 (cinco) dias \u00fateis a contar do recebimento desta notifica\u00e7\u00e3o, apresente:<\/p>\n<p>&nbsp;<\/p>\n<p>\u2022 Justificativa formal sobre o n\u00e3o cumprimento do prazo;<\/p>\n<p>\u2022 Informa\u00e7\u00f5es quanto \u00e0 previs\u00e3o de regulariza\u00e7\u00e3o da entrega dos m\u00f3veis mobili\u00e1rios;<\/p>\n<p>\u2022 Ou documenta\u00e7\u00e3o comprobat\u00f3ria de eventual impossibilidade devidamente fundamentada.<\/p>\n<p>&nbsp;<\/p>\n<p>O n\u00e3o atendimento no prazo fixado ou o envio de justificativa insatisfat\u00f3ria poder\u00e1 ensejar a aplica\u00e7\u00e3o das san\u00e7\u00f5es administrativas cab\u00edveis, previstas na legisla\u00e7\u00e3o vigente, incluindo:<\/p>\n<p>a) Advert\u00eancia formal;<\/p>\n<p>b) Multa proporcional ao preju\u00edzo causado;<\/p>\n<p>c) Impedimento de licitar e contratar com a Administra\u00e7\u00e3o P\u00fablica pelo prazo de at\u00e9 3 (tr\u00eas) anos (art. 156, III da Lei n\u00ba 14.133\/2021);<\/p>\n<p>d) Declara\u00e7\u00e3o de inidoneidade para licitar e contratar com o poder p\u00fablico (art. 156, IV da Lei n\u00ba 14.133\/2021);<\/p>\n<p>e) Cancelamento unilateral do contrato, conforme art. 137 da referida lei.<\/p>\n<p>Por fim, esta notifica\u00e7\u00e3o visa resguardar os direitos da Administra\u00e7\u00e3o P\u00fablica e garantir a regularidade da contrata\u00e7\u00e3o, assegurando \u00e0 empresa o direito ao contradit\u00f3rio e \u00e0 ampla defesa, conforme previsto em lei.<\/p>\n<p>Sem mais para o momento, renovamos protestos de considera\u00e7\u00e3o.<\/p>\n<p>&nbsp;<\/p>\n<p>Lajes\/RN, 23 de junho de 2025.<\/p>\n<p>&nbsp;<\/p>\n<p>&nbsp;<\/p>\n<p><b><i>FRANCISCA REJANE DA SILVA MOREIRA<\/i><\/b><\/p>\n<p><b><i><\/i><\/b>&nbsp;<\/p>\n<p>Diretora Executiva do Fundo de Previd\u00eancia Social de Lajes\/RN<\/p>\n<div align=\"right\">\n<b>Publicado por:<\/b><br \/>\nFrancisca Rejane da Silva Moreira<br \/>\n<b>C\u00f3digo Identificador:<\/b>08075B02<\/div>\n<p>&nbsp;<\/p>\n<hr \/>\n<p>Mat\u00e9ria publicada no Di\u00e1rio Oficial dos Munic\u00edpios do Estado do Rio Grande do Norte no dia 24\/06\/2025. Edi\u00e7\u00e3o 3565<br \/>\nA verifica\u00e7\u00e3o de autenticidade da mat\u00e9ria pode ser feita informando o c\u00f3digo identificador no site:<br \/>\nhttps:\/\/www.diariomunicipal.com.br\/femurn\/<\/p><\/div>\n<div class=\"pdfprnt-buttons pdfprnt-buttons-post pdfprnt-bottom-right\"><a href=\"https:\/\/lajes.rn.gov.br\/transparente\/index\/wp-json\/wp\/v2\/posts\/37950?print=pdf\" class=\"pdfprnt-button pdfprnt-button-pdf\" target=\"_blank\" ><img decoding=\"async\" src=\"https:\/\/lajes.rn.gov.br\/transparente\/index\/wp-content\/plugins\/pdf-print\/images\/pdf.png\" alt=\"image_pdf\" title=\"Ver PDF\" \/><\/a><a href=\"https:\/\/lajes.rn.gov.br\/transparente\/index\/wp-json\/wp\/v2\/posts\/37950?print=print\" class=\"pdfprnt-button pdfprnt-button-print\" target=\"_blank\" ><img decoding=\"async\" src=\"https:\/\/lajes.rn.gov.br\/transparente\/index\/wp-content\/plugins\/pdf-print\/images\/print.png\" alt=\"image_print\" title=\"Conte\u00fado de impress\u00e3o\" \/><\/a><\/div>","protected":false},"excerpt":{"rendered":"<p>ESTADO DO RIO GRANDE DO NORTE PREFEITURA MUNICIPAL DE LAJES PREVLAJES NOTIFICA\u00c7\u00c3O EXTRAJUDICIAL N\u00ba 001\/2025 \u2022 Solicita\u00e7\u00e3o de despesa n\u00ba 41\/2025 \u2022 Dispensa de Licita\u00e7\u00e3o n\u00ba 02\/2025 &nbsp; \u2022 Objeto:\u00a0AQUISI\u00c7\u00c3O DE M\u00d3VEIS MOBILI\u00c1RIOS PARA ATENDER \u00c0S NECESSIDADES DO FUNDO DA PREVID\u00caNCIA DO MUNIC\u00cdPIO DE LAJES\/RN, VISANDO A MELHORIA DA INFRAESTRUTURA E ATENDIMENTO AO P\u00daBLICO. &nbsp; [&hellip;]<\/p>\n","protected":false},"author":3,"featured_media":0,"comment_status":"closed","ping_status":"closed","sticky":false,"template":"","format":"standard","meta":{"ocean_post_layout":"","ocean_both_sidebars_style":"","ocean_both_sidebars_content_width":0,"ocean_both_sidebars_sidebars_width":0,"ocean_sidebar":"0","ocean_second_sidebar":"0","ocean_disable_margins":"enable","ocean_add_body_class":"","ocean_shortcode_before_top_bar":"","ocean_shortcode_after_top_bar":"","ocean_shortcode_before_header":"","ocean_shortcode_after_header":"","ocean_has_shortcode":"","ocean_shortcode_after_title":"","ocean_shortcode_before_footer_widgets":"","ocean_shortcode_after_footer_widgets":"","ocean_shortcode_before_footer_bottom":"","ocean_shortcode_after_footer_bottom":"","ocean_display_top_bar":"default","ocean_display_header":"default","ocean_header_style":"","ocean_center_header_left_menu":"0","ocean_custom_header_template":"0","ocean_custom_logo":0,"ocean_custom_retina_logo":0,"ocean_custom_logo_max_width":0,"ocean_custom_logo_tablet_max_width":0,"ocean_custom_logo_mobile_max_width":0,"ocean_custom_logo_max_height":0,"ocean_custom_logo_tablet_max_height":0,"ocean_custom_logo_mobile_max_height":0,"ocean_header_custom_menu":"0","ocean_menu_typo_font_family":"0","ocean_menu_typo_font_subset":"","ocean_menu_typo_font_size":0,"ocean_menu_typo_font_size_tablet":0,"ocean_menu_typo_font_size_mobile":0,"ocean_menu_typo_font_size_unit":"px","ocean_menu_typo_font_weight":"","ocean_menu_typo_font_weight_tablet":"","ocean_menu_typo_font_weight_mobile":"","ocean_menu_typo_transform":"","ocean_menu_typo_transform_tablet":"","ocean_menu_typo_transform_mobile":"","ocean_menu_typo_line_height":0,"ocean_menu_typo_line_height_tablet":0,"ocean_menu_typo_line_height_mobile":0,"ocean_menu_typo_line_height_unit":"","ocean_menu_typo_spacing":0,"ocean_menu_typo_spacing_tablet":0,"ocean_menu_typo_spacing_mobile":0,"ocean_menu_typo_spacing_unit":"","ocean_menu_link_color":"","ocean_menu_link_color_hover":"","ocean_menu_link_color_active":"","ocean_menu_link_background":"","ocean_menu_link_hover_background":"","ocean_menu_link_active_background":"","ocean_menu_social_links_bg":"","ocean_menu_social_hover_links_bg":"","ocean_menu_social_links_color":"","ocean_menu_social_hover_links_color":"","ocean_disable_title":"default","ocean_disable_heading":"default","ocean_post_title":"","ocean_post_subheading":"","ocean_post_title_style":"","ocean_post_title_background_color":"","ocean_post_title_background":0,"ocean_post_title_bg_image_position":"","ocean_post_title_bg_image_attachment":"","ocean_post_title_bg_image_repeat":"","ocean_post_title_bg_image_size":"","ocean_post_title_height":0,"ocean_post_title_bg_overlay":0.5,"ocean_post_title_bg_overlay_color":"","ocean_disable_breadcrumbs":"default","ocean_breadcrumbs_color":"","ocean_breadcrumbs_separator_color":"","ocean_breadcrumbs_links_color":"","ocean_breadcrumbs_links_hover_color":"","ocean_display_footer_widgets":"default","ocean_display_footer_bottom":"default","ocean_custom_footer_template":"0","ocean_post_oembed":"","ocean_post_self_hosted_media":"","ocean_post_video_embed":"","ocean_link_format":"","ocean_link_format_target":"self","ocean_quote_format":"","ocean_quote_format_link":"post","ocean_gallery_link_images":"on","ocean_gallery_id":[],"footnotes":""},"categories":[3,190],"tags":[],"class_list":["post-37950","post","type-post","status-publish","format-standard","hentry","category-licitacao","category-notificacao","entry"],"_links":{"self":[{"href":"https:\/\/lajes.rn.gov.br\/transparente\/index\/wp-json\/wp\/v2\/posts\/37950","targetHints":{"allow":["GET"]}}],"collection":[{"href":"https:\/\/lajes.rn.gov.br\/transparente\/index\/wp-json\/wp\/v2\/posts"}],"about":[{"href":"https:\/\/lajes.rn.gov.br\/transparente\/index\/wp-json\/wp\/v2\/types\/post"}],"author":[{"embeddable":true,"href":"https:\/\/lajes.rn.gov.br\/transparente\/index\/wp-json\/wp\/v2\/users\/3"}],"replies":[{"embeddable":true,"href":"https:\/\/lajes.rn.gov.br\/transparente\/index\/wp-json\/wp\/v2\/comments?post=37950"}],"version-history":[{"count":1,"href":"https:\/\/lajes.rn.gov.br\/transparente\/index\/wp-json\/wp\/v2\/posts\/37950\/revisions"}],"predecessor-version":[{"id":37951,"href":"https:\/\/lajes.rn.gov.br\/transparente\/index\/wp-json\/wp\/v2\/posts\/37950\/revisions\/37951"}],"wp:attachment":[{"href":"https:\/\/lajes.rn.gov.br\/transparente\/index\/wp-json\/wp\/v2\/media?parent=37950"}],"wp:term":[{"taxonomy":"category","embeddable":true,"href":"https:\/\/lajes.rn.gov.br\/transparente\/index\/wp-json\/wp\/v2\/categories?post=37950"},{"taxonomy":"post_tag","embeddable":true,"href":"https:\/\/lajes.rn.gov.br\/transparente\/index\/wp-json\/wp\/v2\/tags?post=37950"}],"curies":[{"name":"wp","href":"https:\/\/api.w.org\/{rel}","templated":true}]}}