{"id":36031,"date":"2025-03-28T15:45:27","date_gmt":"2025-03-28T18:45:27","guid":{"rendered":"https:\/\/lajes.rn.gov.br\/transparente\/index\/?p=36031"},"modified":"2025-05-13T08:43:07","modified_gmt":"2025-05-13T11:43:07","slug":"termo-de-adesao-no-005-2025-processo-no-329-2025","status":"publish","type":"post","link":"https:\/\/lajes.rn.gov.br\/transparente\/index\/termo-de-adesao-no-005-2025-processo-no-329-2025\/","title":{"rendered":"TERMO DE ADES\u00c3O N\u00ba 005\/2025 &#8211; PROCESSO N\u00ba 329\/2025"},"content":{"rendered":"<div id=\"separador\" class=\"cabecalhoEstadoSeparador cabecalhoEstadoSeparador2\">\n<p style=\"text-align: center;\"><strong>ESTADO DO RIO GRANDE DO NORTE<\/strong><br \/>\n<strong>PREFEITURA MUNICIPAL DE LAJES<\/strong><\/p>\n<\/div>\n<p class=\"cabecaorgao\" style=\"text-align: center;\"><strong>GABINETE DO PREFEITO<\/strong><\/p>\n<hr \/>\n<div id=\"materia\" class=\"materia materia20091123 materia2\">\n<p>TERMO DE ADES\u00c3O N\u00ba 005\/2025 &#8211; PROCESSO N\u00ba 329\/2025<\/p>\n<div class=\"mat\"><\/div>\n<p>A PREFEITURA MUNICIPAL DE LAJES\/RN, por interm\u00e9dio do seu gestor, torna p\u00fablica a\u00a0<b>ADES\u00c3O N\u00ba. 005\/2025<\/b>\u00a0\u00e0\u00a0<b>ATA DE REGISTRO DE PRE\u00c7OS N\u00ba. 003\/2024<\/b>, inerente ao\u00a0<b>PREG\u00c3O ELETR\u00d4NICO N\u00ba 002\/2024 \u2013 SRP, PROCESSO ADMINISTRATIVO N\u00ba 140\/2024<\/b>, realizado pela Prefeitura Municipal de Rio do Fogo\/RN; tipo menor pre\u00e7o por lote, para a\u00a0<b>CONTRATA\u00c7\u00c3O DE EMPRESA PARA A LOCA\u00c7\u00c3O DE VE\u00cdCULOS, PARA ATENDER AS NECESSIDADES DA SECRETARIA MUNICIPAL DE GOVERNO DA PREFEITURA DE LAJES\/RN<\/b>.\u00a0<b>VIGENCIA DA ARP<\/b>: 03\/04\/2024 \u00e0 02\/04\/2025.\u00a0<b>VENCEDOR<\/b>:\u00a0<b>O M LEAL DE MESQUITA<\/b>\u00a0\u2013 CNPJ:\u00a0<b>17.737.082\/0001-54<\/b>.\u00a0<b>ITENS ADERIDO, COM O<\/b>\u00a0<b>VALOR TOTAL ADERIDO: R$ 677.511,00 (seiscentos e setenta e sete mil quinhentos e onze reais)<\/b>.<\/p>\n<p>&nbsp;<\/p>\n<p><b>ORG\u00c3O GERENCIADOR:\u00a0<\/b>PREFEITURA MUNICIPAL DE RIO DO FOGO\/RN<\/p>\n<p><b>EMPRESA:\u00a0<\/b>O M LEAL DE MESQUITA<\/p>\n<p><b>CNPJ:\u00a0<\/b>17.737.082\/0001-54<\/p>\n<p><b>ENDERE\u00c7O:\u00a0<\/b>Av. Dos Arrecifes, N\u00ba 1205, Centro, S\u00e3o Miguel do Gostoso\/RN, CEP: 59.585-000<\/p>\n<p><b>REPRESENTANTE:\u00a0<\/b>Oledson Manoel Leal de Mesquita \u2013 CPF n\u00ba XXX.861.XXX-30<\/p>\n<p><b>E-MAIL\/SITE:\u00a0<\/b>lealturismosmg@gmail.com<\/p>\n<p>&nbsp;<\/p>\n<p><b>PLANILHA DE PRE\u00c7OS REGISTRADOS E QUANTITATIVOS ADERIDOS<\/b><\/p>\n<p>&nbsp;<\/p>\n<table class=\"mat\" border=\"1\" cellspacing=\"0\" cellpadding=\"0\" align=\"left\">\n<tbody>\n<tr>\n<td width=\"60\"><b>ITEM<\/b><\/td>\n<td width=\"318\"><b>DESCRI\u00c7\u00c3O<\/b><\/td>\n<td width=\"59\"><b>UND<\/b><\/td>\n<td width=\"47\"><b>QTD<\/b><\/td>\n<td width=\"130\"><b>VR UNT.<\/b><\/td>\n<td width=\"137\"><b>VR TOTAL<\/b><\/td>\n<\/tr>\n<tr>\n<td width=\"60\">002<\/td>\n<td width=\"318\">01 &#8211; Ve\u00edculo &#8211; Motor 1.8 flex, de quatro cilindros em linha e 8 v\u00e1lvulas, pot\u00eancia de 111 cv e 17,7 kgfm de torque. Transmiss\u00e3o autom\u00e1tica de 6 marchas e Tra\u00e7\u00e3o dianteira. Suspens\u00e3o: independente (Frente) e eixo de tor\u00e7\u00e3o (atr\u00e1s). Freios: disco ventilado (dianteira) e tambor (traseira). Capacidade: 7 passageiros (incluindo o motorista). Ar condicionado, dire\u00e7\u00e3o hidr\u00e1ulica, r\u00e1dio AM\/FM, chevrolet mylink, conex\u00e3o bluetooth, freios ABS, tomada 12V, bancos da terceira fileira rebat\u00edveis. Ano n\u00e3o inferior 2022, com no m\u00e1ximo 50.000 km rodados. MARCA\/MODELO CHEVROLET\/SPIN<\/td>\n<td width=\"59\">M\u00caS<\/td>\n<td width=\"47\">12<\/td>\n<td width=\"130\">R$ 4.863,00<\/td>\n<td width=\"137\">R$ 58.356,00<\/td>\n<\/tr>\n<tr>\n<td width=\"60\">004<\/td>\n<td width=\"318\">01 Ve\u00edculo &#8211; Motor 2.0 Turbodiesel ecoblue, pot\u00eancia de 170 cv e 41,3 kgfm de torque. Transmiss\u00e3o manual de 6 marchas e Tra\u00e7\u00e3o traseira. Ve\u00edculo do tipo VAN com capacidade para 1 motorista e 16 passageiros. Freios ABS, Ar Condicionado, dire\u00e7\u00e3o hidr\u00e1ulica, airbags, controle de Tra\u00e7\u00e3o e estabilidade, alarme antifurto per\u00edmetrico, frenagem autom\u00e1tico de emerg\u00eancia, sistema start stop, dire\u00e7\u00e3o assistida, r\u00e1dio com conex\u00e3o bluetooth e USB, computador de bordo, ajuste el\u00e9trico dos retrovisores, assistente de partida em rampa, far\u00f3is com regulagem de altura, alerta de colis\u00e3o frontal. Ano n\u00e3o inferior 2022, com no m\u00e1ximo 50.000 km rodados. MARCA\/MODELO: FORD TRANSIT<\/td>\n<td width=\"59\">M\u00caS<\/td>\n<td width=\"47\">12<\/td>\n<td width=\"130\">R$ 12.857,00<\/td>\n<td width=\"137\">R$ 154.284,00<\/td>\n<\/tr>\n<tr>\n<td width=\"60\">005<\/td>\n<td width=\"318\">01 Reboque tipo trailer trucado. Engate, ALKO AK-270 Emborrachado; Rodas, 15 x 6&#8243; 5&#215;112 mm ; Pneus, 195 R15C ; Sapata estabilizadora, 04 &#8211; ALKO 1000Kg ; PBT com dimens\u00f5es 6,0 tamanho, 2,01 largura e 2,27 altura. Com isolamento t\u00e9rmico drywall, energia solar independente com autonomia de 24h, dois eixos, freio de m\u00e3o e freio, Sistema Freio Inercial Hidra\u00falico 2.5ton, macacos e ancoragem, projetado para atendimento ao p\u00fablico com escrit\u00f3rio completo, sof\u00e1s, mesa cadeiras, bir\u00f4s, TV. Prote\u00e7\u00e3o vinil de espera com dimens\u00f5es de 6,0&#215;3,0. Ilumina\u00e7\u00e3o interna e externa. Emplacada. ano n\u00e3o inferior 2022. MARCA\/MODELO: R\/EPP CARRETAS\/TRAILER<\/td>\n<td width=\"59\">M\u00caS<\/td>\n<td width=\"47\">12<\/td>\n<td width=\"130\">R$ 8.900,00<\/td>\n<td width=\"137\">R$ 106.800,00<\/td>\n<\/tr>\n<tr>\n<td width=\"60\">006<\/td>\n<td width=\"318\">05 Ve\u00edculos tipo Passeio, 05 lugares, Motor: Instala\u00e7\u00e3o, Dianteiro; Disposi\u00e7\u00e3o Transversal, Aspira\u00e7\u00e3o Natural Alimenta\u00e7\u00e3o Inje\u00e7\u00e3o multiponto, Cilindros 3 em linha Comando de v\u00e1lvulas Duplo no cabe\u00e7ote, Acionam. do comando Correia dentada, Varia\u00e7\u00e3o do comando Admiss\u00e3o, Tuchos Hidr\u00e1ulicos, Di\u00e2metro do cilindro 74,5 mm, Curso do pist\u00e3o 76,4 mm, C\u00f3digo do motor EA211 Cilindrada unit\u00e1ria 333 cm3, Deslocamento cm3 Pot\u00eancia m\u00e1xima cv (A), 77 cv (G), Regime pot\u00eancia, m\u00e1x. 6450 rpm, Pot\u00eancia espec\u00edfica 84,1 cv\/litro Rota\u00e7\u00e3o m\u00e1xima 6800 rpm, Transmiss\u00e3o, Tra\u00e7\u00e3o Dianteira, C\u00e2mbio Manual, Marchas 5, C\u00f3digo do c\u00e2mbio MQ200 Acoplamento Embreagem monodisco a seco, Suspens\u00e3o, Dianteira Indep., McPherson, Elemento el\u00e1stico Mola helicoidal, Traseira Eixo de tor\u00e7\u00e3o, Elemento el\u00e1stico Mola helicoidal, Freios, Dianteiros Disco ventilado, Traseiros Tambor, Frenagem 100-0 km\/h 38,3 m, Dire\u00e7\u00e3o, Assist\u00eancia El\u00e9trica, Di\u00e2metro de giro 10,6 m, Pneus Dianteiros 185\/65 R15, Altura do flanco 120 mm, Traseiros 185\/65 R15, Altura do flanco 120 mm Estepe 185\/60 R15, Dimens\u00f5es, Comprimento mm Largura 1751 mm, Dist\u00e2ncia entre-eixos 2566 mm, Altura 1471 mm, Bitola dianteira 1524 mm Bitola traseira 1506 mm, Tanque de combust\u00edvel 49 litros Porta-malas 300 litros, Peso kg, Carga \u00fatil 396 kg Acelera\u00e7\u00e3o 0-100 km\/h 13,5 s, Consumo Urbano 9,6 km\/l (A), 14 km\/l (G), Rodovi\u00e1rio 10,9 km\/l (A), 15,4 km\/l (G), Autonomia, Urbana 470 km (A), 686 km (G),Rodovi\u00e1ria 534 km (A), 755 km (G) Ano n\u00e3o inferior 2022, com no m\u00e1ximo 50.000 km rodados. MARCA\/MODELO: VW\/POLO<\/td>\n<td width=\"59\">M\u00caS<\/td>\n<td width=\"47\">60<\/td>\n<td width=\"130\">R$ 3.497,00<\/td>\n<td width=\"137\">R$ 209.820,00<\/td>\n<\/tr>\n<tr>\n<td width=\"60\">007<\/td>\n<td width=\"318\">Ve\u00edculo tipo micro \u00f4nibus, 03 portas, capacidade para 30 (trinta) passageiros. com ar, 4 cilindros, pot\u00eancia m\u00e1xima 163 cv (120 kw) a 2.200 rpm. MARCA\/MODELO: MERCEDES<\/td>\n<td width=\"59\">DI\u00c1RIA<\/td>\n<td width=\"47\">150<\/td>\n<td width=\"130\">R$ 988,34<\/td>\n<td width=\"137\">R$ 148.251,00<\/td>\n<\/tr>\n<\/tbody>\n<\/table>\n<p>&nbsp;<\/p>\n<p>Ficando convocada a empresa acima citada, para formalizar a assinatura do respectivo contrato nos termos do Art. 90 da Lei Federal n\u00ba. 14.133\/21 no prazo de cinco dias uteis, na sala de Reuni\u00e3o da Prefeitura Municipal de Lajes\/RN ou por e-mail de forma eletr\u00f4nica.<\/p>\n<p>&nbsp;<\/p>\n<p>OBS: O referido contrato ser\u00e1 enviado para o e-mail da empresa Promitente Contratada, para assinatura e posterior devolu\u00e7\u00e3o no prazo supracitado.<\/p>\n<p>&nbsp;<\/p>\n<p>Lajes\/RN, 28 de mar\u00e7o de 2025.<\/p>\n<p>&nbsp;<\/p>\n<p><b><i>FELIPE FERREIRA DE MENEZES ARA\u00daJO<\/i><\/b><\/p>\n<p>Prefeito Municipal<\/p>\n<div align=\"right\">\n<b>Publicado por:<\/b><br \/>\nRobson Edson Fernandes da Silva<br \/>\n<b>C\u00f3digo Identificador:<\/b>1A6AE880<\/div>\n<p>&nbsp;<\/p>\n<hr \/>\n<p>Mat\u00e9ria publicada no Di\u00e1rio Oficial dos Munic\u00edpios do Estado do Rio Grande do Norte no dia 03\/04\/2025. Edi\u00e7\u00e3o 3510<br \/>\nA verifica\u00e7\u00e3o de autenticidade da mat\u00e9ria pode ser feita informando o c\u00f3digo identificador no site:<br \/>\nhttps:\/\/www.diariomunicipal.com.br\/femurn\/<\/p><\/div>\n<div class=\"pdfprnt-buttons pdfprnt-buttons-post pdfprnt-bottom-right\"><a href=\"https:\/\/lajes.rn.gov.br\/transparente\/index\/wp-json\/wp\/v2\/posts\/36031?print=pdf\" class=\"pdfprnt-button pdfprnt-button-pdf\" target=\"_blank\" ><img decoding=\"async\" src=\"https:\/\/lajes.rn.gov.br\/transparente\/index\/wp-content\/plugins\/pdf-print\/images\/pdf.png\" alt=\"image_pdf\" title=\"Ver PDF\" \/><\/a><a href=\"https:\/\/lajes.rn.gov.br\/transparente\/index\/wp-json\/wp\/v2\/posts\/36031?print=print\" class=\"pdfprnt-button pdfprnt-button-print\" target=\"_blank\" ><img decoding=\"async\" src=\"https:\/\/lajes.rn.gov.br\/transparente\/index\/wp-content\/plugins\/pdf-print\/images\/print.png\" alt=\"image_print\" title=\"Conte\u00fado de impress\u00e3o\" \/><\/a><\/div>","protected":false},"excerpt":{"rendered":"<p>ESTADO DO RIO GRANDE DO NORTE PREFEITURA MUNICIPAL DE LAJES GABINETE DO PREFEITO TERMO DE ADES\u00c3O N\u00ba 005\/2025 &#8211; PROCESSO N\u00ba 329\/2025 A PREFEITURA MUNICIPAL DE LAJES\/RN, por interm\u00e9dio do seu gestor, torna p\u00fablica a\u00a0ADES\u00c3O N\u00ba. 005\/2025\u00a0\u00e0\u00a0ATA DE REGISTRO DE PRE\u00c7OS N\u00ba. 003\/2024, inerente ao\u00a0PREG\u00c3O ELETR\u00d4NICO N\u00ba 002\/2024 \u2013 SRP, PROCESSO ADMINISTRATIVO N\u00ba 140\/2024, realizado [&hellip;]<\/p>\n","protected":false},"author":3,"featured_media":0,"comment_status":"closed","ping_status":"closed","sticky":false,"template":"","format":"standard","meta":{"ocean_post_layout":"","ocean_both_sidebars_style":"","ocean_both_sidebars_content_width":0,"ocean_both_sidebars_sidebars_width":0,"ocean_sidebar":"","ocean_second_sidebar":"","ocean_disable_margins":"enable","ocean_add_body_class":"","ocean_shortcode_before_top_bar":"","ocean_shortcode_after_top_bar":"","ocean_shortcode_before_header":"","ocean_shortcode_after_header":"","ocean_has_shortcode":"","ocean_shortcode_after_title":"","ocean_shortcode_before_footer_widgets":"","ocean_shortcode_after_footer_widgets":"","ocean_shortcode_before_footer_bottom":"","ocean_shortcode_after_footer_bottom":"","ocean_display_top_bar":"default","ocean_display_header":"default","ocean_header_style":"","ocean_center_header_left_menu":"","ocean_custom_header_template":"","ocean_custom_logo":0,"ocean_custom_retina_logo":0,"ocean_custom_logo_max_width":0,"ocean_custom_logo_tablet_max_width":0,"ocean_custom_logo_mobile_max_width":0,"ocean_custom_logo_max_height":0,"ocean_custom_logo_tablet_max_height":0,"ocean_custom_logo_mobile_max_height":0,"ocean_header_custom_menu":"","ocean_menu_typo_font_family":"","ocean_menu_typo_font_subset":"","ocean_menu_typo_font_size":0,"ocean_menu_typo_font_size_tablet":0,"ocean_menu_typo_font_size_mobile":0,"ocean_menu_typo_font_size_unit":"px","ocean_menu_typo_font_weight":"","ocean_menu_typo_font_weight_tablet":"","ocean_menu_typo_font_weight_mobile":"","ocean_menu_typo_transform":"","ocean_menu_typo_transform_tablet":"","ocean_menu_typo_transform_mobile":"","ocean_menu_typo_line_height":0,"ocean_menu_typo_line_height_tablet":0,"ocean_menu_typo_line_height_mobile":0,"ocean_menu_typo_line_height_unit":"","ocean_menu_typo_spacing":0,"ocean_menu_typo_spacing_tablet":0,"ocean_menu_typo_spacing_mobile":0,"ocean_menu_typo_spacing_unit":"","ocean_menu_link_color":"","ocean_menu_link_color_hover":"","ocean_menu_link_color_active":"","ocean_menu_link_background":"","ocean_menu_link_hover_background":"","ocean_menu_link_active_background":"","ocean_menu_social_links_bg":"","ocean_menu_social_hover_links_bg":"","ocean_menu_social_links_color":"","ocean_menu_social_hover_links_color":"","ocean_disable_title":"default","ocean_disable_heading":"default","ocean_post_title":"","ocean_post_subheading":"","ocean_post_title_style":"","ocean_post_title_background_color":"","ocean_post_title_background":0,"ocean_post_title_bg_image_position":"","ocean_post_title_bg_image_attachment":"","ocean_post_title_bg_image_repeat":"","ocean_post_title_bg_image_size":"","ocean_post_title_height":0,"ocean_post_title_bg_overlay":0.5,"ocean_post_title_bg_overlay_color":"","ocean_disable_breadcrumbs":"default","ocean_breadcrumbs_color":"","ocean_breadcrumbs_separator_color":"","ocean_breadcrumbs_links_color":"","ocean_breadcrumbs_links_hover_color":"","ocean_display_footer_widgets":"default","ocean_display_footer_bottom":"default","ocean_custom_footer_template":"","ocean_post_oembed":"","ocean_post_self_hosted_media":"","ocean_post_video_embed":"","ocean_link_format":"","ocean_link_format_target":"self","ocean_quote_format":"","ocean_quote_format_link":"post","ocean_gallery_link_images":"on","ocean_gallery_id":[],"footnotes":""},"categories":[3,103,239],"tags":[],"class_list":["post-36031","post","type-post","status-publish","format-standard","hentry","category-licitacao","category-termo-de-adesao","category-termo-de-adesao-2025","entry"],"_links":{"self":[{"href":"https:\/\/lajes.rn.gov.br\/transparente\/index\/wp-json\/wp\/v2\/posts\/36031","targetHints":{"allow":["GET"]}}],"collection":[{"href":"https:\/\/lajes.rn.gov.br\/transparente\/index\/wp-json\/wp\/v2\/posts"}],"about":[{"href":"https:\/\/lajes.rn.gov.br\/transparente\/index\/wp-json\/wp\/v2\/types\/post"}],"author":[{"embeddable":true,"href":"https:\/\/lajes.rn.gov.br\/transparente\/index\/wp-json\/wp\/v2\/users\/3"}],"replies":[{"embeddable":true,"href":"https:\/\/lajes.rn.gov.br\/transparente\/index\/wp-json\/wp\/v2\/comments?post=36031"}],"version-history":[{"count":1,"href":"https:\/\/lajes.rn.gov.br\/transparente\/index\/wp-json\/wp\/v2\/posts\/36031\/revisions"}],"predecessor-version":[{"id":36032,"href":"https:\/\/lajes.rn.gov.br\/transparente\/index\/wp-json\/wp\/v2\/posts\/36031\/revisions\/36032"}],"wp:attachment":[{"href":"https:\/\/lajes.rn.gov.br\/transparente\/index\/wp-json\/wp\/v2\/media?parent=36031"}],"wp:term":[{"taxonomy":"category","embeddable":true,"href":"https:\/\/lajes.rn.gov.br\/transparente\/index\/wp-json\/wp\/v2\/categories?post=36031"},{"taxonomy":"post_tag","embeddable":true,"href":"https:\/\/lajes.rn.gov.br\/transparente\/index\/wp-json\/wp\/v2\/tags?post=36031"}],"curies":[{"name":"wp","href":"https:\/\/api.w.org\/{rel}","templated":true}]}}