{"id":35954,"date":"2025-03-28T16:11:13","date_gmt":"2025-03-28T19:11:13","guid":{"rendered":"https:\/\/lajes.rn.gov.br\/transparente\/index\/?p=35954"},"modified":"2025-04-07T16:12:02","modified_gmt":"2025-04-07T19:12:02","slug":"oficio-circular-no-001-2025-assunto-divulgacao-da-declaracao-de-elegibilidade-programa-minha-casa-minha-vida-far","status":"publish","type":"post","link":"https:\/\/lajes.rn.gov.br\/transparente\/index\/oficio-circular-no-001-2025-assunto-divulgacao-da-declaracao-de-elegibilidade-programa-minha-casa-minha-vida-far\/","title":{"rendered":"OF\u00cdCIO CIRCULAR N\u00ba 001\/2025 &#8211; Assunto: Divulga\u00e7\u00e3o da Declara\u00e7\u00e3o de Elegibilidade \u2013 Programa Minha Casa, Minha Vida (FAR)"},"content":{"rendered":"<div id=\"separador\" class=\"cabecalhoEstadoSeparador cabecalhoEstadoSeparador1\">\n<p style=\"text-align: center;\"><strong>ESTADO DO RIO GRANDE DO NORTE<\/strong><br \/>\n<strong>PREFEITURA MUNICIPAL DE LAJES<\/strong><\/p>\n<\/div>\n<p class=\"cabecaorgao\" style=\"text-align: center;\"><strong>GABINETE DO PREFEITO<\/strong><\/p>\n<hr \/>\n<div id=\"materia\" class=\"materia materia20091123 materia1\">\n<p>OF\u00cdCIO CIRCULAR N\u00ba 001\/2025<\/p>\n<div class=\"mat\">Lajes\/RN, 28 de mar\u00e7o de 2025.<\/div>\n<p>&nbsp;<\/p>\n<p><b>Assunto: Divulga\u00e7\u00e3o da Declara\u00e7\u00e3o de Elegibilidade \u2013 Programa Minha Casa, Minha Vida (FAR)<\/b><\/p>\n<p>&nbsp;<\/p>\n<p>Prezados(as),<\/p>\n<p>&nbsp;<\/p>\n<p>Em cumprimento ao disposto no inciso VI do art. 2\u00ba da Portaria n\u00ba 47\/2025, bem como no par\u00e1grafo \u00fanico do art. 7\u00ba da Portaria MCID n\u00ba 1.388, de 11 de dezembro de 2024, referente ao procedimento para contrata\u00e7\u00e3o de empreendimentos habitacionais na modalidade Fundo de Arrendamento Residencial (FAR) do Programa Minha Casa, Minha Vida, comunicamos que o Munic\u00edpio de Lajes\/RN foi habilitado para a apresenta\u00e7\u00e3o de propostas.<\/p>\n<p>&nbsp;<\/p>\n<p>Assim, informamos que esta declara\u00e7\u00e3o ser\u00e1 amplamente divulgada ao Minist\u00e9rio P\u00fablico competente, ao Poder Legislativo Municipal e ao Conselho Municipal de Habita\u00e7\u00e3o ou \u00f3rg\u00e3o equivalente. Tal publicidade tem o objetivo de assegurar o devido acompanhamento da situa\u00e7\u00e3o habitacional local, caracterizada pelo aumento significativo da demanda por moradia em raz\u00e3o do crescimento populacional em nossa regi\u00e3o.<\/p>\n<p>&nbsp;<\/p>\n<p>Colocamo-nos \u00e0 disposi\u00e7\u00e3o para quaisquer esclarecimentos adicionais.<\/p>\n<p>Atenciosamente,<\/p>\n<p>&nbsp;<\/p>\n<p>&nbsp;<\/p>\n<p><b><i>FELIPE FERREIRA DE MENEZES ARA\u00daJO<\/i><\/b><\/p>\n<p><b><i><\/i><\/b>&nbsp;<\/p>\n<p>Prefeito Municipal<\/p>\n<p>&nbsp;<\/p>\n<div align=\"right\">\n<b>Publicado por:<\/b><br \/>\nJoao Oliveira da Cruz Neto<br \/>\n<b>C\u00f3digo Identificador:<\/b>B9E28F78<\/div>\n<p>&nbsp;<\/p>\n<hr \/>\n<p>Mat\u00e9ria publicada no Di\u00e1rio Oficial dos Munic\u00edpios do Estado do Rio Grande do Norte no dia 31\/03\/2025. Edi\u00e7\u00e3o 3507<br \/>\nA verifica\u00e7\u00e3o de autenticidade da mat\u00e9ria pode ser feita informando o c\u00f3digo identificador no site:<br \/>\nhttps:\/\/www.diariomunicipal.com.br\/femurn\/<\/p><\/div>\n<div class=\"pdfprnt-buttons pdfprnt-buttons-post pdfprnt-bottom-right\"><a href=\"https:\/\/lajes.rn.gov.br\/transparente\/index\/wp-json\/wp\/v2\/posts\/35954?print=pdf\" class=\"pdfprnt-button pdfprnt-button-pdf\" target=\"_blank\" ><img decoding=\"async\" src=\"https:\/\/lajes.rn.gov.br\/transparente\/index\/wp-content\/plugins\/pdf-print\/images\/pdf.png\" alt=\"image_pdf\" title=\"Ver PDF\" \/><\/a><a href=\"https:\/\/lajes.rn.gov.br\/transparente\/index\/wp-json\/wp\/v2\/posts\/35954?print=print\" class=\"pdfprnt-button pdfprnt-button-print\" target=\"_blank\" ><img decoding=\"async\" src=\"https:\/\/lajes.rn.gov.br\/transparente\/index\/wp-content\/plugins\/pdf-print\/images\/print.png\" alt=\"image_print\" title=\"Conte\u00fado de impress\u00e3o\" \/><\/a><\/div>","protected":false},"excerpt":{"rendered":"<p>ESTADO DO RIO GRANDE DO NORTE PREFEITURA MUNICIPAL DE LAJES GABINETE DO PREFEITO OF\u00cdCIO CIRCULAR N\u00ba 001\/2025 Lajes\/RN, 28 de mar\u00e7o de 2025. &nbsp; Assunto: Divulga\u00e7\u00e3o da Declara\u00e7\u00e3o de Elegibilidade \u2013 Programa Minha Casa, Minha Vida (FAR) &nbsp; Prezados(as), &nbsp; Em cumprimento ao disposto no inciso VI do art. 2\u00ba da Portaria n\u00ba 47\/2025, bem [&hellip;]<\/p>\n","protected":false},"author":3,"featured_media":0,"comment_status":"closed","ping_status":"closed","sticky":false,"template":"","format":"standard","meta":{"ocean_post_layout":"","ocean_both_sidebars_style":"","ocean_both_sidebars_content_width":0,"ocean_both_sidebars_sidebars_width":0,"ocean_sidebar":"","ocean_second_sidebar":"","ocean_disable_margins":"enable","ocean_add_body_class":"","ocean_shortcode_before_top_bar":"","ocean_shortcode_after_top_bar":"","ocean_shortcode_before_header":"","ocean_shortcode_after_header":"","ocean_has_shortcode":"","ocean_shortcode_after_title":"","ocean_shortcode_before_footer_widgets":"","ocean_shortcode_after_footer_widgets":"","ocean_shortcode_before_footer_bottom":"","ocean_shortcode_after_footer_bottom":"","ocean_display_top_bar":"default","ocean_display_header":"default","ocean_header_style":"","ocean_center_header_left_menu":"","ocean_custom_header_template":"","ocean_custom_logo":0,"ocean_custom_retina_logo":0,"ocean_custom_logo_max_width":0,"ocean_custom_logo_tablet_max_width":0,"ocean_custom_logo_mobile_max_width":0,"ocean_custom_logo_max_height":0,"ocean_custom_logo_tablet_max_height":0,"ocean_custom_logo_mobile_max_height":0,"ocean_header_custom_menu":"","ocean_menu_typo_font_family":"","ocean_menu_typo_font_subset":"","ocean_menu_typo_font_size":0,"ocean_menu_typo_font_size_tablet":0,"ocean_menu_typo_font_size_mobile":0,"ocean_menu_typo_font_size_unit":"px","ocean_menu_typo_font_weight":"","ocean_menu_typo_font_weight_tablet":"","ocean_menu_typo_font_weight_mobile":"","ocean_menu_typo_transform":"","ocean_menu_typo_transform_tablet":"","ocean_menu_typo_transform_mobile":"","ocean_menu_typo_line_height":0,"ocean_menu_typo_line_height_tablet":0,"ocean_menu_typo_line_height_mobile":0,"ocean_menu_typo_line_height_unit":"","ocean_menu_typo_spacing":0,"ocean_menu_typo_spacing_tablet":0,"ocean_menu_typo_spacing_mobile":0,"ocean_menu_typo_spacing_unit":"","ocean_menu_link_color":"","ocean_menu_link_color_hover":"","ocean_menu_link_color_active":"","ocean_menu_link_background":"","ocean_menu_link_hover_background":"","ocean_menu_link_active_background":"","ocean_menu_social_links_bg":"","ocean_menu_social_hover_links_bg":"","ocean_menu_social_links_color":"","ocean_menu_social_hover_links_color":"","ocean_disable_title":"default","ocean_disable_heading":"default","ocean_post_title":"","ocean_post_subheading":"","ocean_post_title_style":"","ocean_post_title_background_color":"","ocean_post_title_background":0,"ocean_post_title_bg_image_position":"","ocean_post_title_bg_image_attachment":"","ocean_post_title_bg_image_repeat":"","ocean_post_title_bg_image_size":"","ocean_post_title_height":0,"ocean_post_title_bg_overlay":0.5,"ocean_post_title_bg_overlay_color":"","ocean_disable_breadcrumbs":"default","ocean_breadcrumbs_color":"","ocean_breadcrumbs_separator_color":"","ocean_breadcrumbs_links_color":"","ocean_breadcrumbs_links_hover_color":"","ocean_display_footer_widgets":"default","ocean_display_footer_bottom":"default","ocean_custom_footer_template":"","ocean_post_oembed":"","ocean_post_self_hosted_media":"","ocean_post_video_embed":"","ocean_link_format":"","ocean_link_format_target":"self","ocean_quote_format":"","ocean_quote_format_link":"post","ocean_gallery_link_images":"on","ocean_gallery_id":[],"footnotes":""},"categories":[4,2],"tags":[],"class_list":["post-35954","post","type-post","status-publish","format-standard","hentry","category-atos-normativos","category-legislacao","entry"],"_links":{"self":[{"href":"https:\/\/lajes.rn.gov.br\/transparente\/index\/wp-json\/wp\/v2\/posts\/35954","targetHints":{"allow":["GET"]}}],"collection":[{"href":"https:\/\/lajes.rn.gov.br\/transparente\/index\/wp-json\/wp\/v2\/posts"}],"about":[{"href":"https:\/\/lajes.rn.gov.br\/transparente\/index\/wp-json\/wp\/v2\/types\/post"}],"author":[{"embeddable":true,"href":"https:\/\/lajes.rn.gov.br\/transparente\/index\/wp-json\/wp\/v2\/users\/3"}],"replies":[{"embeddable":true,"href":"https:\/\/lajes.rn.gov.br\/transparente\/index\/wp-json\/wp\/v2\/comments?post=35954"}],"version-history":[{"count":1,"href":"https:\/\/lajes.rn.gov.br\/transparente\/index\/wp-json\/wp\/v2\/posts\/35954\/revisions"}],"predecessor-version":[{"id":35955,"href":"https:\/\/lajes.rn.gov.br\/transparente\/index\/wp-json\/wp\/v2\/posts\/35954\/revisions\/35955"}],"wp:attachment":[{"href":"https:\/\/lajes.rn.gov.br\/transparente\/index\/wp-json\/wp\/v2\/media?parent=35954"}],"wp:term":[{"taxonomy":"category","embeddable":true,"href":"https:\/\/lajes.rn.gov.br\/transparente\/index\/wp-json\/wp\/v2\/categories?post=35954"},{"taxonomy":"post_tag","embeddable":true,"href":"https:\/\/lajes.rn.gov.br\/transparente\/index\/wp-json\/wp\/v2\/tags?post=35954"}],"curies":[{"name":"wp","href":"https:\/\/api.w.org\/{rel}","templated":true}]}}