{"id":34862,"date":"2024-12-27T20:01:08","date_gmt":"2024-12-27T23:01:08","guid":{"rendered":"https:\/\/lajes.rn.gov.br\/transparente\/index\/?p=34862"},"modified":"2025-01-01T20:02:16","modified_gmt":"2025-01-01T23:02:16","slug":"resolucao-no-006-2024-aprova-o-demonstrativo-sintetico-anual-da-execucao-fisico-financeira-dos-recursos-transferidos-pelo-fnas-no-ano-de-2023","status":"publish","type":"post","link":"https:\/\/lajes.rn.gov.br\/transparente\/index\/resolucao-no-006-2024-aprova-o-demonstrativo-sintetico-anual-da-execucao-fisico-financeira-dos-recursos-transferidos-pelo-fnas-no-ano-de-2023\/","title":{"rendered":"RESOLU\u00c7\u00c3O N\u00ba 006\/2024 &#8211; \u201cAprova o Demonstrativo Sint\u00e9tico Anual da Execu\u00e7\u00e3o F\u00edsico-Financeira dos recursos transferidos pelo FNAS no ano de 2023\u201d."},"content":{"rendered":"<div id=\"separador\" class=\"cabecalhoEstadoSeparador cabecalhoEstadoSeparador1\">\n<p style=\"text-align: center;\"><strong>ESTADO DO RIO GRANDE DO NORTE<\/strong><br \/>\n<strong>PREFEITURA MUNICIPAL DE LAJES<\/strong><\/p>\n<\/div>\n<p class=\"cabecaorgao\" style=\"text-align: center;\"><strong>GABINETE DO PREFEITO<\/strong><\/p>\n<hr \/>\n<div id=\"materia\" class=\"materia materia20091123 materia1\">\n<p>RESOLU\u00c7\u00c3O N\u00ba 006\/2024<\/p>\n<div class=\"mat\">\u201cAprova o Demonstrativo Sint\u00e9tico Anual da Execu\u00e7\u00e3o F\u00edsico-Financeira dos recursos transferidos pelo FNAS no ano de 2023\u201d.<\/div>\n<p>&nbsp;<\/p>\n<p>O\u00a0<b>CONSELHO MUNICIPAL DE ASSIST\u00caNCIA SOCIAL DE LAJES\/RN<\/b>, reunido no dia 27 dezembro de 2024, no uso das atribui\u00e7\u00f5es que lhes s\u00e3o conferidas:<\/p>\n<p>&nbsp;<\/p>\n<p><b>CONSIDERANDO<\/b>\u00a0a necessidade de apreciar sint\u00e9tica e analiticamente a presta\u00e7\u00e3o de contas dos recursos transferidos pelo Fundo Nacional de Assist\u00eancia Social e da aplica\u00e7\u00e3o do cofinanciamento Municipal da Assist\u00eancia Social;<\/p>\n<p><b>CONSIDERANDO<\/b>\u00a0a necessidade de se avaliar as metas pactuadas e realizadas pela Gest\u00e3o Municipal.<\/p>\n<p>&nbsp;<\/p>\n<p><b>RESOLVE:<\/b><\/p>\n<p><b>Art. 1\u00ba<\/b>. Aprovar a Presta\u00e7\u00e3o de Contas da Pol\u00edtica de Assist\u00eancia Social atrav\u00e9s do Demonstrativo Sint\u00e9tico Anual da Execu\u00e7\u00e3o F\u00edsico-Financeira dos recursos transferidos pelo Fundo Nacional de Assist\u00eancia Social e dos recursos pr\u00f3prios alocados no Fundo Municipal de Assist\u00eancia Social no exerc\u00edcio 2023.<\/p>\n<p><b>Art. 2\u00ba.<\/b>\u00a0Esta Resolu\u00e7\u00e3o entrar\u00e1 em vigor na data de sua publica\u00e7\u00e3o, revogando disposi\u00e7\u00f5es em sentido contr\u00e1rio.<\/p>\n<p>&nbsp;<\/p>\n<p><b>Lajes\/RN, 27 de dezembro de 2024<\/b><\/p>\n<p>&nbsp;<\/p>\n<p>&nbsp;<\/p>\n<p><b><i>RAFAELLA JULLIANA SOUZA ALVES<\/i><\/b><\/p>\n<p><b><i><\/i><\/b>&nbsp;<\/p>\n<p>Presidente do CMAS<\/p>\n<div align=\"right\">\n<b>Publicado por:<\/b><br \/>\nJoao Oliveira da Cruz Neto<br \/>\n<b>C\u00f3digo Identificador:<\/b>FB1AE7D1<\/div>\n<p>&nbsp;<\/p>\n<hr \/>\n<p>Mat\u00e9ria publicada no Di\u00e1rio Oficial dos Munic\u00edpios do Estado do Rio Grande do Norte no dia 30\/12\/2024. Edi\u00e7\u00e3o 3444<br \/>\nA verifica\u00e7\u00e3o de autenticidade da mat\u00e9ria pode ser feita informando o c\u00f3digo identificador no site:<br \/>\nhttps:\/\/www.diariomunicipal.com.br\/femurn\/<\/p><\/div>\n<div class=\"pdfprnt-buttons pdfprnt-buttons-post pdfprnt-bottom-right\"><a href=\"https:\/\/lajes.rn.gov.br\/transparente\/index\/wp-json\/wp\/v2\/posts\/34862?print=pdf\" class=\"pdfprnt-button pdfprnt-button-pdf\" target=\"_blank\" ><img decoding=\"async\" src=\"https:\/\/lajes.rn.gov.br\/transparente\/index\/wp-content\/plugins\/pdf-print\/images\/pdf.png\" alt=\"image_pdf\" title=\"Ver PDF\" \/><\/a><a href=\"https:\/\/lajes.rn.gov.br\/transparente\/index\/wp-json\/wp\/v2\/posts\/34862?print=print\" class=\"pdfprnt-button pdfprnt-button-print\" target=\"_blank\" ><img decoding=\"async\" src=\"https:\/\/lajes.rn.gov.br\/transparente\/index\/wp-content\/plugins\/pdf-print\/images\/print.png\" alt=\"image_print\" title=\"Conte\u00fado de impress\u00e3o\" \/><\/a><\/div>","protected":false},"excerpt":{"rendered":"<p>ESTADO DO RIO GRANDE DO NORTE PREFEITURA MUNICIPAL DE LAJES GABINETE DO PREFEITO RESOLU\u00c7\u00c3O N\u00ba 006\/2024 \u201cAprova o Demonstrativo Sint\u00e9tico Anual da Execu\u00e7\u00e3o F\u00edsico-Financeira dos recursos transferidos pelo FNAS no ano de 2023\u201d. &nbsp; O\u00a0CONSELHO MUNICIPAL DE ASSIST\u00caNCIA SOCIAL DE LAJES\/RN, reunido no dia 27 dezembro de 2024, no uso das atribui\u00e7\u00f5es que lhes s\u00e3o [&hellip;]<\/p>\n","protected":false},"author":3,"featured_media":0,"comment_status":"closed","ping_status":"closed","sticky":false,"template":"","format":"standard","meta":{"ocean_post_layout":"","ocean_both_sidebars_style":"","ocean_both_sidebars_content_width":0,"ocean_both_sidebars_sidebars_width":0,"ocean_sidebar":"","ocean_second_sidebar":"","ocean_disable_margins":"enable","ocean_add_body_class":"","ocean_shortcode_before_top_bar":"","ocean_shortcode_after_top_bar":"","ocean_shortcode_before_header":"","ocean_shortcode_after_header":"","ocean_has_shortcode":"","ocean_shortcode_after_title":"","ocean_shortcode_before_footer_widgets":"","ocean_shortcode_after_footer_widgets":"","ocean_shortcode_before_footer_bottom":"","ocean_shortcode_after_footer_bottom":"","ocean_display_top_bar":"default","ocean_display_header":"default","ocean_header_style":"","ocean_center_header_left_menu":"","ocean_custom_header_template":"","ocean_custom_logo":0,"ocean_custom_retina_logo":0,"ocean_custom_logo_max_width":0,"ocean_custom_logo_tablet_max_width":0,"ocean_custom_logo_mobile_max_width":0,"ocean_custom_logo_max_height":0,"ocean_custom_logo_tablet_max_height":0,"ocean_custom_logo_mobile_max_height":0,"ocean_header_custom_menu":"","ocean_menu_typo_font_family":"","ocean_menu_typo_font_subset":"","ocean_menu_typo_font_size":0,"ocean_menu_typo_font_size_tablet":0,"ocean_menu_typo_font_size_mobile":0,"ocean_menu_typo_font_size_unit":"px","ocean_menu_typo_font_weight":"","ocean_menu_typo_font_weight_tablet":"","ocean_menu_typo_font_weight_mobile":"","ocean_menu_typo_transform":"","ocean_menu_typo_transform_tablet":"","ocean_menu_typo_transform_mobile":"","ocean_menu_typo_line_height":0,"ocean_menu_typo_line_height_tablet":0,"ocean_menu_typo_line_height_mobile":0,"ocean_menu_typo_line_height_unit":"","ocean_menu_typo_spacing":0,"ocean_menu_typo_spacing_tablet":0,"ocean_menu_typo_spacing_mobile":0,"ocean_menu_typo_spacing_unit":"","ocean_menu_link_color":"","ocean_menu_link_color_hover":"","ocean_menu_link_color_active":"","ocean_menu_link_background":"","ocean_menu_link_hover_background":"","ocean_menu_link_active_background":"","ocean_menu_social_links_bg":"","ocean_menu_social_hover_links_bg":"","ocean_menu_social_links_color":"","ocean_menu_social_hover_links_color":"","ocean_disable_title":"default","ocean_disable_heading":"default","ocean_post_title":"","ocean_post_subheading":"","ocean_post_title_style":"","ocean_post_title_background_color":"","ocean_post_title_background":0,"ocean_post_title_bg_image_position":"","ocean_post_title_bg_image_attachment":"","ocean_post_title_bg_image_repeat":"","ocean_post_title_bg_image_size":"","ocean_post_title_height":0,"ocean_post_title_bg_overlay":0.5,"ocean_post_title_bg_overlay_color":"","ocean_disable_breadcrumbs":"default","ocean_breadcrumbs_color":"","ocean_breadcrumbs_separator_color":"","ocean_breadcrumbs_links_color":"","ocean_breadcrumbs_links_hover_color":"","ocean_display_footer_widgets":"default","ocean_display_footer_bottom":"default","ocean_custom_footer_template":"","ocean_post_oembed":"","ocean_post_self_hosted_media":"","ocean_post_video_embed":"","ocean_link_format":"","ocean_link_format_target":"self","ocean_quote_format":"","ocean_quote_format_link":"post","ocean_gallery_link_images":"on","ocean_gallery_id":[],"footnotes":""},"categories":[2,72],"tags":[],"class_list":["post-34862","post","type-post","status-publish","format-standard","hentry","category-legislacao","category-resolucoes","entry"],"_links":{"self":[{"href":"https:\/\/lajes.rn.gov.br\/transparente\/index\/wp-json\/wp\/v2\/posts\/34862","targetHints":{"allow":["GET"]}}],"collection":[{"href":"https:\/\/lajes.rn.gov.br\/transparente\/index\/wp-json\/wp\/v2\/posts"}],"about":[{"href":"https:\/\/lajes.rn.gov.br\/transparente\/index\/wp-json\/wp\/v2\/types\/post"}],"author":[{"embeddable":true,"href":"https:\/\/lajes.rn.gov.br\/transparente\/index\/wp-json\/wp\/v2\/users\/3"}],"replies":[{"embeddable":true,"href":"https:\/\/lajes.rn.gov.br\/transparente\/index\/wp-json\/wp\/v2\/comments?post=34862"}],"version-history":[{"count":1,"href":"https:\/\/lajes.rn.gov.br\/transparente\/index\/wp-json\/wp\/v2\/posts\/34862\/revisions"}],"predecessor-version":[{"id":34863,"href":"https:\/\/lajes.rn.gov.br\/transparente\/index\/wp-json\/wp\/v2\/posts\/34862\/revisions\/34863"}],"wp:attachment":[{"href":"https:\/\/lajes.rn.gov.br\/transparente\/index\/wp-json\/wp\/v2\/media?parent=34862"}],"wp:term":[{"taxonomy":"category","embeddable":true,"href":"https:\/\/lajes.rn.gov.br\/transparente\/index\/wp-json\/wp\/v2\/categories?post=34862"},{"taxonomy":"post_tag","embeddable":true,"href":"https:\/\/lajes.rn.gov.br\/transparente\/index\/wp-json\/wp\/v2\/tags?post=34862"}],"curies":[{"name":"wp","href":"https:\/\/api.w.org\/{rel}","templated":true}]}}