{"id":34671,"date":"2024-10-31T13:23:24","date_gmt":"2024-10-31T16:23:24","guid":{"rendered":"https:\/\/lajes.rn.gov.br\/transparente\/index\/?p=34671"},"modified":"2024-11-05T13:24:31","modified_gmt":"2024-11-05T16:24:31","slug":"decreto-municipal-n-031-2024-declara-emergencia-no-municipio-de-lajes-estado-do-rio-grande-do-norte-em-decorrencia-do-desastre-natural-climatologico-de-seca-que-provoca-a-reducao-sustentada","status":"publish","type":"post","link":"https:\/\/lajes.rn.gov.br\/transparente\/index\/decreto-municipal-n-031-2024-declara-emergencia-no-municipio-de-lajes-estado-do-rio-grande-do-norte-em-decorrencia-do-desastre-natural-climatologico-de-seca-que-provoca-a-reducao-sustentada\/","title":{"rendered":"DECRETO MUNICIPAL N\u00b0 031\/2024 &#8211; Declara emerg\u00eancia no Munic\u00edpio de Lajes, Estado do Rio Grande do Norte, em decorr\u00eancia do desastre natural climatol\u00f3gico de seca que provoca a redu\u00e7\u00e3o sustentada das reservas h\u00eddricas existentes (COBRADE\/1.4.1.2.0 \u2013 Seca), e d\u00e1 outras provid\u00eancias."},"content":{"rendered":"<div id=\"separador\" class=\"cabecalhoEstadoSeparador cabecalhoEstadoSeparador1\">\n<p style=\"text-align: center;\"><strong>ESTADO DO RIO GRANDE DO NORTE<\/strong><br \/>\n<strong>PREFEITURA MUNICIPAL DE LAJES<\/strong><\/p>\n<\/div>\n<p class=\"cabecaorgao\" style=\"text-align: center;\"><strong>GABINETE DO PREFEITO<\/strong><\/p>\n<hr \/>\n<div id=\"materia\" class=\"materia materia20091123 materia1\">\n<p>DECRETO MUNICIPAL N\u00b0 031, DE 31 DE OUTUBRO DE 2024.<\/p>\n<div class=\"mat\"><i>Declara emerg\u00eancia no Munic\u00edpio de Lajes, Estado do Rio Grande do Norte, em decorr\u00eancia do desastre natural climatol\u00f3gico de seca que provoca a redu\u00e7\u00e3o sustentada das reservas h\u00eddricas existentes (COBRADE\/1.4.1.2.0 \u2013 Seca), e d\u00e1 outras provid\u00eancias.<\/i><\/div>\n<p>&nbsp;<\/p>\n<p>O PREFEITO CONSTITUCIONAL DO MUNICIPIO DE LAJES, ESTADO DO RIO\u00a0<b>GRANDE DO NORTE,\u00a0<\/b>no uso das atribui\u00e7\u00f5es que lhe confere o art. 74, XII, da Lei Org\u00e2nica Municipal, no art. 8\u00ba, VI, da Lei Federal n\u00ba 12.608, de 10 de abril de 2012, que institui a Pol\u00edtica Nacional de Prote\u00e7\u00e3o e Defesa Civil\u00a0<b>(PNPDEC)<\/b>, Portaria MDR n\u00ba 260\/2022, que estabelece procedimentos e crit\u00e9rios para o reconhecimento federal e para declara\u00e7\u00e3o de situa\u00e7\u00e3o de emerg\u00eancia ou estado de calamidade p\u00fablica dos Munic\u00edpios, Estados e pelo Distrito Federal;<\/p>\n<p>&nbsp;<\/p>\n<p><b>CONSIDERANDO\u00a0<\/b>que o Estado do Rio Grande do Norte encontra-se com quase a totalidade de seus munic\u00edpios em emerg\u00eancia desde o ano de 2012;<\/p>\n<p><b>CONSIDERANDO\u00a0<\/b>que compete ao Poder P\u00fablico Municipal a preserva\u00e7\u00e3o do bem-estar da popula\u00e7\u00e3o e das atividades socioecon\u00f4micas das regi\u00f5es atingidas por eventos adversos, bem como a ado\u00e7\u00e3o imediata das medidas que se fizerem necess\u00e1rias para, em regime de coopera\u00e7\u00e3o, combater situa\u00e7\u00f5es emergenciais e de calamidade p\u00fablica;<\/p>\n<p><b>CONSIDERANDO\u00a0<\/b>que o per\u00edodo de estiagem pelo qual vem passando o Munic\u00edpio culminou com a baixa consider\u00e1vel do n\u00edvel dos reservat\u00f3rios e po\u00e7os exclusivos de onde \u00e9 retirada a \u00e1gua que abastece a popula\u00e7\u00e3o local, uma vez que n\u00e3o h\u00e1 capta\u00e7\u00e3o de nenhum rio no territ\u00f3rio municipal;\u00a0<b>CONSIDERANDO\u00a0<\/b>que os moradores do Munic\u00edpio de Lajes\/RN t\u00eam convivido h\u00e1 v\u00e1rios anos, em diferentes per\u00edodos do ano, com a baixa significativa do volume de \u00e1gua nos reservat\u00f3rios e com a falta d\u2019\u00e1gua em suas torneiras, impedindo a realiza\u00e7\u00e3o e atendimento das necessidades b\u00e1sicas.<\/p>\n<p><b>CONSIDERANDO\u00a0<\/b>que o impacto socioecon\u00f4mico dos anos de seca para setor agropecu\u00e1rio local \u00e9 excepcional, complexo e diferenciado, n\u00e3o s\u00f3 refletindo negativamente na infraestrutura f\u00edsica das propriedades rurais dos diversos munic\u00edpios afetados, mas tamb\u00e9m com preju\u00edzos de monta para o contingente populacional, prejudicando todos os elos das diferentes cadeias produtivas trabalhadas pelos diversos segmentos da sociedade civil, com especial destaque para os subsetores pecu\u00e1rio e<\/p>\n<p>&nbsp;<\/p>\n<p>agr\u00edcola, fortemente atingidos, experimentando restri\u00e7\u00f5es dr\u00e1sticas nos n\u00edveis da produ\u00e7\u00e3o e produtividade, al\u00e9m de severa redu\u00e7\u00e3o no n\u00famero de animais dos diferentes rebanhos;\u00a0<b>CONSIDERANDO\u00a0<\/b>que os efeitos danosos da seca s\u00e3o sentidos inicialmente nas unidades produtivas rurais, sendo no campo onde se acentuam os reflexos delet\u00e9rios da escassez h\u00eddrica, conduzindo o agricultor potiguar a um cen\u00e1rio catastr\u00f3fico, agudizado a cada ano de estiagem,<\/p>\n<p>&nbsp;<\/p>\n<p>DECRETA:<\/p>\n<p>&nbsp;<\/p>\n<p><b>Art. 1\u00ba.\u00a0<\/b>Fica declarada situa\u00e7\u00e3o emerg\u00eancia nas \u00e1reas do Munic\u00edpio de Lajes\/RN, afetadas por desastre natural climatol\u00f3gico de seca, conforme Portaria Federal n\u00ba 260\/2022, (<b>COBRADE 1.4.1.2.0 &#8211; Seca<\/b>), e d\u00e1 outras provid\u00eancias.<\/p>\n<p><b>Par\u00e1grafo \u00fanico.\u00a0<\/b>Par\u00e1grafo \u00fanico. Nos termos do Parecer T\u00e9cnico n \u00ba 003\/2023 expedido pela Coordenadoria Municipal de Prote\u00e7\u00e3o e Defesa Civil \u2013 COMPDEC, no dia 14 de dezembro de 2023, e em conformidade com o Portaria MDR n\u00ba 260\/2022, o desastre climatol\u00f3gico que acomete o Munic\u00edpio \u00e9 classificado como de m\u00e9dia intensidade (n\u00edvel II).\u00a0<b>Art. 2\u00ba.\u00a0<\/b>Autoriza-se a mobiliza\u00e7\u00e3o de todos os \u00f3rg\u00e3os municipais para atuarem sob a<\/p>\n<p>Coordenadoria Municipal de Prote\u00e7\u00e3o e Defesa Civil \u2013 COMPDEC, nas a\u00e7\u00f5es de resposta ao desastre e reabilita\u00e7\u00e3o do cen\u00e1rio e reconstru\u00e7\u00e3o.<\/p>\n<p><b>Art. 3\u00ba.\u00a0<\/b>Autoriza-se a convoca\u00e7\u00e3o de volunt\u00e1rios para refor\u00e7ar as a\u00e7\u00f5es de resposta ao desastre e realiza\u00e7\u00e3o de campanhas de arrecada\u00e7\u00e3o de recursos junto \u00e0 comunidade, com o objetivo de facilitar as a\u00e7\u00f5es de assist\u00eancia \u00e0 popula\u00e7\u00e3o afetada pelo desastre, sob a coordena\u00e7\u00e3o da Coordenadoria Municipal de Prote\u00e7\u00e3o e Defesa Civil \u2013 COMPDEC.<\/p>\n<p><b>Art. 4\u00ba.\u00a0<\/b>Fica o Poder Executivo Municipal autorizado a requerer \u00e0 Secretaria Nacional de Prote\u00e7\u00e3o e Defesa Civil, que integra o Minist\u00e9rio do Desenvolvimento Regional, o reconhecimento federal de situa\u00e7\u00e3o da emerg\u00eancia.<\/p>\n<p><b>Art. 5\u00ba.\u00a0<\/b>De acordo com o estabelecido nos incisos XI e XXV do artigo 5\u00ba da Constitui\u00e7\u00e3o Federal, autoriza-se as autoridades administrativas e os agentes de defesa civil, diretamente respons\u00e1veis pelas a\u00e7\u00f5es de resposta aos desastres, em caso de risco iminente, a:<\/p>\n<p>\u2013 Penetrar nas casas, para prestar socorro ou para determinar a pronta evacua\u00e7\u00e3o;<\/p>\n<p>\u2013 Usar de propriedade particular, no caso de iminente perigo p\u00fablico, assegurada ao propriet\u00e1rio indeniza\u00e7\u00e3o ulterior, se houver dano.<\/p>\n<p>&nbsp;<\/p>\n<p><b>Par\u00e1grafo \u00fanico:\u00a0<\/b>Ser\u00e1 responsabilizado o agente da defesa civil ou autoridade administrativa que se omitir de suas obriga\u00e7\u00f5es, relacionadas com a seguran\u00e7a global da popula\u00e7\u00e3o.<\/p>\n<p><b>Art. 6\u00ba.\u00a0<\/b>&#8211; De acordo com o estabelecido no Art. 5\u00ba do Decreto-Lei n\u00ba 3.365, de 21 de junho de 1941, autoriza-se o in\u00edcio de processos de desapropria\u00e7\u00e3o, por utilidade p\u00fablica, de propriedades particulares comprovadamente localizadas em \u00e1reas de risco intensificado de desastre.<\/p>\n<p><b>\u00a7 1\u00ba<\/b>. No processo de desapropria\u00e7\u00e3o, dever\u00e3o ser consideradas a deprecia\u00e7\u00e3o e a desvaloriza\u00e7\u00e3o que ocorrem em propriedades localizadas em \u00e1reas inseguras.<b>\u00a7 2\u00ba<\/b>. Sempre que poss\u00edvel essas propriedades ser\u00e3o trocadas por outras situadas em \u00e1reas seguras, e o processo de desmontagem e de reconstru\u00e7\u00e3o das edifica\u00e7\u00f5es, em locais seguros, ser\u00e1 apoiado pela comunidade.<\/p>\n<p><b>Art. 7\u00ba.\u00a0<\/b>Com base no Inciso IV do artigo 24 da Lei n\u00ba 8.666 de 21.06.1993, sem preju\u00edzo das restri\u00e7\u00f5es da Lei de Responsabilidade Fiscal (LC 101\/2000), ficam dispensados de licita\u00e7\u00e3o os contratos de aquisi\u00e7\u00e3o de bens necess\u00e1rios \u00e0s atividades de resposta ao desastre, de presta\u00e7\u00e3o de servi\u00e7os e de obras relacionadas com a reabilita\u00e7\u00e3o dos cen\u00e1rios dos desastres, desde que possam ser conclu\u00eddas no prazo m\u00e1ximo de cento e oitenta dias consecutivos e ininterruptos, contados a partir da caracteriza\u00e7\u00e3o do desastre, vedada a prorroga\u00e7\u00e3o dos contratos.<\/p>\n<p><b>Art. 8\u00ba.\u00a0<\/b>Este Decreto entrar\u00e1 em vigor na data de sua publica\u00e7\u00e3o, devendo vigorar pelo prazo de 180 (cento e oitenta) dias, permitindo-se uma prorroga\u00e7\u00e3o por igual per\u00edodo, se comprovada a necessidade.<\/p>\n<p>&nbsp;<\/p>\n<p>Registre. Publique-se e cumpra-se.<\/p>\n<p>&nbsp;<\/p>\n<p>Gabinete do Prefeito Municipal de Lajes\/RN, em 31 de outubro de 2024.<\/p>\n<p>&nbsp;<\/p>\n<p>&nbsp;<\/p>\n<p><b><i>FELIPE FERREIRA DE MENEZES ARA\u00daJO<\/i><\/b><\/p>\n<p><b><i><\/i><\/b>&nbsp;<\/p>\n<p>Prefeito Municipal<\/p>\n<div align=\"right\">\n<b>Publicado por:<\/b><br \/>\nRodrigo Carvalho da Silva<br \/>\n<b>C\u00f3digo Identificador:<\/b>022D8F2C<\/div>\n<p>&nbsp;<\/p>\n<hr \/>\n<p>Mat\u00e9ria publicada no Di\u00e1rio Oficial dos Munic\u00edpios do Estado do Rio Grande do Norte no dia 01\/11\/2024. Edi\u00e7\u00e3o 3406<br \/>\nA verifica\u00e7\u00e3o de autenticidade da mat\u00e9ria pode ser feita informando o c\u00f3digo identificador no site:<br \/>\nhttps:\/\/www.diariomunicipal.com.br\/femurn\/<\/p><\/div>\n<div class=\"pdfprnt-buttons pdfprnt-buttons-post pdfprnt-bottom-right\"><a href=\"https:\/\/lajes.rn.gov.br\/transparente\/index\/wp-json\/wp\/v2\/posts\/34671?print=pdf\" class=\"pdfprnt-button pdfprnt-button-pdf\" target=\"_blank\" ><img decoding=\"async\" src=\"https:\/\/lajes.rn.gov.br\/transparente\/index\/wp-content\/plugins\/pdf-print\/images\/pdf.png\" alt=\"image_pdf\" title=\"Ver PDF\" \/><\/a><a href=\"https:\/\/lajes.rn.gov.br\/transparente\/index\/wp-json\/wp\/v2\/posts\/34671?print=print\" class=\"pdfprnt-button pdfprnt-button-print\" target=\"_blank\" ><img decoding=\"async\" src=\"https:\/\/lajes.rn.gov.br\/transparente\/index\/wp-content\/plugins\/pdf-print\/images\/print.png\" alt=\"image_print\" title=\"Conte\u00fado de impress\u00e3o\" \/><\/a><\/div>","protected":false},"excerpt":{"rendered":"<p>ESTADO DO RIO GRANDE DO NORTE PREFEITURA MUNICIPAL DE LAJES GABINETE DO PREFEITO DECRETO MUNICIPAL N\u00b0 031, DE 31 DE OUTUBRO DE 2024. Declara emerg\u00eancia no Munic\u00edpio de Lajes, Estado do Rio Grande do Norte, em decorr\u00eancia do desastre natural climatol\u00f3gico de seca que provoca a redu\u00e7\u00e3o sustentada das reservas h\u00eddricas existentes (COBRADE\/1.4.1.2.0 \u2013 Seca), [&hellip;]<\/p>\n","protected":false},"author":3,"featured_media":0,"comment_status":"closed","ping_status":"closed","sticky":false,"template":"","format":"standard","meta":{"ocean_post_layout":"","ocean_both_sidebars_style":"","ocean_both_sidebars_content_width":0,"ocean_both_sidebars_sidebars_width":0,"ocean_sidebar":"","ocean_second_sidebar":"","ocean_disable_margins":"enable","ocean_add_body_class":"","ocean_shortcode_before_top_bar":"","ocean_shortcode_after_top_bar":"","ocean_shortcode_before_header":"","ocean_shortcode_after_header":"","ocean_has_shortcode":"","ocean_shortcode_after_title":"","ocean_shortcode_before_footer_widgets":"","ocean_shortcode_after_footer_widgets":"","ocean_shortcode_before_footer_bottom":"","ocean_shortcode_after_footer_bottom":"","ocean_display_top_bar":"default","ocean_display_header":"default","ocean_header_style":"","ocean_center_header_left_menu":"","ocean_custom_header_template":"","ocean_custom_logo":0,"ocean_custom_retina_logo":0,"ocean_custom_logo_max_width":0,"ocean_custom_logo_tablet_max_width":0,"ocean_custom_logo_mobile_max_width":0,"ocean_custom_logo_max_height":0,"ocean_custom_logo_tablet_max_height":0,"ocean_custom_logo_mobile_max_height":0,"ocean_header_custom_menu":"","ocean_menu_typo_font_family":"","ocean_menu_typo_font_subset":"","ocean_menu_typo_font_size":0,"ocean_menu_typo_font_size_tablet":0,"ocean_menu_typo_font_size_mobile":0,"ocean_menu_typo_font_size_unit":"px","ocean_menu_typo_font_weight":"","ocean_menu_typo_font_weight_tablet":"","ocean_menu_typo_font_weight_mobile":"","ocean_menu_typo_transform":"","ocean_menu_typo_transform_tablet":"","ocean_menu_typo_transform_mobile":"","ocean_menu_typo_line_height":0,"ocean_menu_typo_line_height_tablet":0,"ocean_menu_typo_line_height_mobile":0,"ocean_menu_typo_line_height_unit":"","ocean_menu_typo_spacing":0,"ocean_menu_typo_spacing_tablet":0,"ocean_menu_typo_spacing_mobile":0,"ocean_menu_typo_spacing_unit":"","ocean_menu_link_color":"","ocean_menu_link_color_hover":"","ocean_menu_link_color_active":"","ocean_menu_link_background":"","ocean_menu_link_hover_background":"","ocean_menu_link_active_background":"","ocean_menu_social_links_bg":"","ocean_menu_social_hover_links_bg":"","ocean_menu_social_links_color":"","ocean_menu_social_hover_links_color":"","ocean_disable_title":"default","ocean_disable_heading":"default","ocean_post_title":"","ocean_post_subheading":"","ocean_post_title_style":"","ocean_post_title_background_color":"","ocean_post_title_background":0,"ocean_post_title_bg_image_position":"","ocean_post_title_bg_image_attachment":"","ocean_post_title_bg_image_repeat":"","ocean_post_title_bg_image_size":"","ocean_post_title_height":0,"ocean_post_title_bg_overlay":0.5,"ocean_post_title_bg_overlay_color":"","ocean_disable_breadcrumbs":"default","ocean_breadcrumbs_color":"","ocean_breadcrumbs_separator_color":"","ocean_breadcrumbs_links_color":"","ocean_breadcrumbs_links_hover_color":"","ocean_display_footer_widgets":"default","ocean_display_footer_bottom":"default","ocean_custom_footer_template":"","ocean_post_oembed":"","ocean_post_self_hosted_media":"","ocean_post_video_embed":"","ocean_link_format":"","ocean_link_format_target":"self","ocean_quote_format":"","ocean_quote_format_link":"post","ocean_gallery_link_images":"on","ocean_gallery_id":[],"footnotes":""},"categories":[38,193,2],"tags":[],"class_list":["post-34671","post","type-post","status-publish","format-standard","hentry","category-decretos","category-decretos-2024","category-legislacao","entry"],"_links":{"self":[{"href":"https:\/\/lajes.rn.gov.br\/transparente\/index\/wp-json\/wp\/v2\/posts\/34671","targetHints":{"allow":["GET"]}}],"collection":[{"href":"https:\/\/lajes.rn.gov.br\/transparente\/index\/wp-json\/wp\/v2\/posts"}],"about":[{"href":"https:\/\/lajes.rn.gov.br\/transparente\/index\/wp-json\/wp\/v2\/types\/post"}],"author":[{"embeddable":true,"href":"https:\/\/lajes.rn.gov.br\/transparente\/index\/wp-json\/wp\/v2\/users\/3"}],"replies":[{"embeddable":true,"href":"https:\/\/lajes.rn.gov.br\/transparente\/index\/wp-json\/wp\/v2\/comments?post=34671"}],"version-history":[{"count":1,"href":"https:\/\/lajes.rn.gov.br\/transparente\/index\/wp-json\/wp\/v2\/posts\/34671\/revisions"}],"predecessor-version":[{"id":34672,"href":"https:\/\/lajes.rn.gov.br\/transparente\/index\/wp-json\/wp\/v2\/posts\/34671\/revisions\/34672"}],"wp:attachment":[{"href":"https:\/\/lajes.rn.gov.br\/transparente\/index\/wp-json\/wp\/v2\/media?parent=34671"}],"wp:term":[{"taxonomy":"category","embeddable":true,"href":"https:\/\/lajes.rn.gov.br\/transparente\/index\/wp-json\/wp\/v2\/categories?post=34671"},{"taxonomy":"post_tag","embeddable":true,"href":"https:\/\/lajes.rn.gov.br\/transparente\/index\/wp-json\/wp\/v2\/tags?post=34671"}],"curies":[{"name":"wp","href":"https:\/\/api.w.org\/{rel}","templated":true}]}}