{"id":34667,"date":"2024-10-31T13:20:59","date_gmt":"2024-10-31T16:20:59","guid":{"rendered":"https:\/\/lajes.rn.gov.br\/transparente\/index\/?p=34667"},"modified":"2024-11-05T13:22:00","modified_gmt":"2024-11-05T16:22:00","slug":"portaria-de-aposentadoria-005-2024-dispoe-sobre-a-concessao-do-beneficio-de-aposentadoria-voluntaria-art-20o-da-ec-no-103-2019pedagio-com-proventos-integrais-em-favor-da-servidora-aldeisa-le","status":"publish","type":"post","link":"https:\/\/lajes.rn.gov.br\/transparente\/index\/portaria-de-aposentadoria-005-2024-dispoe-sobre-a-concessao-do-beneficio-de-aposentadoria-voluntaria-art-20o-da-ec-no-103-2019pedagio-com-proventos-integrais-em-favor-da-servidora-aldeisa-le\/","title":{"rendered":"PORTARIA DE APOSENTADORIA 005\/2024 &#8211; Disp\u00f5e sobre a concess\u00e3o do benef\u00edcio de Aposentadoria Volunt\u00e1ria Art. 20\u00ba da EC n\u00ba 103\/2019(P\u00e9dagio com proventos Integrais).em favor da servidora\u00a0ALDEISA LEOCADIO SILVA DE SALES."},"content":{"rendered":"<div id=\"separador\" class=\"cabecalhoEstadoSeparador cabecalhoEstadoSeparador1\">\n<p style=\"text-align: center;\"><strong>ESTADO DO RIO GRANDE DO NORTE<\/strong><br \/>\n<strong>PREFEITURA MUNICIPAL DE LAJES<\/strong><\/p>\n<\/div>\n<p class=\"cabecaorgao\" style=\"text-align: center;\"><strong>PREVLAJES<\/strong><\/p>\n<hr \/>\n<div id=\"materia\" class=\"materia materia20091123 materia1\">\n<p>PORTARIA DE APOSENTADORIA 005\/2024<\/p>\n<p>Lajes\/RN, 31 de Outubro de 2024.<\/p>\n<p>&nbsp;<\/p>\n<p><i>Disp\u00f5e sobre a concess\u00e3o do benef\u00edcio de Aposentadoria Volunt\u00e1ria Art. 20\u00ba da EC n\u00ba 103\/2019<\/i><i>(P\u00e9dagio com proventos Integrais).em favor da servidora\u00a0<\/i><i>ALDEISA LEOCADIO SILVA DE SALES.<\/i><\/p>\n<p>&nbsp;<\/p>\n<p>&nbsp;<\/p>\n<p><b>O PREFEITO MUNICIPAL DE LAJES, Estado do Rio Grande do Norte,\u00a0<\/b>conjuntamente com o<b>\u00a0DIRETOR EXECUTIVO DO PREVLAJES &#8211; FUNDO DE PREVID\u00caNCIA SOCIAL DE LAJES,\u00a0<\/b>no uso pleno de suas atribui\u00e7\u00f5es legais, conferidas por Lei,<\/p>\n<p>&nbsp;<\/p>\n<p>Resolvem:<\/p>\n<p>&nbsp;<\/p>\n<p><b>Art. 1\u00ba\u00a0<\/b>&#8211; Conceder o benef\u00edcio de\u00a0<b>Aposentadoria Volunt\u00e1ria com proventos integrais \u2013 Art. 20, incisos I, II, III, IV e \u00a72\u00ba inciso I,\u00a0<\/b>\u00e0 servidora\u00a0<b>ALDEISA LEOCADIO SILVA DE SALES,\u00a0<\/b>portadora do RG n\u00ba 680.888 SSP\/RN, inscrita sob CPF n\u00ba 364.876.941-34, titular do cargo de ASSISTENTE SOCIAL &#8211; 40HS, registrada sob a Matr\u00edcula Funcional n\u00ba 0000511\/1, lotada na Secretaria de Desenvolvimento Social, Trabalho e Habita\u00e7\u00e3o do Munic\u00edpio de Lajes\/<i>RN, nos termos do art. 20, incisos I, II, III, IV e \u00a72\u00ba inciso I da Emenda Constitucional n\u00ba 103,\u00a0<\/i><i>de 12 de novembro de 2019, e Artigo 5.\u00ba Inciso II, da Lei Municipal n.\u00ba 861, de 14 de outubro de 2020,\u00a0<\/i>com proventos acrescidos da seguinte vantagem:<\/p>\n<p>&nbsp;<\/p>\n<p><b>I \u2013<\/b>\u00a002 (dois) quinqu\u00eanios, equivalente ao percentual de 10%, nos termos da Art. 2\u00ba da Lei Municipal n\u00b0 934 de 30 de Dezembro de 2022.<\/p>\n<p>&nbsp;<\/p>\n<p><b>Art. 2\u00ba &#8211;\u00a0<\/b>Esta Portaria entra em vigor na data de sua publica\u00e7\u00e3o, revogadas as disposi\u00e7\u00f5es em contr\u00e1rio.<\/p>\n<p>&nbsp;<\/p>\n<p>Registre-se, Publique-se e Cumpra-se.<\/p>\n<p>&nbsp;<\/p>\n<p>&nbsp;<\/p>\n<p><b><i>FELIPE FERREIRA DE MENEZES ARA\u00daJO\u00a0<\/i><\/b><\/p>\n<p><b><i><\/i><\/b>&nbsp;<\/p>\n<p>Prefeito Municipal<\/p>\n<p>&nbsp;<\/p>\n<p>&nbsp;<\/p>\n<p><b><i>ICARO LUCAS MARTINS<\/i><\/b><\/p>\n<p><b><i><\/i><\/b>&nbsp;<\/p>\n<p>Diretor Executivo do PREVLAJES<\/p>\n<div id=\"acfifjfajpekbmhmjppnmmjgmhjkildl\" class=\"acfifjfajpekbmhmjppnmmjgmhjkildl\"><\/div>\n<div id=\"acfifjfajpekbmhmjppnmmjgmhjkildl\" class=\"acfifjfajpekbmhmjppnmmjgmhjkildl\"><\/div>\n<div align=\"right\">\n<b>Publicado por:<\/b><br \/>\nIcaro Lucas Martins<br \/>\n<b>C\u00f3digo Identificador:<\/b>E4592FFD<\/div>\n<p>&nbsp;<\/p>\n<hr \/>\n<p>Mat\u00e9ria publicada no Di\u00e1rio Oficial dos Munic\u00edpios do Estado do Rio Grande do Norte no dia 01\/11\/2024. Edi\u00e7\u00e3o 3406<br \/>\nA verifica\u00e7\u00e3o de autenticidade da mat\u00e9ria pode ser feita informando o c\u00f3digo identificador no site:<br \/>\nhttps:\/\/www.diariomunicipal.com.br\/femurn\/<\/p><\/div>\n<div class=\"pdfprnt-buttons pdfprnt-buttons-post pdfprnt-bottom-right\"><a href=\"https:\/\/lajes.rn.gov.br\/transparente\/index\/wp-json\/wp\/v2\/posts\/34667?print=pdf\" class=\"pdfprnt-button pdfprnt-button-pdf\" target=\"_blank\" ><img decoding=\"async\" src=\"https:\/\/lajes.rn.gov.br\/transparente\/index\/wp-content\/plugins\/pdf-print\/images\/pdf.png\" alt=\"image_pdf\" title=\"Ver PDF\" \/><\/a><a href=\"https:\/\/lajes.rn.gov.br\/transparente\/index\/wp-json\/wp\/v2\/posts\/34667?print=print\" class=\"pdfprnt-button pdfprnt-button-print\" target=\"_blank\" ><img decoding=\"async\" src=\"https:\/\/lajes.rn.gov.br\/transparente\/index\/wp-content\/plugins\/pdf-print\/images\/print.png\" alt=\"image_print\" title=\"Conte\u00fado de impress\u00e3o\" \/><\/a><\/div>","protected":false},"excerpt":{"rendered":"<p>ESTADO DO RIO GRANDE DO NORTE PREFEITURA MUNICIPAL DE LAJES PREVLAJES PORTARIA DE APOSENTADORIA 005\/2024 Lajes\/RN, 31 de Outubro de 2024. &nbsp; Disp\u00f5e sobre a concess\u00e3o do benef\u00edcio de Aposentadoria Volunt\u00e1ria Art. 20\u00ba da EC n\u00ba 103\/2019(P\u00e9dagio com proventos Integrais).em favor da servidora\u00a0ALDEISA LEOCADIO SILVA DE SALES. &nbsp; &nbsp; O PREFEITO MUNICIPAL DE LAJES, Estado [&hellip;]<\/p>\n","protected":false},"author":3,"featured_media":0,"comment_status":"closed","ping_status":"closed","sticky":false,"template":"","format":"standard","meta":{"ocean_post_layout":"","ocean_both_sidebars_style":"","ocean_both_sidebars_content_width":0,"ocean_both_sidebars_sidebars_width":0,"ocean_sidebar":"","ocean_second_sidebar":"","ocean_disable_margins":"enable","ocean_add_body_class":"","ocean_shortcode_before_top_bar":"","ocean_shortcode_after_top_bar":"","ocean_shortcode_before_header":"","ocean_shortcode_after_header":"","ocean_has_shortcode":"","ocean_shortcode_after_title":"","ocean_shortcode_before_footer_widgets":"","ocean_shortcode_after_footer_widgets":"","ocean_shortcode_before_footer_bottom":"","ocean_shortcode_after_footer_bottom":"","ocean_display_top_bar":"default","ocean_display_header":"default","ocean_header_style":"","ocean_center_header_left_menu":"","ocean_custom_header_template":"","ocean_custom_logo":0,"ocean_custom_retina_logo":0,"ocean_custom_logo_max_width":0,"ocean_custom_logo_tablet_max_width":0,"ocean_custom_logo_mobile_max_width":0,"ocean_custom_logo_max_height":0,"ocean_custom_logo_tablet_max_height":0,"ocean_custom_logo_mobile_max_height":0,"ocean_header_custom_menu":"","ocean_menu_typo_font_family":"","ocean_menu_typo_font_subset":"","ocean_menu_typo_font_size":0,"ocean_menu_typo_font_size_tablet":0,"ocean_menu_typo_font_size_mobile":0,"ocean_menu_typo_font_size_unit":"px","ocean_menu_typo_font_weight":"","ocean_menu_typo_font_weight_tablet":"","ocean_menu_typo_font_weight_mobile":"","ocean_menu_typo_transform":"","ocean_menu_typo_transform_tablet":"","ocean_menu_typo_transform_mobile":"","ocean_menu_typo_line_height":0,"ocean_menu_typo_line_height_tablet":0,"ocean_menu_typo_line_height_mobile":0,"ocean_menu_typo_line_height_unit":"","ocean_menu_typo_spacing":0,"ocean_menu_typo_spacing_tablet":0,"ocean_menu_typo_spacing_mobile":0,"ocean_menu_typo_spacing_unit":"","ocean_menu_link_color":"","ocean_menu_link_color_hover":"","ocean_menu_link_color_active":"","ocean_menu_link_background":"","ocean_menu_link_hover_background":"","ocean_menu_link_active_background":"","ocean_menu_social_links_bg":"","ocean_menu_social_hover_links_bg":"","ocean_menu_social_links_color":"","ocean_menu_social_hover_links_color":"","ocean_disable_title":"default","ocean_disable_heading":"default","ocean_post_title":"","ocean_post_subheading":"","ocean_post_title_style":"","ocean_post_title_background_color":"","ocean_post_title_background":0,"ocean_post_title_bg_image_position":"","ocean_post_title_bg_image_attachment":"","ocean_post_title_bg_image_repeat":"","ocean_post_title_bg_image_size":"","ocean_post_title_height":0,"ocean_post_title_bg_overlay":0.5,"ocean_post_title_bg_overlay_color":"","ocean_disable_breadcrumbs":"default","ocean_breadcrumbs_color":"","ocean_breadcrumbs_separator_color":"","ocean_breadcrumbs_links_color":"","ocean_breadcrumbs_links_hover_color":"","ocean_display_footer_widgets":"default","ocean_display_footer_bottom":"default","ocean_custom_footer_template":"","ocean_post_oembed":"","ocean_post_self_hosted_media":"","ocean_post_video_embed":"","ocean_link_format":"","ocean_link_format_target":"self","ocean_quote_format":"","ocean_quote_format_link":"post","ocean_gallery_link_images":"on","ocean_gallery_id":[],"footnotes":""},"categories":[2,61,192],"tags":[],"class_list":["post-34667","post","type-post","status-publish","format-standard","hentry","category-legislacao","category-portarias","category-portarias-2024","entry"],"_links":{"self":[{"href":"https:\/\/lajes.rn.gov.br\/transparente\/index\/wp-json\/wp\/v2\/posts\/34667","targetHints":{"allow":["GET"]}}],"collection":[{"href":"https:\/\/lajes.rn.gov.br\/transparente\/index\/wp-json\/wp\/v2\/posts"}],"about":[{"href":"https:\/\/lajes.rn.gov.br\/transparente\/index\/wp-json\/wp\/v2\/types\/post"}],"author":[{"embeddable":true,"href":"https:\/\/lajes.rn.gov.br\/transparente\/index\/wp-json\/wp\/v2\/users\/3"}],"replies":[{"embeddable":true,"href":"https:\/\/lajes.rn.gov.br\/transparente\/index\/wp-json\/wp\/v2\/comments?post=34667"}],"version-history":[{"count":1,"href":"https:\/\/lajes.rn.gov.br\/transparente\/index\/wp-json\/wp\/v2\/posts\/34667\/revisions"}],"predecessor-version":[{"id":34668,"href":"https:\/\/lajes.rn.gov.br\/transparente\/index\/wp-json\/wp\/v2\/posts\/34667\/revisions\/34668"}],"wp:attachment":[{"href":"https:\/\/lajes.rn.gov.br\/transparente\/index\/wp-json\/wp\/v2\/media?parent=34667"}],"wp:term":[{"taxonomy":"category","embeddable":true,"href":"https:\/\/lajes.rn.gov.br\/transparente\/index\/wp-json\/wp\/v2\/categories?post=34667"},{"taxonomy":"post_tag","embeddable":true,"href":"https:\/\/lajes.rn.gov.br\/transparente\/index\/wp-json\/wp\/v2\/tags?post=34667"}],"curies":[{"name":"wp","href":"https:\/\/api.w.org\/{rel}","templated":true}]}}