{"id":34565,"date":"2024-10-11T08:40:42","date_gmt":"2024-10-11T11:40:42","guid":{"rendered":"https:\/\/lajes.rn.gov.br\/transparente\/index\/?p=34565"},"modified":"2024-10-15T08:41:44","modified_gmt":"2024-10-15T11:41:44","slug":"decreto-municipal-n-028-2024-renova-a-vigencia-do-decreto-municipal-no-014-de-02-de-maio-de-2024-que-declarou-situacao-de-emergencia-no-municipio-de-lajes-rn-em-decorrencia-do-desastre-natura","status":"publish","type":"post","link":"https:\/\/lajes.rn.gov.br\/transparente\/index\/decreto-municipal-n-028-2024-renova-a-vigencia-do-decreto-municipal-no-014-de-02-de-maio-de-2024-que-declarou-situacao-de-emergencia-no-municipio-de-lajes-rn-em-decorrencia-do-desastre-natura\/","title":{"rendered":"DECRETO MUNICIPAL N\u00b0 028\/2024 &#8211; Renova a vig\u00eancia do Decreto Municipal n\u00ba 014 de 02 de maio de 2024, que declarou situa\u00e7\u00e3o de emerg\u00eancia no Munic\u00edpio de Lajes\/RN em decorr\u00eancia do desastre natural climatol\u00f3gico por estiagem prolongada."},"content":{"rendered":"<div id=\"separador\" class=\"cabecalhoEstadoSeparador cabecalhoEstadoSeparador1\">\n<p style=\"text-align: center;\"><strong>ESTADO DO RIO GRANDE DO NORTE<\/strong><br \/>\n<strong>PREFEITURA MUNICIPAL DE LAJES<\/strong><\/p>\n<\/div>\n<p class=\"cabecaorgao\" style=\"text-align: center;\"><strong>GABINETE DO PREFEITO<\/strong><\/p>\n<hr \/>\n<div id=\"materia\" class=\"materia materia20091123 materia1\">\n<p>DECRETO MUNICIPAL N\u00b0 028, DE 11 DE OUTUBRO DE 2024<\/p>\n<div class=\"mat\"><i>Renova a vig\u00eancia do Decreto Municipal n\u00ba 014 de 02 de maio de 2024, que declarou situa\u00e7\u00e3o de emerg\u00eancia no Munic\u00edpio de Lajes\/RN em decorr\u00eancia do desastre natural climatol\u00f3gico por estiagem prolongada.<\/i><\/div>\n<p>&nbsp;<\/p>\n<p><b>O\u00a0<\/b><b>PREFEITO CONSTITUCIONAL DO MUNICIPIO DE LAJES, ESTADO DO RIO GRANDE DO NORTE,<\/b>\u00a0no uso das atribui\u00e7\u00f5es que lhe confere o art. 74, XII, da Lei Org\u00e2nica Municipal, no art. 8\u00ba, VI, da Lei Federal n\u00ba 12.608, de 10 de abril de 2012, que institui a Pol\u00edtica Nacional de Prote\u00e7\u00e3o e Defesa Civil<b>(PNPDEC)<\/b>, da Instru\u00e7\u00e3o Normativa n. 36, de 04 de dezembro de 2020, que estabelece procedimentos e crit\u00e9rios para o reconhecimento federal e para declara\u00e7\u00e3o de situa\u00e7\u00e3o de emerg\u00eancia ou estado de calamidade p\u00fablica dos Munic\u00edpios, Estados e pelo Distrito Federal;<\/p>\n<p>&nbsp;<\/p>\n<p><b>CONSIDERANDO<\/b>\u00a0que o Decreto Municipal n\u00ba 014, de 02 de maio de 2024, declarou situa\u00e7\u00e3o de emerg\u00eancia no Munic\u00edpio de Lajes\/RN devido \u00e0 estiagem prolongada e, conforme estabelecido em seu Art. 8\u00ba, a vig\u00eancia inicial foi fixada em 180 (cento e oitenta) dias, permitindo-se uma prorroga\u00e7\u00e3o por igual per\u00edodo se comprovada a necessidade;<\/p>\n<p><b>CONSIDERANDO<\/b>\u00a0que a estiagem persiste e os impactos socioecon\u00f4micos negativos, especialmente no setor agropecu\u00e1rio, continuam a comprometer as atividades produtivas e a qualidade de vida da popula\u00e7\u00e3o;<\/p>\n<p><b>CONSIDERANDO<\/b>\u00a0que as reservas h\u00eddricas do munic\u00edpio permanecem em n\u00edveis cr\u00edticos, agravando a situa\u00e7\u00e3o de abastecimento de \u00e1gua, tanto para consumo humano quanto para uso agr\u00edcola e pecu\u00e1rio;<\/p>\n<p>&nbsp;<\/p>\n<p><b>DECRETA:<\/b><\/p>\n<p><b>Art. 1\u00ba.<\/b>\u00a0Fica renovada, por mais 180 (cento e oitenta) dias, a situa\u00e7\u00e3o de emerg\u00eancia h\u00eddrica no Munic\u00edpio de Lajes\/RN, inicialmente declarada pelo Decreto Municipal n\u00ba 014, de 02 de maio de 2024, em virtude da estiagem prolongada que continua a reduzir as reservas h\u00eddricas existentes no Munic\u00edpio (COBRADE\/1.4.1.1.0 \u2013 Estiagem).<\/p>\n<p><b>Art. 2\u00ba.<\/b>\u00a0Ficam mantidas todas as disposi\u00e7\u00f5es do Decreto Municipal n\u00ba 014, de 02 de maio de 2024, que n\u00e3o conflitarem com este Decreto.<\/p>\n<p><b>Art. 3\u00ba.<\/b>\u00a0Este Decreto entrar\u00e1 em vigor na data de sua publica\u00e7\u00e3o, retroagindo a 02 de agosto de 2024, devendo vigorar pelo prazo de 180 (cento e oitenta) dias, permitindo-se uma prorroga\u00e7\u00e3o por igual per\u00edodo, se comprovada a necessidade.<\/p>\n<p>&nbsp;<\/p>\n<p>Registre. Publique-se e cumpra-se.<\/p>\n<p>&nbsp;<\/p>\n<p><b>Gabinete do Prefeito Municipal de Lajes\/RN, em 11 de outubro de 2024<\/b>.<\/p>\n<p>&nbsp;<\/p>\n<p><b><i>FELIPE FERREIRA DE MENEZES ARA\u00daJO<\/i><\/b><\/p>\n<p>Prefeito Municipal<\/p>\n<p>&nbsp;<\/p>\n<div align=\"right\">\n<b>Publicado por:<\/b><br \/>\nRodrigo Carvalho da Silva<br \/>\n<b>C\u00f3digo Identificador:<\/b>86FE276C<\/div>\n<p>&nbsp;<\/p>\n<hr \/>\n<p>Mat\u00e9ria publicada no Di\u00e1rio Oficial dos Munic\u00edpios do Estado do Rio Grande do Norte no dia 14\/10\/2024. Edi\u00e7\u00e3o 3392<br \/>\nA verifica\u00e7\u00e3o de autenticidade da mat\u00e9ria pode ser feita informando o c\u00f3digo identificador no site:<br \/>\nhttps:\/\/www.diariomunicipal.com.br\/femurn\/<\/p><\/div>\n<div class=\"pdfprnt-buttons pdfprnt-buttons-post pdfprnt-bottom-right\"><a href=\"https:\/\/lajes.rn.gov.br\/transparente\/index\/wp-json\/wp\/v2\/posts\/34565?print=pdf\" class=\"pdfprnt-button pdfprnt-button-pdf\" target=\"_blank\" ><img decoding=\"async\" src=\"https:\/\/lajes.rn.gov.br\/transparente\/index\/wp-content\/plugins\/pdf-print\/images\/pdf.png\" alt=\"image_pdf\" title=\"Ver PDF\" \/><\/a><a href=\"https:\/\/lajes.rn.gov.br\/transparente\/index\/wp-json\/wp\/v2\/posts\/34565?print=print\" class=\"pdfprnt-button pdfprnt-button-print\" target=\"_blank\" ><img decoding=\"async\" src=\"https:\/\/lajes.rn.gov.br\/transparente\/index\/wp-content\/plugins\/pdf-print\/images\/print.png\" alt=\"image_print\" title=\"Conte\u00fado de impress\u00e3o\" \/><\/a><\/div>","protected":false},"excerpt":{"rendered":"<p>ESTADO DO RIO GRANDE DO NORTE PREFEITURA MUNICIPAL DE LAJES GABINETE DO PREFEITO DECRETO MUNICIPAL N\u00b0 028, DE 11 DE OUTUBRO DE 2024 Renova a vig\u00eancia do Decreto Municipal n\u00ba 014 de 02 de maio de 2024, que declarou situa\u00e7\u00e3o de emerg\u00eancia no Munic\u00edpio de Lajes\/RN em decorr\u00eancia do desastre natural climatol\u00f3gico por estiagem prolongada. [&hellip;]<\/p>\n","protected":false},"author":3,"featured_media":0,"comment_status":"closed","ping_status":"closed","sticky":false,"template":"","format":"standard","meta":{"ocean_post_layout":"","ocean_both_sidebars_style":"","ocean_both_sidebars_content_width":0,"ocean_both_sidebars_sidebars_width":0,"ocean_sidebar":"","ocean_second_sidebar":"","ocean_disable_margins":"enable","ocean_add_body_class":"","ocean_shortcode_before_top_bar":"","ocean_shortcode_after_top_bar":"","ocean_shortcode_before_header":"","ocean_shortcode_after_header":"","ocean_has_shortcode":"","ocean_shortcode_after_title":"","ocean_shortcode_before_footer_widgets":"","ocean_shortcode_after_footer_widgets":"","ocean_shortcode_before_footer_bottom":"","ocean_shortcode_after_footer_bottom":"","ocean_display_top_bar":"default","ocean_display_header":"default","ocean_header_style":"","ocean_center_header_left_menu":"","ocean_custom_header_template":"","ocean_custom_logo":0,"ocean_custom_retina_logo":0,"ocean_custom_logo_max_width":0,"ocean_custom_logo_tablet_max_width":0,"ocean_custom_logo_mobile_max_width":0,"ocean_custom_logo_max_height":0,"ocean_custom_logo_tablet_max_height":0,"ocean_custom_logo_mobile_max_height":0,"ocean_header_custom_menu":"","ocean_menu_typo_font_family":"","ocean_menu_typo_font_subset":"","ocean_menu_typo_font_size":0,"ocean_menu_typo_font_size_tablet":0,"ocean_menu_typo_font_size_mobile":0,"ocean_menu_typo_font_size_unit":"px","ocean_menu_typo_font_weight":"","ocean_menu_typo_font_weight_tablet":"","ocean_menu_typo_font_weight_mobile":"","ocean_menu_typo_transform":"","ocean_menu_typo_transform_tablet":"","ocean_menu_typo_transform_mobile":"","ocean_menu_typo_line_height":0,"ocean_menu_typo_line_height_tablet":0,"ocean_menu_typo_line_height_mobile":0,"ocean_menu_typo_line_height_unit":"","ocean_menu_typo_spacing":0,"ocean_menu_typo_spacing_tablet":0,"ocean_menu_typo_spacing_mobile":0,"ocean_menu_typo_spacing_unit":"","ocean_menu_link_color":"","ocean_menu_link_color_hover":"","ocean_menu_link_color_active":"","ocean_menu_link_background":"","ocean_menu_link_hover_background":"","ocean_menu_link_active_background":"","ocean_menu_social_links_bg":"","ocean_menu_social_hover_links_bg":"","ocean_menu_social_links_color":"","ocean_menu_social_hover_links_color":"","ocean_disable_title":"default","ocean_disable_heading":"default","ocean_post_title":"","ocean_post_subheading":"","ocean_post_title_style":"","ocean_post_title_background_color":"","ocean_post_title_background":0,"ocean_post_title_bg_image_position":"","ocean_post_title_bg_image_attachment":"","ocean_post_title_bg_image_repeat":"","ocean_post_title_bg_image_size":"","ocean_post_title_height":0,"ocean_post_title_bg_overlay":0.5,"ocean_post_title_bg_overlay_color":"","ocean_disable_breadcrumbs":"default","ocean_breadcrumbs_color":"","ocean_breadcrumbs_separator_color":"","ocean_breadcrumbs_links_color":"","ocean_breadcrumbs_links_hover_color":"","ocean_display_footer_widgets":"default","ocean_display_footer_bottom":"default","ocean_custom_footer_template":"","ocean_post_oembed":"","ocean_post_self_hosted_media":"","ocean_post_video_embed":"","ocean_link_format":"","ocean_link_format_target":"self","ocean_quote_format":"","ocean_quote_format_link":"post","ocean_gallery_link_images":"on","ocean_gallery_id":[],"footnotes":""},"categories":[38,193,2],"tags":[],"class_list":["post-34565","post","type-post","status-publish","format-standard","hentry","category-decretos","category-decretos-2024","category-legislacao","entry"],"_links":{"self":[{"href":"https:\/\/lajes.rn.gov.br\/transparente\/index\/wp-json\/wp\/v2\/posts\/34565","targetHints":{"allow":["GET"]}}],"collection":[{"href":"https:\/\/lajes.rn.gov.br\/transparente\/index\/wp-json\/wp\/v2\/posts"}],"about":[{"href":"https:\/\/lajes.rn.gov.br\/transparente\/index\/wp-json\/wp\/v2\/types\/post"}],"author":[{"embeddable":true,"href":"https:\/\/lajes.rn.gov.br\/transparente\/index\/wp-json\/wp\/v2\/users\/3"}],"replies":[{"embeddable":true,"href":"https:\/\/lajes.rn.gov.br\/transparente\/index\/wp-json\/wp\/v2\/comments?post=34565"}],"version-history":[{"count":1,"href":"https:\/\/lajes.rn.gov.br\/transparente\/index\/wp-json\/wp\/v2\/posts\/34565\/revisions"}],"predecessor-version":[{"id":34566,"href":"https:\/\/lajes.rn.gov.br\/transparente\/index\/wp-json\/wp\/v2\/posts\/34565\/revisions\/34566"}],"wp:attachment":[{"href":"https:\/\/lajes.rn.gov.br\/transparente\/index\/wp-json\/wp\/v2\/media?parent=34565"}],"wp:term":[{"taxonomy":"category","embeddable":true,"href":"https:\/\/lajes.rn.gov.br\/transparente\/index\/wp-json\/wp\/v2\/categories?post=34565"},{"taxonomy":"post_tag","embeddable":true,"href":"https:\/\/lajes.rn.gov.br\/transparente\/index\/wp-json\/wp\/v2\/tags?post=34565"}],"curies":[{"name":"wp","href":"https:\/\/api.w.org\/{rel}","templated":true}]}}