{"id":34320,"date":"2024-08-01T12:10:24","date_gmt":"2024-08-01T15:10:24","guid":{"rendered":"https:\/\/lajes.rn.gov.br\/transparente\/index\/?p=34320"},"modified":"2024-08-05T12:17:34","modified_gmt":"2024-08-05T15:17:34","slug":"decreto-municipal-no-026-2024-abre-credito-adicional-suplementar-ao-orcamento-do-exercicio-de-2024-no-valor-de-r-1-081-81300-para-os-fins-que-especifica-e-da-outras-providencias","status":"publish","type":"post","link":"https:\/\/lajes.rn.gov.br\/transparente\/index\/decreto-municipal-no-026-2024-abre-credito-adicional-suplementar-ao-orcamento-do-exercicio-de-2024-no-valor-de-r-1-081-81300-para-os-fins-que-especifica-e-da-outras-providencias\/","title":{"rendered":"DECRETO MUNICIPAL N\u00ba 026\/2024 &#8211; \u201cAbre Cr\u00e9dito Adicional Suplementar ao Or\u00e7amento do exerc\u00edcio de 2024 no valor de R$ 1.081.813,00 para os fins que especifica e d\u00e1 outras providencias.\u201d"},"content":{"rendered":"<div id=\"separador\" class=\"cabecalhoEstadoSeparador cabecalhoEstadoSeparador2\">\n<p style=\"text-align: center;\"><strong>ESTADO DO RIO GRANDE DO NORTE<\/strong><br \/>\n<strong>PREFEITURA MUNICIPAL DE LAJES<\/strong><\/p>\n<\/div>\n<p class=\"cabecaorgao\" style=\"text-align: center;\"><strong>GABINETE DO PREFEITO<\/strong><\/p>\n<hr \/>\n<div id=\"materia\" class=\"materia materia20091123 materia2\">\n<p>DECRETO MUNICIPAL N\u00ba 026, DE 01 DE AGOSTO DE 2024.<\/p>\n<div class=\"mat\"><\/div>\n<p>\u201cAbre Cr\u00e9dito Adicional Suplementar ao Or\u00e7amento do exerc\u00edcio de 2024 no valor de R$ 1.081.813,00 para os fins que especifica e d\u00e1 outras providencias.\u201d<\/p>\n<p>&nbsp;<\/p>\n<p>O<b>\u00a0PREFEITO CONSTI1TUCIONAL DO MUNICIPIO DE LAJES, ESTADO DO RIO GRANDE DO NORTE<\/b>, no uso de suas atribui\u00e7\u00f5es que lhes s\u00e3o conferidas pela Lei Org\u00e2nica Municipal:<\/p>\n<p>&nbsp;<\/p>\n<p><b>DECRETA:<\/b><\/p>\n<p>&nbsp;<\/p>\n<p><b>Art. 1\u00ba\u00a0<\/b>&#8211; Fica aberto, no corrente exerc\u00edcio, Cr\u00e9dito Adicional Suplementar no valor de R$ no valor de R$ 1.081.813,00 (um milh\u00e3o, oitenta e mil, oitocentos e treze reais) \u00e0s dota\u00e7\u00f5es especificadas no Anexo I deste Decreto.<\/p>\n<p><b>Art.2.\u00ba\u00a0<\/b>&#8211; Constitui fontes de recursos para cobertura do presente cr\u00e9dito, na forma da Lei Federal n. \u00ba4.320, de 17 de mar\u00e7o de 1964, prevista no Art. 43, \u00a71.\u00ba inciso II, excesso de arrecada\u00e7\u00e3o da dota\u00e7\u00e3o or\u00e7ament\u00e1ria constante do anexo I, deste Decreto.<\/p>\n<p><b>Art. 3\u00ba<\/b>\u00a0&#8211; Este\u00a0<i>Decreto<\/i>\u00a0entra em vigor na data de sua publica\u00e7\u00e3o, revogadas as disposi\u00e7\u00f5es em contr\u00e1rio.<\/p>\n<p>&nbsp;<\/p>\n<p>Registra-se, Publica-se e Cumpra-se.<\/p>\n<p>&nbsp;<\/p>\n<p><b>Gabinete do Prefeito, em Lajes\/RN, aos 01 dias do m\u00eas de agosto do ano de 2024.<\/b><\/p>\n<p>&nbsp;<\/p>\n<p><b><i>FELIPE FERREIRA DE MENEZES ARA\u00daJO<\/i><\/b><\/p>\n<p>Prefeito Municipal<\/p>\n<p>&nbsp;<\/p>\n<p><b>ANEXO I<\/b><\/p>\n<p>&nbsp;<\/p>\n<table class=\"mat\" border=\"1\" cellspacing=\"0\" cellpadding=\"0\" align=\"left\">\n<tbody>\n<tr>\n<td width=\"17%\">Unidade Or\u00e7ament\u00e1ria<\/td>\n<td width=\"14%\">A\u00e7\u00e3o<\/td>\n<td width=\"41%\">Natureza<\/td>\n<td width=\"9%\">Fonte<\/td>\n<td width=\"6%\">Regi\u00e3o<\/td>\n<td width=\"10%\">Valor<\/td>\n<\/tr>\n<tr>\n<td width=\"17%\"><b>Anexo I (Acr\u00e9scimo)<\/b><\/td>\n<td width=\"14%\">&nbsp;<\/td>\n<td width=\"41%\">&nbsp;<\/td>\n<td width=\"9%\">&nbsp;<\/td>\n<td width=\"6%\">&nbsp;<\/td>\n<td width=\"10%\"><b>1.081.813,00<\/b><\/td>\n<\/tr>\n<tr>\n<td width=\"17%\"><b>03.001 FUNDO MUNICIPAL DE SA\u00daDE<\/b><\/td>\n<td width=\"14%\">&nbsp;<\/td>\n<td width=\"41%\">&nbsp;<\/td>\n<td width=\"9%\">&nbsp;<\/td>\n<td width=\"6%\">&nbsp;<\/td>\n<td width=\"10%\"><b>1.081.813,00<\/b><\/td>\n<\/tr>\n<tr>\n<td width=\"17%\">&nbsp;<\/td>\n<td width=\"14%\"><b>2076 ADESAO A CONTRATACAO DE HOSPITAIS FILANTROPICOS<\/b><\/td>\n<td width=\"41%\">&nbsp;<\/td>\n<td width=\"9%\">&nbsp;<\/td>\n<td width=\"6%\">&nbsp;<\/td>\n<td width=\"10%\"><b>881.813,00<\/b><\/td>\n<\/tr>\n<tr>\n<td width=\"17%\">&nbsp;<\/td>\n<td width=\"14%\">&nbsp;<\/td>\n<td width=\"41%\">339039 OUTRO SERVI\u00c7OS DE TERCEIROS \u2013 PESSOA JUR\u00cdDICA<\/td>\n<td width=\"9%\">16003110<\/td>\n<td width=\"6%\">0001<\/td>\n<td width=\"10%\">881.813,00<\/td>\n<\/tr>\n<tr>\n<td width=\"17%\">&nbsp;<\/td>\n<td width=\"14%\"><b>2209 MANUTEN\u00c7\u00c3O DA UNIDADE DE PRONTO ATENDIMENTO<\/b><\/td>\n<td width=\"41%\">&nbsp;<\/td>\n<td width=\"9%\">&nbsp;<\/td>\n<td width=\"6%\">&nbsp;<\/td>\n<td width=\"10%\"><b>200.000,00<\/b><\/td>\n<\/tr>\n<tr>\n<td width=\"17%\">&nbsp;<\/td>\n<td width=\"14%\">&nbsp;<\/td>\n<td width=\"41%\">339039 OUTRO SERVI\u00c7OS DE TERCEIROS \u2013 PESSOA JUR\u00cdDICA<\/td>\n<td width=\"9%\">1621<\/td>\n<td width=\"6%\">0001<\/td>\n<td width=\"10%\">200.000,00<\/td>\n<\/tr>\n<\/tbody>\n<\/table>\n<div align=\"right\">\n<b>Publicado por:<\/b><br \/>\nRodrigo Carvalho da Silva<br \/>\n<b>C\u00f3digo Identificador:<\/b>D9B30C4E<\/div>\n<p>&nbsp;<\/p>\n<hr \/>\n<p>Mat\u00e9ria publicada no Di\u00e1rio Oficial dos Munic\u00edpios do Estado do Rio Grande do Norte no dia 02\/08\/2024. Edi\u00e7\u00e3o 3341<br \/>\nA verifica\u00e7\u00e3o de autenticidade da mat\u00e9ria pode ser feita informando o c\u00f3digo identificador no site:<br \/>\nhttps:\/\/www.diariomunicipal.com.br\/femurn\/<\/p><\/div>\n<div class=\"pdfprnt-buttons pdfprnt-buttons-post pdfprnt-bottom-right\"><a href=\"https:\/\/lajes.rn.gov.br\/transparente\/index\/wp-json\/wp\/v2\/posts\/34320?print=pdf\" class=\"pdfprnt-button pdfprnt-button-pdf\" target=\"_blank\" ><img decoding=\"async\" src=\"https:\/\/lajes.rn.gov.br\/transparente\/index\/wp-content\/plugins\/pdf-print\/images\/pdf.png\" alt=\"image_pdf\" title=\"Ver PDF\" \/><\/a><a href=\"https:\/\/lajes.rn.gov.br\/transparente\/index\/wp-json\/wp\/v2\/posts\/34320?print=print\" class=\"pdfprnt-button pdfprnt-button-print\" target=\"_blank\" ><img decoding=\"async\" src=\"https:\/\/lajes.rn.gov.br\/transparente\/index\/wp-content\/plugins\/pdf-print\/images\/print.png\" alt=\"image_print\" title=\"Conte\u00fado de impress\u00e3o\" \/><\/a><\/div>","protected":false},"excerpt":{"rendered":"<p>ESTADO DO RIO GRANDE DO NORTE PREFEITURA MUNICIPAL DE LAJES GABINETE DO PREFEITO DECRETO MUNICIPAL N\u00ba 026, DE 01 DE AGOSTO DE 2024. \u201cAbre Cr\u00e9dito Adicional Suplementar ao Or\u00e7amento do exerc\u00edcio de 2024 no valor de R$ 1.081.813,00 para os fins que especifica e d\u00e1 outras providencias.\u201d &nbsp; O\u00a0PREFEITO CONSTI1TUCIONAL DO MUNICIPIO DE LAJES, ESTADO [&hellip;]<\/p>\n","protected":false},"author":3,"featured_media":0,"comment_status":"closed","ping_status":"closed","sticky":false,"template":"","format":"standard","meta":{"ocean_post_layout":"","ocean_both_sidebars_style":"","ocean_both_sidebars_content_width":0,"ocean_both_sidebars_sidebars_width":0,"ocean_sidebar":"","ocean_second_sidebar":"","ocean_disable_margins":"enable","ocean_add_body_class":"","ocean_shortcode_before_top_bar":"","ocean_shortcode_after_top_bar":"","ocean_shortcode_before_header":"","ocean_shortcode_after_header":"","ocean_has_shortcode":"","ocean_shortcode_after_title":"","ocean_shortcode_before_footer_widgets":"","ocean_shortcode_after_footer_widgets":"","ocean_shortcode_before_footer_bottom":"","ocean_shortcode_after_footer_bottom":"","ocean_display_top_bar":"default","ocean_display_header":"default","ocean_header_style":"","ocean_center_header_left_menu":"","ocean_custom_header_template":"","ocean_custom_logo":0,"ocean_custom_retina_logo":0,"ocean_custom_logo_max_width":0,"ocean_custom_logo_tablet_max_width":0,"ocean_custom_logo_mobile_max_width":0,"ocean_custom_logo_max_height":0,"ocean_custom_logo_tablet_max_height":0,"ocean_custom_logo_mobile_max_height":0,"ocean_header_custom_menu":"","ocean_menu_typo_font_family":"","ocean_menu_typo_font_subset":"","ocean_menu_typo_font_size":0,"ocean_menu_typo_font_size_tablet":0,"ocean_menu_typo_font_size_mobile":0,"ocean_menu_typo_font_size_unit":"px","ocean_menu_typo_font_weight":"","ocean_menu_typo_font_weight_tablet":"","ocean_menu_typo_font_weight_mobile":"","ocean_menu_typo_transform":"","ocean_menu_typo_transform_tablet":"","ocean_menu_typo_transform_mobile":"","ocean_menu_typo_line_height":0,"ocean_menu_typo_line_height_tablet":0,"ocean_menu_typo_line_height_mobile":0,"ocean_menu_typo_line_height_unit":"","ocean_menu_typo_spacing":0,"ocean_menu_typo_spacing_tablet":0,"ocean_menu_typo_spacing_mobile":0,"ocean_menu_typo_spacing_unit":"","ocean_menu_link_color":"","ocean_menu_link_color_hover":"","ocean_menu_link_color_active":"","ocean_menu_link_background":"","ocean_menu_link_hover_background":"","ocean_menu_link_active_background":"","ocean_menu_social_links_bg":"","ocean_menu_social_hover_links_bg":"","ocean_menu_social_links_color":"","ocean_menu_social_hover_links_color":"","ocean_disable_title":"default","ocean_disable_heading":"default","ocean_post_title":"","ocean_post_subheading":"","ocean_post_title_style":"","ocean_post_title_background_color":"","ocean_post_title_background":0,"ocean_post_title_bg_image_position":"","ocean_post_title_bg_image_attachment":"","ocean_post_title_bg_image_repeat":"","ocean_post_title_bg_image_size":"","ocean_post_title_height":0,"ocean_post_title_bg_overlay":0.5,"ocean_post_title_bg_overlay_color":"","ocean_disable_breadcrumbs":"default","ocean_breadcrumbs_color":"","ocean_breadcrumbs_separator_color":"","ocean_breadcrumbs_links_color":"","ocean_breadcrumbs_links_hover_color":"","ocean_display_footer_widgets":"default","ocean_display_footer_bottom":"default","ocean_custom_footer_template":"","ocean_post_oembed":"","ocean_post_self_hosted_media":"","ocean_post_video_embed":"","ocean_link_format":"","ocean_link_format_target":"self","ocean_quote_format":"","ocean_quote_format_link":"post","ocean_gallery_link_images":"on","ocean_gallery_id":[],"footnotes":""},"categories":[38,193,2],"tags":[],"class_list":["post-34320","post","type-post","status-publish","format-standard","hentry","category-decretos","category-decretos-2024","category-legislacao","entry"],"_links":{"self":[{"href":"https:\/\/lajes.rn.gov.br\/transparente\/index\/wp-json\/wp\/v2\/posts\/34320","targetHints":{"allow":["GET"]}}],"collection":[{"href":"https:\/\/lajes.rn.gov.br\/transparente\/index\/wp-json\/wp\/v2\/posts"}],"about":[{"href":"https:\/\/lajes.rn.gov.br\/transparente\/index\/wp-json\/wp\/v2\/types\/post"}],"author":[{"embeddable":true,"href":"https:\/\/lajes.rn.gov.br\/transparente\/index\/wp-json\/wp\/v2\/users\/3"}],"replies":[{"embeddable":true,"href":"https:\/\/lajes.rn.gov.br\/transparente\/index\/wp-json\/wp\/v2\/comments?post=34320"}],"version-history":[{"count":1,"href":"https:\/\/lajes.rn.gov.br\/transparente\/index\/wp-json\/wp\/v2\/posts\/34320\/revisions"}],"predecessor-version":[{"id":34321,"href":"https:\/\/lajes.rn.gov.br\/transparente\/index\/wp-json\/wp\/v2\/posts\/34320\/revisions\/34321"}],"wp:attachment":[{"href":"https:\/\/lajes.rn.gov.br\/transparente\/index\/wp-json\/wp\/v2\/media?parent=34320"}],"wp:term":[{"taxonomy":"category","embeddable":true,"href":"https:\/\/lajes.rn.gov.br\/transparente\/index\/wp-json\/wp\/v2\/categories?post=34320"},{"taxonomy":"post_tag","embeddable":true,"href":"https:\/\/lajes.rn.gov.br\/transparente\/index\/wp-json\/wp\/v2\/tags?post=34320"}],"curies":[{"name":"wp","href":"https:\/\/api.w.org\/{rel}","templated":true}]}}