{"id":34234,"date":"2024-07-25T15:48:56","date_gmt":"2024-07-25T18:48:56","guid":{"rendered":"https:\/\/lajes.rn.gov.br\/transparente\/index\/?p=34234"},"modified":"2024-08-01T15:51:09","modified_gmt":"2024-08-01T18:51:09","slug":"decreto-n-019-2024-declara-de-utilidade-publica-para-fins-de-desapropriacao-amigavel-ou-judicial-imovel-na-forma-como-menciona-e-da-outras-providencias","status":"publish","type":"post","link":"https:\/\/lajes.rn.gov.br\/transparente\/index\/decreto-n-019-2024-declara-de-utilidade-publica-para-fins-de-desapropriacao-amigavel-ou-judicial-imovel-na-forma-como-menciona-e-da-outras-providencias\/","title":{"rendered":"DECRETO N. 019\/2024 &#8211; Declara de utilidade p\u00fablica para fins de desapropria\u00e7\u00e3o amig\u00e1vel ou judicial, im\u00f3vel na forma como menciona e d\u00e1 outras provid\u00eancias."},"content":{"rendered":"<div id=\"imprimir\" class=\"imprimir\" style=\"text-align: center;\"><\/div>\n<div id=\"separador\" class=\"cabecalhoEstadoSeparador cabecalhoEstadoSeparador1\" style=\"text-align: center;\">\n<p><strong>ESTADO DO RIO GRANDE DO NORTE<\/strong><br \/>\n<strong>PREFEITURA MUNICIPAL DE LAJES<\/strong><\/p>\n<\/div>\n<p class=\"cabecaorgao\" style=\"text-align: center;\"><strong>GABINETE DO PREFEITO<\/strong><\/p>\n<hr \/>\n<div id=\"materia\" class=\"materia materia20091123 materia1\">\n<p>DECRETO N. 019\/2024<\/p>\n<div class=\"mat\"><i>Declara de utilidade p\u00fablica para fins de desapropria\u00e7\u00e3o amig\u00e1vel ou judicial, im\u00f3vel na forma como menciona e d\u00e1 outras provid\u00eancias<\/i>.<\/div>\n<p>&nbsp;<\/p>\n<p><b>O MUNIC\u00cdPIO DE LAJES\/RN<\/b>, neste ato representado por seu Prefeito Constitucional, o Sr. Felipe Ferreira de Menezes Ara\u00fajo, no uso das atribui\u00e7\u00f5es que lhe s\u00e3o conferidas pela Lei Org\u00e2nica do Munic\u00edpio e com fundamento no art. 5\u00ba e inciso XXIV da Constitui\u00e7\u00e3o Federal e nos artigos 2\u00ba, 5\u00ba, al\u00ednea \u201cg\u201d, do Decreto Lei n\u00ba 3.365, de 21 de junho de 1941, e suas altera\u00e7\u00f5es posteriores;<\/p>\n<p>&nbsp;<\/p>\n<p><b>CONSIDERANDO<\/b>\u00a0que o ato expropriat\u00f3rio \u00e9 rem\u00e9dio legal para aquisi\u00e7\u00e3o origin\u00e1ria da propriedade por ato administrativo discricion\u00e1rio de exclusiva conveni\u00eancia do Poder P\u00fablico, visando condicionar o seu uso ao bem-estar social e promover o bem comum;<\/p>\n<p>&nbsp;<\/p>\n<p><b>CONSIDERANDO<\/b>\u00a0que o objetivo da desapropria\u00e7\u00e3o destina a passagem de tubula\u00e7\u00e3o de esgoto em terreno situado na Rua Alzira Soriano, SN, Alto da Maternidade, no Munic\u00edpio de Lajes\/RN, constituindo-se obra de relevante interesse p\u00fablico;<\/p>\n<p>&nbsp;<\/p>\n<p><b>CONSIDERANDO<\/b>\u00a0que a \u00e1rea expropriada, objeto do presente, revela-se indispens\u00e1vel para a realiza\u00e7\u00e3o da mencionada obra, face \u00e0 localiza\u00e7\u00e3o;<\/p>\n<p>&nbsp;<\/p>\n<p><b>CONSIDERANDO<\/b>\u00a0que o fundamento axial da desapropria\u00e7\u00e3o \u00e9 a supremacia do interesse p\u00fablico sobre o interesse individual.<\/p>\n<p>&nbsp;<\/p>\n<p><b>DECRETA:<\/b><\/p>\n<p>&nbsp;<\/p>\n<p><b>Art. 1\u00ba<\/b>\u00a0Fica declarada de utilidade p\u00fablica para fins de desapropria\u00e7\u00e3o amig\u00e1vel, o seguinte im\u00f3vel localizado na \u00e1rea urbana do Munic\u00edpio de Lajes: terreno situado na Rua Alzira Soriano, SN, Alto da Maternidade, no Munic\u00edpio de Lajes\/RN, medindo 258,33 m\u00b2,<b>\u00a0<\/b>com as seguintes divisas e confronta\u00e7\u00f5es: limitando ao NORTE, com via p\u00fablica \u2013 Rua Projetada, ao SUL, com via P\u00fablica \u2013 Rua Alzira Soriano, ao LESTE, com Alu\u00edzio Pereira de Melo, e ao OESTE, com Terreno Baldio, sem registro de matr\u00edcula no Cart\u00f3rio de Registro de Im\u00f3veis de Lajes\/RN.<\/p>\n<p>&nbsp;<\/p>\n<p><b>Art. 2\u00ba\u00a0<\/b>A desapropria\u00e7\u00e3o da parcela do im\u00f3vel declarada de utilidade p\u00fablica por este Decreto, \u00e9 considerada de \u201curg\u00eancia\u201d, raz\u00e3o pela qual dever\u00e1 efetivar-se mediante acordo administrativo, previsto no artigo 10 do Decreto Lei n\u00ba 3.365\/1941, ou processar-se nos termos do artigo 10 c\/c o artigo 15, e seus par\u00e1grafos, do Decreto Lei n\u00ba 3.365, de 21\/06\/1941 e Lei Federal n\u00ba 2.786, de 21\/05\/1956.<\/p>\n<p>&nbsp;<\/p>\n<p><b>Par\u00e1grafo \u00fanico<\/b>\u00a0&#8211; A desapropria\u00e7\u00e3o de que trata este Decreto se dar\u00e1 por utilidade p\u00fablica, na forma do Decreto-Lei 3.365, de 21 de junho de 1941, especificamente em seu artigo 5\u00ba, sendo que a \u00e1rea mencionada no artigo primeiro, destina-se a passagem de tubula\u00e7\u00e3o de esgoto em terreno situado na Rua Alzira Soriano, SN, Alto da Maternidade, no Munic\u00edpio de Lajes\/RN.<\/p>\n<p>&nbsp;<\/p>\n<p><b>Art. 3\u00ba<\/b>\u00a0Fica, ainda, o Secret\u00e1rio Municipal de Finan\u00e7as autorizado a promover os atos administrativos pela via amig\u00e1vel, sendo indenizado a quem de direito, nos termos do que disp\u00f5e o inciso XXIV do art. 5\u00ba da Constitui\u00e7\u00e3o Federal, em car\u00e1ter de urg\u00eancia, necess\u00e1rio a efetiva\u00e7\u00e3o da desapropria\u00e7\u00e3o, tratada no art. 1\u00ba, inclusive, devendo proceder com a liquida\u00e7\u00e3o e o pagamento da indeniza\u00e7\u00e3o, utilizando para tanto, os recursos pr\u00f3prios alocados.<\/p>\n<p>&nbsp;<\/p>\n<p><b>Par\u00e1grafo \u00danico<\/b>\u00a0&#8211; O valor total da indeniza\u00e7\u00e3o ser\u00e1 de R$ 40.000,00 (quarenta mil reais), a ser pago ao expropriado, utilizando, para tanto, os recursos pr\u00f3prios previstos no or\u00e7amento vigente.<\/p>\n<p>&nbsp;<\/p>\n<p><b>Art. 4\u00ba<\/b>\u00a0As despesas decorrentes do presente Decreto correr\u00e3o \u00e0 conta de dota\u00e7\u00e3o or\u00e7ament\u00e1ria prevista no or\u00e7amento do Munic\u00edpio, suplementada se necess\u00e1rio.<\/p>\n<p>&nbsp;<\/p>\n<p><b>Art. 5\u00ba<\/b>A referida \u00e1rea ser\u00e1 incorporada ao Patrim\u00f4nio do Munic\u00edpio.<\/p>\n<p>&nbsp;<\/p>\n<p><b>Art. 6\u00ba<\/b>\u00a0Este Decreto entra em vigor na data de sua publica\u00e7\u00e3o, revogadas as disposi\u00e7\u00f5es em contr\u00e1rio.<\/p>\n<p>&nbsp;<\/p>\n<p>Lajes\/RN, 25 de julho de 2024.<\/p>\n<p>&nbsp;<\/p>\n<p>&nbsp;<\/p>\n<p><b><i>FELIPE FERREIRA DE MENEZES DE ARA\u00daJO<\/i><\/b><\/p>\n<p><b><i><\/i><\/b>&nbsp;<\/p>\n<p>Prefeito Municipal<\/p>\n<div align=\"right\">\n<b>Publicado por:<\/b><br \/>\nRodrigo Carvalho da Silva<br \/>\n<b>C\u00f3digo Identificador:<\/b>D5158F4B<\/div>\n<p>&nbsp;<\/p>\n<hr \/>\n<p>Mat\u00e9ria publicada no Di\u00e1rio Oficial dos Munic\u00edpios do Estado do Rio Grande do Norte no dia 26\/07\/2024. Edi\u00e7\u00e3o 3336<br \/>\nA verifica\u00e7\u00e3o de autenticidade da mat\u00e9ria pode ser feita informando o c\u00f3digo identificador no site:<br \/>\nhttps:\/\/www.diariomunicipal.com.br\/femurn\/<\/p><\/div>\n<div class=\"pdfprnt-buttons pdfprnt-buttons-post pdfprnt-bottom-right\"><a href=\"https:\/\/lajes.rn.gov.br\/transparente\/index\/wp-json\/wp\/v2\/posts\/34234?print=pdf\" class=\"pdfprnt-button pdfprnt-button-pdf\" target=\"_blank\" ><img decoding=\"async\" src=\"https:\/\/lajes.rn.gov.br\/transparente\/index\/wp-content\/plugins\/pdf-print\/images\/pdf.png\" alt=\"image_pdf\" title=\"Ver PDF\" \/><\/a><a href=\"https:\/\/lajes.rn.gov.br\/transparente\/index\/wp-json\/wp\/v2\/posts\/34234?print=print\" class=\"pdfprnt-button pdfprnt-button-print\" target=\"_blank\" ><img decoding=\"async\" src=\"https:\/\/lajes.rn.gov.br\/transparente\/index\/wp-content\/plugins\/pdf-print\/images\/print.png\" alt=\"image_print\" title=\"Conte\u00fado de impress\u00e3o\" \/><\/a><\/div>","protected":false},"excerpt":{"rendered":"<p>ESTADO DO RIO GRANDE DO NORTE PREFEITURA MUNICIPAL DE LAJES GABINETE DO PREFEITO DECRETO N. 019\/2024 Declara de utilidade p\u00fablica para fins de desapropria\u00e7\u00e3o amig\u00e1vel ou judicial, im\u00f3vel na forma como menciona e d\u00e1 outras provid\u00eancias. &nbsp; O MUNIC\u00cdPIO DE LAJES\/RN, neste ato representado por seu Prefeito Constitucional, o Sr. Felipe Ferreira de Menezes Ara\u00fajo, [&hellip;]<\/p>\n","protected":false},"author":3,"featured_media":0,"comment_status":"closed","ping_status":"closed","sticky":false,"template":"","format":"standard","meta":{"ocean_post_layout":"","ocean_both_sidebars_style":"","ocean_both_sidebars_content_width":0,"ocean_both_sidebars_sidebars_width":0,"ocean_sidebar":"","ocean_second_sidebar":"","ocean_disable_margins":"enable","ocean_add_body_class":"","ocean_shortcode_before_top_bar":"","ocean_shortcode_after_top_bar":"","ocean_shortcode_before_header":"","ocean_shortcode_after_header":"","ocean_has_shortcode":"","ocean_shortcode_after_title":"","ocean_shortcode_before_footer_widgets":"","ocean_shortcode_after_footer_widgets":"","ocean_shortcode_before_footer_bottom":"","ocean_shortcode_after_footer_bottom":"","ocean_display_top_bar":"default","ocean_display_header":"default","ocean_header_style":"","ocean_center_header_left_menu":"","ocean_custom_header_template":"","ocean_custom_logo":0,"ocean_custom_retina_logo":0,"ocean_custom_logo_max_width":0,"ocean_custom_logo_tablet_max_width":0,"ocean_custom_logo_mobile_max_width":0,"ocean_custom_logo_max_height":0,"ocean_custom_logo_tablet_max_height":0,"ocean_custom_logo_mobile_max_height":0,"ocean_header_custom_menu":"","ocean_menu_typo_font_family":"","ocean_menu_typo_font_subset":"","ocean_menu_typo_font_size":0,"ocean_menu_typo_font_size_tablet":0,"ocean_menu_typo_font_size_mobile":0,"ocean_menu_typo_font_size_unit":"px","ocean_menu_typo_font_weight":"","ocean_menu_typo_font_weight_tablet":"","ocean_menu_typo_font_weight_mobile":"","ocean_menu_typo_transform":"","ocean_menu_typo_transform_tablet":"","ocean_menu_typo_transform_mobile":"","ocean_menu_typo_line_height":0,"ocean_menu_typo_line_height_tablet":0,"ocean_menu_typo_line_height_mobile":0,"ocean_menu_typo_line_height_unit":"","ocean_menu_typo_spacing":0,"ocean_menu_typo_spacing_tablet":0,"ocean_menu_typo_spacing_mobile":0,"ocean_menu_typo_spacing_unit":"","ocean_menu_link_color":"","ocean_menu_link_color_hover":"","ocean_menu_link_color_active":"","ocean_menu_link_background":"","ocean_menu_link_hover_background":"","ocean_menu_link_active_background":"","ocean_menu_social_links_bg":"","ocean_menu_social_hover_links_bg":"","ocean_menu_social_links_color":"","ocean_menu_social_hover_links_color":"","ocean_disable_title":"default","ocean_disable_heading":"default","ocean_post_title":"","ocean_post_subheading":"","ocean_post_title_style":"","ocean_post_title_background_color":"","ocean_post_title_background":0,"ocean_post_title_bg_image_position":"","ocean_post_title_bg_image_attachment":"","ocean_post_title_bg_image_repeat":"","ocean_post_title_bg_image_size":"","ocean_post_title_height":0,"ocean_post_title_bg_overlay":0.5,"ocean_post_title_bg_overlay_color":"","ocean_disable_breadcrumbs":"default","ocean_breadcrumbs_color":"","ocean_breadcrumbs_separator_color":"","ocean_breadcrumbs_links_color":"","ocean_breadcrumbs_links_hover_color":"","ocean_display_footer_widgets":"default","ocean_display_footer_bottom":"default","ocean_custom_footer_template":"","ocean_post_oembed":"","ocean_post_self_hosted_media":"","ocean_post_video_embed":"","ocean_link_format":"","ocean_link_format_target":"self","ocean_quote_format":"","ocean_quote_format_link":"post","ocean_gallery_link_images":"on","ocean_gallery_id":[],"footnotes":""},"categories":[38,193,2],"tags":[],"class_list":["post-34234","post","type-post","status-publish","format-standard","hentry","category-decretos","category-decretos-2024","category-legislacao","entry"],"_links":{"self":[{"href":"https:\/\/lajes.rn.gov.br\/transparente\/index\/wp-json\/wp\/v2\/posts\/34234","targetHints":{"allow":["GET"]}}],"collection":[{"href":"https:\/\/lajes.rn.gov.br\/transparente\/index\/wp-json\/wp\/v2\/posts"}],"about":[{"href":"https:\/\/lajes.rn.gov.br\/transparente\/index\/wp-json\/wp\/v2\/types\/post"}],"author":[{"embeddable":true,"href":"https:\/\/lajes.rn.gov.br\/transparente\/index\/wp-json\/wp\/v2\/users\/3"}],"replies":[{"embeddable":true,"href":"https:\/\/lajes.rn.gov.br\/transparente\/index\/wp-json\/wp\/v2\/comments?post=34234"}],"version-history":[{"count":1,"href":"https:\/\/lajes.rn.gov.br\/transparente\/index\/wp-json\/wp\/v2\/posts\/34234\/revisions"}],"predecessor-version":[{"id":34236,"href":"https:\/\/lajes.rn.gov.br\/transparente\/index\/wp-json\/wp\/v2\/posts\/34234\/revisions\/34236"}],"wp:attachment":[{"href":"https:\/\/lajes.rn.gov.br\/transparente\/index\/wp-json\/wp\/v2\/media?parent=34234"}],"wp:term":[{"taxonomy":"category","embeddable":true,"href":"https:\/\/lajes.rn.gov.br\/transparente\/index\/wp-json\/wp\/v2\/categories?post=34234"},{"taxonomy":"post_tag","embeddable":true,"href":"https:\/\/lajes.rn.gov.br\/transparente\/index\/wp-json\/wp\/v2\/tags?post=34234"}],"curies":[{"name":"wp","href":"https:\/\/api.w.org\/{rel}","templated":true}]}}