{"id":34182,"date":"2024-07-09T12:39:24","date_gmt":"2024-07-09T15:39:24","guid":{"rendered":"https:\/\/lajes.rn.gov.br\/transparente\/index\/?p=34182"},"modified":"2024-07-24T12:40:43","modified_gmt":"2024-07-24T15:40:43","slug":"decreto-municipal-no-018-2024-republicado-por-incorrecao","status":"publish","type":"post","link":"https:\/\/lajes.rn.gov.br\/transparente\/index\/decreto-municipal-no-018-2024-republicado-por-incorrecao\/","title":{"rendered":"DECRETO MUNICIPAL N\u00ba 018\/2024. *REPUBLICADO POR INCORRE\u00c7\u00c3O"},"content":{"rendered":"<div id=\"separador\" class=\"cabecalhoEstadoSeparador cabecalhoEstadoSeparador2\">\n<p style=\"text-align: center;\"><strong>ESTADO DO RIO GRANDE DO NORTE<\/strong><br \/>\n<strong>PREFEITURA MUNICIPAL DE LAJES<\/strong><\/p>\n<\/div>\n<p class=\"cabecaorgao\" style=\"text-align: center;\"><strong>GABINETE DO PREFEITO<\/strong><\/p>\n<hr \/>\n<div id=\"materia\" class=\"materia materia20091123 materia2\">\n<p>DECRETO MUNICIPAL N\u00ba 018, DE 09 DE JULHO DE 2024.*<\/p>\n<p>&nbsp;<\/p>\n<div class=\"mat\"><\/div>\n<p>\u201cAbre Cr\u00e9dito Adicional Suplementar ao Or\u00e7amento do exerc\u00edcio de 2024 e d\u00e1 outras providencias.\u201d<\/p>\n<p>&nbsp;<\/p>\n<p>O<b>\u00a0PREFEITO CONSTITUCIONAL DO MUNICIPIO DE LAJES, ESTADO DO RIO GRANDE DO NORTE<\/b>, no uso de suas atribui\u00e7\u00f5es que lhes s\u00e3o conferidas pela Lei Org\u00e2nica Municipal:<\/p>\n<p>&nbsp;<\/p>\n<p><b>DECRETA:<\/b><\/p>\n<p>&nbsp;<\/p>\n<p><b>Art. 1\u00ba\u00a0<\/b>&#8211; Remanejar o valor de R$ 100.000,00 (cem mil reais) constante no QDD &#8211; Quadro de Detalhamento das Despesas aprovado desta prefeitura, para refor\u00e7o da dota\u00e7\u00e3o or\u00e7ament\u00e1ria especificada no Anexo I deste Decreto.<\/p>\n<p><b>Art.2.\u00ba\u00a0<\/b>&#8211; Constitui fontes de recursos para cobertura do presente cr\u00e9dito, na forma da Lei Federal n.\u00ba 4.320, de 17 de mar\u00e7o de 1964, prevista no Art. 43, \u00a71.\u00ba inciso II, excesso de arrecada\u00e7\u00e3o da dota\u00e7\u00e3o or\u00e7ament\u00e1ria constante.<\/p>\n<p><b>Art. 3\u00ba<\/b>\u00a0&#8211; Este\u00a0<i>Decreto<\/i>\u00a0entra em vigor na data de sua publica\u00e7\u00e3o, revogadas as disposi\u00e7\u00f5es em contr\u00e1rio.<\/p>\n<p>&nbsp;<\/p>\n<p>Registra-se, Publica-se e Cumpra-se.<\/p>\n<p>&nbsp;<\/p>\n<p><b>Gabinete do Prefeito, em Lajes\/RN, aos 09 dias do m\u00eas de julho do ano de 2024.<\/b><\/p>\n<p>&nbsp;<\/p>\n<p><b><i>FELIPE FERREIRA DE MENEZES ARA\u00daJO<\/i><\/b><\/p>\n<p>Prefeito Municipal<\/p>\n<p>&nbsp;<\/p>\n<p><b>*REPUBLICADO POR INCORRE\u00c7\u00c3O<\/b><\/p>\n<p>&nbsp;<\/p>\n<p><b>ANEXO I<\/b><\/p>\n<p>&nbsp;<\/p>\n<table class=\"mat\" border=\"1\" cellspacing=\"0\" cellpadding=\"0\" align=\"left\">\n<tbody>\n<tr>\n<td>Unidade Or\u00e7ament\u00e1ria<\/td>\n<td>A\u00e7\u00e3o<\/td>\n<td>Natureza<\/td>\n<td>Fonte<\/td>\n<td>Regi\u00e3o<\/td>\n<td>Valor<\/td>\n<\/tr>\n<tr>\n<td><b>Anexo I (Acr\u00e9scimo)<\/b><\/td>\n<td>&nbsp;<\/td>\n<td>&nbsp;<\/td>\n<td>&nbsp;<\/td>\n<td>&nbsp;<\/td>\n<td><b>100.000,00<\/b><\/td>\n<\/tr>\n<tr>\n<td><b>03 .001 FUNDO MUNICIPAL DE SA\u00daDE<\/b><\/td>\n<td>&nbsp;<\/td>\n<td>&nbsp;<\/td>\n<td>&nbsp;<\/td>\n<td>&nbsp;<\/td>\n<td><b>100.000,00<\/b><\/td>\n<\/tr>\n<tr>\n<td>&nbsp;<\/td>\n<td><b>2076 ADESAO A CONTRATACAO DE HOSPITAIS FILANTROPICOS<\/b><\/td>\n<td>&nbsp;<\/td>\n<td>&nbsp;<\/td>\n<td>&nbsp;<\/td>\n<td><b>100.000,00<\/b><\/td>\n<\/tr>\n<tr>\n<td>&nbsp;<\/td>\n<td>&nbsp;<\/td>\n<td>9 OUTRO SERVI\u00c7OS DE TERCEIROS \u2013 PESSOA JUR\u00cdDICA<\/td>\n<td>16210000<\/td>\n<td>0001<\/td>\n<td>100.000,00<\/td>\n<\/tr>\n<\/tbody>\n<\/table>\n<div align=\"right\">\n<b>Publicado por:<\/b><br \/>\nRodrigo Carvalho da Silva<br \/>\n<b>C\u00f3digo Identificador:<\/b>725E5533<\/div>\n<p>&nbsp;<\/p>\n<hr \/>\n<p>Mat\u00e9ria publicada no Di\u00e1rio Oficial dos Munic\u00edpios do Estado do Rio Grande do Norte no dia 11\/07\/2024. Edi\u00e7\u00e3o 3325<br \/>\nA verifica\u00e7\u00e3o de autenticidade da mat\u00e9ria pode ser feita informando o c\u00f3digo identificador no site:<br \/>\nhttps:\/\/www.diariomunicipal.com.br\/femurn\/<\/p><\/div>\n<div class=\"pdfprnt-buttons pdfprnt-buttons-post pdfprnt-bottom-right\"><a href=\"https:\/\/lajes.rn.gov.br\/transparente\/index\/wp-json\/wp\/v2\/posts\/34182?print=pdf\" class=\"pdfprnt-button pdfprnt-button-pdf\" target=\"_blank\" ><img decoding=\"async\" src=\"https:\/\/lajes.rn.gov.br\/transparente\/index\/wp-content\/plugins\/pdf-print\/images\/pdf.png\" alt=\"image_pdf\" title=\"Ver PDF\" \/><\/a><a href=\"https:\/\/lajes.rn.gov.br\/transparente\/index\/wp-json\/wp\/v2\/posts\/34182?print=print\" class=\"pdfprnt-button pdfprnt-button-print\" target=\"_blank\" ><img decoding=\"async\" src=\"https:\/\/lajes.rn.gov.br\/transparente\/index\/wp-content\/plugins\/pdf-print\/images\/print.png\" alt=\"image_print\" title=\"Conte\u00fado de impress\u00e3o\" \/><\/a><\/div>","protected":false},"excerpt":{"rendered":"<p>ESTADO DO RIO GRANDE DO NORTE PREFEITURA MUNICIPAL DE LAJES GABINETE DO PREFEITO DECRETO MUNICIPAL N\u00ba 018, DE 09 DE JULHO DE 2024.* &nbsp; \u201cAbre Cr\u00e9dito Adicional Suplementar ao Or\u00e7amento do exerc\u00edcio de 2024 e d\u00e1 outras providencias.\u201d &nbsp; O\u00a0PREFEITO CONSTITUCIONAL DO MUNICIPIO DE LAJES, ESTADO DO RIO GRANDE DO NORTE, no uso de suas [&hellip;]<\/p>\n","protected":false},"author":3,"featured_media":0,"comment_status":"closed","ping_status":"closed","sticky":false,"template":"","format":"standard","meta":{"ocean_post_layout":"","ocean_both_sidebars_style":"","ocean_both_sidebars_content_width":0,"ocean_both_sidebars_sidebars_width":0,"ocean_sidebar":"","ocean_second_sidebar":"","ocean_disable_margins":"enable","ocean_add_body_class":"","ocean_shortcode_before_top_bar":"","ocean_shortcode_after_top_bar":"","ocean_shortcode_before_header":"","ocean_shortcode_after_header":"","ocean_has_shortcode":"","ocean_shortcode_after_title":"","ocean_shortcode_before_footer_widgets":"","ocean_shortcode_after_footer_widgets":"","ocean_shortcode_before_footer_bottom":"","ocean_shortcode_after_footer_bottom":"","ocean_display_top_bar":"default","ocean_display_header":"default","ocean_header_style":"","ocean_center_header_left_menu":"","ocean_custom_header_template":"","ocean_custom_logo":0,"ocean_custom_retina_logo":0,"ocean_custom_logo_max_width":0,"ocean_custom_logo_tablet_max_width":0,"ocean_custom_logo_mobile_max_width":0,"ocean_custom_logo_max_height":0,"ocean_custom_logo_tablet_max_height":0,"ocean_custom_logo_mobile_max_height":0,"ocean_header_custom_menu":"","ocean_menu_typo_font_family":"","ocean_menu_typo_font_subset":"","ocean_menu_typo_font_size":0,"ocean_menu_typo_font_size_tablet":0,"ocean_menu_typo_font_size_mobile":0,"ocean_menu_typo_font_size_unit":"px","ocean_menu_typo_font_weight":"","ocean_menu_typo_font_weight_tablet":"","ocean_menu_typo_font_weight_mobile":"","ocean_menu_typo_transform":"","ocean_menu_typo_transform_tablet":"","ocean_menu_typo_transform_mobile":"","ocean_menu_typo_line_height":0,"ocean_menu_typo_line_height_tablet":0,"ocean_menu_typo_line_height_mobile":0,"ocean_menu_typo_line_height_unit":"","ocean_menu_typo_spacing":0,"ocean_menu_typo_spacing_tablet":0,"ocean_menu_typo_spacing_mobile":0,"ocean_menu_typo_spacing_unit":"","ocean_menu_link_color":"","ocean_menu_link_color_hover":"","ocean_menu_link_color_active":"","ocean_menu_link_background":"","ocean_menu_link_hover_background":"","ocean_menu_link_active_background":"","ocean_menu_social_links_bg":"","ocean_menu_social_hover_links_bg":"","ocean_menu_social_links_color":"","ocean_menu_social_hover_links_color":"","ocean_disable_title":"default","ocean_disable_heading":"default","ocean_post_title":"","ocean_post_subheading":"","ocean_post_title_style":"","ocean_post_title_background_color":"","ocean_post_title_background":0,"ocean_post_title_bg_image_position":"","ocean_post_title_bg_image_attachment":"","ocean_post_title_bg_image_repeat":"","ocean_post_title_bg_image_size":"","ocean_post_title_height":0,"ocean_post_title_bg_overlay":0.5,"ocean_post_title_bg_overlay_color":"","ocean_disable_breadcrumbs":"default","ocean_breadcrumbs_color":"","ocean_breadcrumbs_separator_color":"","ocean_breadcrumbs_links_color":"","ocean_breadcrumbs_links_hover_color":"","ocean_display_footer_widgets":"default","ocean_display_footer_bottom":"default","ocean_custom_footer_template":"","ocean_post_oembed":"","ocean_post_self_hosted_media":"","ocean_post_video_embed":"","ocean_link_format":"","ocean_link_format_target":"self","ocean_quote_format":"","ocean_quote_format_link":"post","ocean_gallery_link_images":"on","ocean_gallery_id":[],"footnotes":""},"categories":[38,193,2],"tags":[],"class_list":["post-34182","post","type-post","status-publish","format-standard","hentry","category-decretos","category-decretos-2024","category-legislacao","entry"],"_links":{"self":[{"href":"https:\/\/lajes.rn.gov.br\/transparente\/index\/wp-json\/wp\/v2\/posts\/34182","targetHints":{"allow":["GET"]}}],"collection":[{"href":"https:\/\/lajes.rn.gov.br\/transparente\/index\/wp-json\/wp\/v2\/posts"}],"about":[{"href":"https:\/\/lajes.rn.gov.br\/transparente\/index\/wp-json\/wp\/v2\/types\/post"}],"author":[{"embeddable":true,"href":"https:\/\/lajes.rn.gov.br\/transparente\/index\/wp-json\/wp\/v2\/users\/3"}],"replies":[{"embeddable":true,"href":"https:\/\/lajes.rn.gov.br\/transparente\/index\/wp-json\/wp\/v2\/comments?post=34182"}],"version-history":[{"count":1,"href":"https:\/\/lajes.rn.gov.br\/transparente\/index\/wp-json\/wp\/v2\/posts\/34182\/revisions"}],"predecessor-version":[{"id":34183,"href":"https:\/\/lajes.rn.gov.br\/transparente\/index\/wp-json\/wp\/v2\/posts\/34182\/revisions\/34183"}],"wp:attachment":[{"href":"https:\/\/lajes.rn.gov.br\/transparente\/index\/wp-json\/wp\/v2\/media?parent=34182"}],"wp:term":[{"taxonomy":"category","embeddable":true,"href":"https:\/\/lajes.rn.gov.br\/transparente\/index\/wp-json\/wp\/v2\/categories?post=34182"},{"taxonomy":"post_tag","embeddable":true,"href":"https:\/\/lajes.rn.gov.br\/transparente\/index\/wp-json\/wp\/v2\/tags?post=34182"}],"curies":[{"name":"wp","href":"https:\/\/api.w.org\/{rel}","templated":true}]}}