{"id":33902,"date":"2024-06-13T15:57:40","date_gmt":"2024-06-13T18:57:40","guid":{"rendered":"https:\/\/lajes.rn.gov.br\/transparente\/index\/?p=33902"},"modified":"2024-06-17T15:59:02","modified_gmt":"2024-06-17T18:59:02","slug":"portaria-no-258-2024-designar-os-fiscais-de-contratos-no-ambito-das-secretarias-municipais-e-da-outras-providencias","status":"publish","type":"post","link":"https:\/\/lajes.rn.gov.br\/transparente\/index\/portaria-no-258-2024-designar-os-fiscais-de-contratos-no-ambito-das-secretarias-municipais-e-da-outras-providencias\/","title":{"rendered":"PORTARIA N\u00ba 258\/2024 &#8211; \u201cDesignar os fiscais de contratos no \u00e2mbito das secretarias municipais e d\u00e1 outras provid\u00eancias.\u201d"},"content":{"rendered":"<div id=\"separador\" class=\"cabecalhoEstadoSeparador cabecalhoEstadoSeparador1\">\n<p style=\"text-align: center;\"><strong>ESTADO DO RIO GRANDE DO NORTE<\/strong><br \/>\n<strong>PREFEITURA MUNICIPAL DE LAJES<\/strong><\/p>\n<\/div>\n<p class=\"cabecaorgao\" style=\"text-align: center;\"><strong>GABINETE DO PREFEITO<\/strong><\/p>\n<hr \/>\n<div id=\"materia\" class=\"materia materia20091123 materia1\">\n<p>PORTARIA N\u00ba 258, DE 13 DE JUNHO DE 2024<\/p>\n<div class=\"mat\"><i>\u201c<\/i><i>Designar os fiscais de contratos no \u00e2mbito das secretarias municipais e d\u00e1 outras provid\u00eancias.\u201d<\/i><\/div>\n<p>&nbsp;<\/p>\n<p><b>O PREFEITO CONSTITUCIONAL DO MUNICIPIO DE LAJES, ESTADO DO RIO GRANDE DO NORTE<\/b>, no uso de suas atribui\u00e7\u00f5es que lhes s\u00e3o conferidas pela Lei Org\u00e2nica Municipal:<\/p>\n<p>&nbsp;<\/p>\n<p><b>CONSIDERANDO<\/b>\u00a0disposto na legisla\u00e7\u00e3o vigente sobre licita\u00e7\u00f5es e contratos;<\/p>\n<p>&nbsp;<\/p>\n<p><b>RESOLVE:<\/b><\/p>\n<p>&nbsp;<\/p>\n<p><b>Art. 1\u00ba &#8211;<\/b>\u00a0Designar os membros abaixo relacionados para compor o exercer a fun\u00e7\u00e3o de\u00a0<b>Fiscais de Contratos no \u00c2mbito das Secretarias Municipais<\/b><b>;<\/b><\/p>\n<p><b>GABINETE DO PREFEITO:<\/b><\/p>\n<p>TITULAR \u2013 THALES VIN\u00cdCIUS FERNANDES BARBOSA<\/p>\n<p>SUPLENTE \u2013 RODRIGO CARVALHO DA SILVA<\/p>\n<p><b>SECRETARIA MUNICIPAL DE ADMINISTRA\u00c7\u00c3O, COMUNICA\u00c7\u00c3O E SEGURAN\u00c7A P\u00daBLICA:<\/b><\/p>\n<p>TITULAR \u2013 H\u00c9RICA LET\u00cdCIA SOARES DE LIMA<\/p>\n<p>SUPLENTE \u2013 ALAN HELTON DO NASCIMENTO<\/p>\n<p><b>SECRETARIA MUNICIPAL DE ECONOMIA, PLANEJAMENTO E FINAN\u00c7AS:<\/b><\/p>\n<p>TITULAR \u2013 ELIENE BARBOSA DE LIMA<\/p>\n<p>SUPLENTE \u2013 CRISTIANO DE SOUZA MOURA<\/p>\n<p><b>SECRETARIA MUNICIPAL DE JUVENTUDE, ESPORTE E LAZER:<\/b><\/p>\n<p>TITULAR \u2013 RAPHAEL OTHON SANTOS DE SOUZA<\/p>\n<p>SUPLENTE \u2013 REBECA KAROLLAINY BEZERRA BERNARDINO<\/p>\n<p><b>SECRETARIA MUNICIPAL DE DESENVOLVIMENTO RURAL E AGRICULTURA FAMILIAR:<\/b><\/p>\n<p>TITULAR \u2013 JOSINALDO DA SILVA HENRIQUE<\/p>\n<p>SUPLENTE \u2013 MARIA DE CONCEI\u00c7\u00c3O FERNANDES NECO<\/p>\n<p><b>SECRETARIA MUNICIPAL DE INFRAESTRUTURA E SERVI\u00c7OS URBANOS:<\/b><\/p>\n<p>TITULAR \u2013 RAIMUNDO DEN\u00cdLSON BARBOSA<\/p>\n<p>SUPLENTE \u2013 LAERTON PESSOA DE OLIVEIRA<\/p>\n<p><b>SECRETARIA MUNICIPAL DE EDUCA\u00c7\u00c3O:<\/b><\/p>\n<p>TITULAR \u2013 JACCSON MATHEUS LOUREN\u00c7O DA CRUZ<\/p>\n<p>SUPLENTE \u2013 JAIRA KALINA ALVES DA CUNHA<\/p>\n<p><b>SECRETARIA MUNICIPAL DE SA\u00daDE:<\/b><\/p>\n<p>TITULAR \u2013 TALLISON SALVIANO PEREIRA<\/p>\n<p>SUPLENTE \u2013 RENATA THUIZA RODRIGUES DAMASCENO NUNES<\/p>\n<p><b>SECRETARIA MUNICIPAL TRANSPORTES E MOBILIDADE URBANA:<\/b><\/p>\n<p>TITULAR \u2013 JADY BORGES DE SOUZA ALVES<\/p>\n<p>SUPLENTE \u2013 DIOGO MILITAO LOPES DE ARA\u00daJO<\/p>\n<p><b>SECRETARIA MUNICIPAL TURISMO, CULTURA E MEIO AMBIENTE:<\/b><\/p>\n<p>TITULAR \u2013 EDILENE VICTOR DE LIMA LEMOS<\/p>\n<p>SUPLENTE \u2013 RAIANE KARLA DA SILVA LAURENTINO<\/p>\n<p><b>SECRETARIA MUNICIPAL DO DESENVOLVIMENTO SOCIAL, TRABALHO E HABITA\u00c7\u00c3O:<\/b><\/p>\n<p>TITULAR \u2013 JAILSON DA SILVA ROCHA<\/p>\n<p>SUPLENTE \u2013 MARIA DA CONCEI\u00c7\u00c3O DE LIMA<\/p>\n<p><b>CONTROLADORIA GERAL DO MUNICIPIO:<\/b><\/p>\n<p>TITULAR \u2013 ARN\u00d3BIO DA SILVA TRINDADE JUNIOR<\/p>\n<p>SUPLENTE \u2013 MICAEL DA SILVA PEREIRA<\/p>\n<p><b>PROCURADORIA GERAL DO MUNICIPIO:<\/b><\/p>\n<p>TITULAR \u2013 RAPHAEL ANDERSON LOPES DE SENA<\/p>\n<p>SUPLENTE \u2013 FRANCISCA REJANE DA SILVA MOREIRA<\/p>\n<p><b>Art. 2\u00ba. &#8211;<\/b>\u00a0Aos Fiscais de Contratos, ora nomeados, garantida pela administra\u00e7\u00e3o as condi\u00e7\u00f5es para o desempenho do encargo, com a devida observ\u00e2ncia do disposto na Lei Federal n\u00ba 8.666\/93 e a Lei Federal n\u00ba 14.133\/2021, sem preju\u00edzo de outros atos normativos pertinentes, caber\u00e1, ainda, no que for compat\u00edvel com o contrato em execu\u00e7\u00e3o:<\/p>\n<p>\u2013 Acompanhar e fiscalizar a execu\u00e7\u00e3o do contrato sob sua responsabilidade e emitir respectivos relat\u00f3rios;<\/p>\n<p>\u2013 Propor a celebra\u00e7\u00e3o de aditivos ou rescis\u00e3o, quando necess\u00e1rio;<\/p>\n<p>\u2013 Controlar o prazo de vig\u00eancia do contrato sob sua responsabilidade;<\/p>\n<p>\u2013 Manter controle atualizado dos pagamentos efetuados, em ordem cronol\u00f3gica, cuidando para que o valor do contrato n\u00e3o seja ultrapassado;<\/p>\n<p>\u2013 Comunicar formalmente \u00e0 unidade competente, ap\u00f3s contatos pr\u00e9vios com a contratada, as irregularidades cometidas pass\u00edveis de penalidade;<\/p>\n<p>\u2013 Solicitar, \u00e0 unidade competente, esclarecimentos acerca do contrato sob sua responsabilidade;<\/p>\n<p>\u2013 Manter dispon\u00edvel a c\u00f3pia dos processos de contrata\u00e7\u00e3o;<\/p>\n<p>\u2013 Encaminhar, \u00e0 autoridade competente, eventuais pedidos de modifica\u00e7\u00f5es no cronograma f\u00edsico-financeiro, substitui\u00e7\u00f5es de materiais e equipamentos, formulados pela contratada;<\/p>\n<p>\u2013 Confrontar os pre\u00e7os e quantidades constantes da Nota Fiscal com os estabelecidos no contrato;<\/p>\n<p>\u2013 Receber e atestar Notas Fiscais e encaminh\u00e1-las \u00e0 unidade competente para pagamento;<\/p>\n<p>\u2013 Verificar se o prazo de entrega, especifica\u00e7\u00f5es e quantidades encontram-se de acordo com o estabelecido no instrumento contratual.<\/p>\n<p>\u2013 Exercer outras atividades correlatas \u00e0 sua fun\u00e7\u00e3o.<\/p>\n<p><b>Art. 3\u00ba. &#8211;<\/b>\u00a0Esta Portaria entrar\u00e1 em vigor na data de sua publica\u00e7\u00e3o, revogando disposi\u00e7\u00f5es em sentido contr\u00e1rio.<\/p>\n<p>Registre. Publique-se e cumpra-se.<\/p>\n<p>&nbsp;<\/p>\n<p><b>Gabinete do Prefeito Municipal de Lajes\/RN, 13 de junho de 2024.<\/b><\/p>\n<p>&nbsp;<\/p>\n<p>&nbsp;<\/p>\n<p><b><i>FELIPE FERREIRA DE MENEZES ARA\u00daJO<\/i><\/b><b><i><\/i><\/b><\/p>\n<p>Prefeito Municipal<\/p>\n<div align=\"right\">\n<b>Publicado por:<\/b><br \/>\nRodrigo Carvalho da Silva<br \/>\n<b>C\u00f3digo Identificador:<\/b>B351CB9E<\/div>\n<p>&nbsp;<\/p>\n<hr \/>\n<p>Mat\u00e9ria publicada no Di\u00e1rio Oficial dos Munic\u00edpios do Estado do Rio Grande do Norte no dia 14\/06\/2024. Edi\u00e7\u00e3o 3306<br \/>\nA verifica\u00e7\u00e3o de autenticidade da mat\u00e9ria pode ser feita informando o c\u00f3digo identificador no site:<br \/>\nhttps:\/\/www.diariomunicipal.com.br\/femurn\/<\/p><\/div>\n<div class=\"pdfprnt-buttons pdfprnt-buttons-post pdfprnt-bottom-right\"><a href=\"https:\/\/lajes.rn.gov.br\/transparente\/index\/wp-json\/wp\/v2\/posts\/33902?print=pdf\" class=\"pdfprnt-button pdfprnt-button-pdf\" target=\"_blank\" ><img decoding=\"async\" src=\"https:\/\/lajes.rn.gov.br\/transparente\/index\/wp-content\/plugins\/pdf-print\/images\/pdf.png\" alt=\"image_pdf\" title=\"Ver PDF\" \/><\/a><a href=\"https:\/\/lajes.rn.gov.br\/transparente\/index\/wp-json\/wp\/v2\/posts\/33902?print=print\" class=\"pdfprnt-button pdfprnt-button-print\" target=\"_blank\" ><img decoding=\"async\" src=\"https:\/\/lajes.rn.gov.br\/transparente\/index\/wp-content\/plugins\/pdf-print\/images\/print.png\" alt=\"image_print\" title=\"Conte\u00fado de impress\u00e3o\" \/><\/a><\/div>","protected":false},"excerpt":{"rendered":"<p>ESTADO DO RIO GRANDE DO NORTE PREFEITURA MUNICIPAL DE LAJES GABINETE DO PREFEITO PORTARIA N\u00ba 258, DE 13 DE JUNHO DE 2024 \u201cDesignar os fiscais de contratos no \u00e2mbito das secretarias municipais e d\u00e1 outras provid\u00eancias.\u201d &nbsp; O PREFEITO CONSTITUCIONAL DO MUNICIPIO DE LAJES, ESTADO DO RIO GRANDE DO NORTE, no uso de suas atribui\u00e7\u00f5es [&hellip;]<\/p>\n","protected":false},"author":3,"featured_media":0,"comment_status":"closed","ping_status":"closed","sticky":false,"template":"","format":"standard","meta":{"ocean_post_layout":"","ocean_both_sidebars_style":"","ocean_both_sidebars_content_width":0,"ocean_both_sidebars_sidebars_width":0,"ocean_sidebar":"","ocean_second_sidebar":"","ocean_disable_margins":"enable","ocean_add_body_class":"","ocean_shortcode_before_top_bar":"","ocean_shortcode_after_top_bar":"","ocean_shortcode_before_header":"","ocean_shortcode_after_header":"","ocean_has_shortcode":"","ocean_shortcode_after_title":"","ocean_shortcode_before_footer_widgets":"","ocean_shortcode_after_footer_widgets":"","ocean_shortcode_before_footer_bottom":"","ocean_shortcode_after_footer_bottom":"","ocean_display_top_bar":"default","ocean_display_header":"default","ocean_header_style":"","ocean_center_header_left_menu":"","ocean_custom_header_template":"","ocean_custom_logo":0,"ocean_custom_retina_logo":0,"ocean_custom_logo_max_width":0,"ocean_custom_logo_tablet_max_width":0,"ocean_custom_logo_mobile_max_width":0,"ocean_custom_logo_max_height":0,"ocean_custom_logo_tablet_max_height":0,"ocean_custom_logo_mobile_max_height":0,"ocean_header_custom_menu":"","ocean_menu_typo_font_family":"","ocean_menu_typo_font_subset":"","ocean_menu_typo_font_size":0,"ocean_menu_typo_font_size_tablet":0,"ocean_menu_typo_font_size_mobile":0,"ocean_menu_typo_font_size_unit":"px","ocean_menu_typo_font_weight":"","ocean_menu_typo_font_weight_tablet":"","ocean_menu_typo_font_weight_mobile":"","ocean_menu_typo_transform":"","ocean_menu_typo_transform_tablet":"","ocean_menu_typo_transform_mobile":"","ocean_menu_typo_line_height":0,"ocean_menu_typo_line_height_tablet":0,"ocean_menu_typo_line_height_mobile":0,"ocean_menu_typo_line_height_unit":"","ocean_menu_typo_spacing":0,"ocean_menu_typo_spacing_tablet":0,"ocean_menu_typo_spacing_mobile":0,"ocean_menu_typo_spacing_unit":"","ocean_menu_link_color":"","ocean_menu_link_color_hover":"","ocean_menu_link_color_active":"","ocean_menu_link_background":"","ocean_menu_link_hover_background":"","ocean_menu_link_active_background":"","ocean_menu_social_links_bg":"","ocean_menu_social_hover_links_bg":"","ocean_menu_social_links_color":"","ocean_menu_social_hover_links_color":"","ocean_disable_title":"default","ocean_disable_heading":"default","ocean_post_title":"","ocean_post_subheading":"","ocean_post_title_style":"","ocean_post_title_background_color":"","ocean_post_title_background":0,"ocean_post_title_bg_image_position":"","ocean_post_title_bg_image_attachment":"","ocean_post_title_bg_image_repeat":"","ocean_post_title_bg_image_size":"","ocean_post_title_height":0,"ocean_post_title_bg_overlay":0.5,"ocean_post_title_bg_overlay_color":"","ocean_disable_breadcrumbs":"default","ocean_breadcrumbs_color":"","ocean_breadcrumbs_separator_color":"","ocean_breadcrumbs_links_color":"","ocean_breadcrumbs_links_hover_color":"","ocean_display_footer_widgets":"default","ocean_display_footer_bottom":"default","ocean_custom_footer_template":"","ocean_post_oembed":"","ocean_post_self_hosted_media":"","ocean_post_video_embed":"","ocean_link_format":"","ocean_link_format_target":"self","ocean_quote_format":"","ocean_quote_format_link":"post","ocean_gallery_link_images":"on","ocean_gallery_id":[],"footnotes":""},"categories":[2,61,192],"tags":[],"class_list":["post-33902","post","type-post","status-publish","format-standard","hentry","category-legislacao","category-portarias","category-portarias-2024","entry"],"_links":{"self":[{"href":"https:\/\/lajes.rn.gov.br\/transparente\/index\/wp-json\/wp\/v2\/posts\/33902","targetHints":{"allow":["GET"]}}],"collection":[{"href":"https:\/\/lajes.rn.gov.br\/transparente\/index\/wp-json\/wp\/v2\/posts"}],"about":[{"href":"https:\/\/lajes.rn.gov.br\/transparente\/index\/wp-json\/wp\/v2\/types\/post"}],"author":[{"embeddable":true,"href":"https:\/\/lajes.rn.gov.br\/transparente\/index\/wp-json\/wp\/v2\/users\/3"}],"replies":[{"embeddable":true,"href":"https:\/\/lajes.rn.gov.br\/transparente\/index\/wp-json\/wp\/v2\/comments?post=33902"}],"version-history":[{"count":1,"href":"https:\/\/lajes.rn.gov.br\/transparente\/index\/wp-json\/wp\/v2\/posts\/33902\/revisions"}],"predecessor-version":[{"id":33903,"href":"https:\/\/lajes.rn.gov.br\/transparente\/index\/wp-json\/wp\/v2\/posts\/33902\/revisions\/33903"}],"wp:attachment":[{"href":"https:\/\/lajes.rn.gov.br\/transparente\/index\/wp-json\/wp\/v2\/media?parent=33902"}],"wp:term":[{"taxonomy":"category","embeddable":true,"href":"https:\/\/lajes.rn.gov.br\/transparente\/index\/wp-json\/wp\/v2\/categories?post=33902"},{"taxonomy":"post_tag","embeddable":true,"href":"https:\/\/lajes.rn.gov.br\/transparente\/index\/wp-json\/wp\/v2\/tags?post=33902"}],"curies":[{"name":"wp","href":"https:\/\/api.w.org\/{rel}","templated":true}]}}