{"id":33857,"date":"2024-06-06T12:21:19","date_gmt":"2024-06-06T15:21:19","guid":{"rendered":"https:\/\/lajes.rn.gov.br\/transparente\/index\/?p=33857"},"modified":"2024-06-12T12:22:41","modified_gmt":"2024-06-12T15:22:41","slug":"lei-municipal-n-989-2024-fixa-os-subsidios-dos-vereadores-da-camara-municipal-de-lajes-rn-para-a-legislatura-01-01-2025-a-31-12-2028-e-da-outras-providencias","status":"publish","type":"post","link":"https:\/\/lajes.rn.gov.br\/transparente\/index\/lei-municipal-n-989-2024-fixa-os-subsidios-dos-vereadores-da-camara-municipal-de-lajes-rn-para-a-legislatura-01-01-2025-a-31-12-2028-e-da-outras-providencias\/","title":{"rendered":"LEI MUNICIPAL N\u00b0 989\/2024 &#8211; \u201cFixa os subs\u00eddios dos Vereadores da C\u00e2mara Municipal de Lajes\/RN para a Legislatura 01\/01\/2025 a 31\/12\/2028, e d\u00e1 outras provid\u00eancias.\u201d"},"content":{"rendered":"<div id=\"separador\" class=\"cabecalhoEstadoSeparador cabecalhoEstadoSeparador1\">\n<p style=\"text-align: center;\"><strong>ESTADO DO RIO GRANDE DO NORTE<\/strong><br \/>\n<strong>PREFEITURA MUNICIPAL DE LAJES<\/strong><\/p>\n<\/div>\n<p class=\"cabecaorgao\" style=\"text-align: center;\"><strong>GABINETE DO PREFEITO<\/strong><\/p>\n<hr \/>\n<div id=\"materia\" class=\"materia materia20091123 materia1\">\n<p>LEI MUNICIPAL N\u00b0 989, DE 06 DE JUNHO DE 2024.<\/p>\n<div class=\"mat\">\u201cFixa os subs\u00eddios dos Vereadores da C\u00e2mara Municipal de Lajes\/RN para a Legislatura 01\/01\/2025 a 31\/12\/2028, e d\u00e1 outras provid\u00eancias.\u201d<\/div>\n<p>&nbsp;<\/p>\n<p>O<b>\u00a0PREFEITO CONSTITUCIONAL DO MUNIC\u00cdPIO DE LAJES, ESTADO DO RIO GRANDE DO NORTE<\/b>,<b>\u00a0<\/b>no uso das atribui\u00e7\u00f5es que lhe s\u00e3o conferidas pela Lei Org\u00e2nica Municipal, faz saber que a C\u00e2mara Municipal aprovou e eu sanciono a seguinte Lei:<\/p>\n<p>&nbsp;<\/p>\n<p><b>Art. 1\u00ba\u00a0<\/b>Fica fixado em parcela \u00fanica, o subs\u00eddio mensal dos Vereadores, para o per\u00edodo legislativo de 01 de janeiro de 2025 a 31 de dezembro de 2028, no valor de R$ 6.600,00 (seis mil e seiscentos reais).<\/p>\n<p><b>\u00a7 1\u00ba<\/b>\u00a0O total da remunera\u00e7\u00e3o dos vereadores n\u00e3o poder\u00e1 ultrapassar o montante de 5% (cinco por cento) da receita do Munic\u00edpio (Art 29, VII, da Constitui\u00e7\u00e3o Federal).<\/p>\n<p><b>\u00a7 2\u00ba<\/b>\u00a0O subs\u00eddio individual do vereador ficar\u00e1 limitado ao percentual estabelecido no Art. 29, VI, da Constitui\u00e7\u00e3o Federal em rela\u00e7\u00e3o ao subs\u00eddio de Deputado Estadual, de acordo com a popula\u00e7\u00e3o do Munic\u00edpio.<\/p>\n<p><b>Art. 2\u00ba\u00a0<\/b>Caso as despesas com a folha de pagamento da C\u00e2mara Municipal de Lajes\/RN, incluindo os gastos com os subs\u00eddios dos vereadores, ultrapasse o limite de 70% de sua receita, estipulado pelo Art. 29-A, \u00a7 1\u00ba, da Constitui\u00e7\u00e3o Federal, fica a Mesa Diretora da C\u00e2mara Municipal obrigada a reduzir, por meio de Lei, os subs\u00eddios dos vereadores, de modo a atingir o respectivo percentual.<\/p>\n<p><b>Art. 3\u00ba\u00a0<\/b>As despesas decorrentes desta lei correr\u00e3o a conta da dota\u00e7\u00e3o or\u00e7ament\u00e1ria pr\u00f3pria.<\/p>\n<p><b>Art. 4\u00ba<\/b>\u00a0Esta lei entrar\u00e1 em vigor na data de sua publica\u00e7\u00e3o, produzindo efeitos financeiros a partir do dia 01 de janeiro de 2025.<\/p>\n<p><b>Art. 5\u00ba\u00a0<\/b>Revogam-se as disposi\u00e7\u00f5es em contr\u00e1rio.<\/p>\n<p>&nbsp;<\/p>\n<p>Registra-se, Publica-se e Cumpra-se.<\/p>\n<p>&nbsp;<\/p>\n<p><b>Gabinete do Prefeito Municipal de Lajes\/RN,\u00a0<\/b><b>em 06 de junho de 2024.<\/b><\/p>\n<p>&nbsp;<\/p>\n<p><b><i>\u00a0<\/i><\/b><\/p>\n<p><b><i><\/i><\/b><b><i><\/i><\/b>FELIPE FERREIRA DE MENEZES ARA\u00daJO<\/p>\n<p>&nbsp;<\/p>\n<p>Prefeito Municipal<\/p>\n<div align=\"right\">\n<b>Publicado por:<\/b><br \/>\nRodrigo Carvalho da Silva<br \/>\n<b>C\u00f3digo Identificador:<\/b>3B750882<\/div>\n<p>&nbsp;<\/p>\n<hr \/>\n<p>Mat\u00e9ria publicada no Di\u00e1rio Oficial dos Munic\u00edpios do Estado do Rio Grande do Norte no dia 10\/06\/2024. Edi\u00e7\u00e3o 3302b<br \/>\nA verifica\u00e7\u00e3o de autenticidade da mat\u00e9ria pode ser feita informando o c\u00f3digo identificador no site:<br \/>\nhttps:\/\/www.diariomunicipal.com.br\/femurn\/<\/p><\/div>\n<div class=\"pdfprnt-buttons pdfprnt-buttons-post pdfprnt-bottom-right\"><a href=\"https:\/\/lajes.rn.gov.br\/transparente\/index\/wp-json\/wp\/v2\/posts\/33857?print=pdf\" class=\"pdfprnt-button pdfprnt-button-pdf\" target=\"_blank\" ><img decoding=\"async\" src=\"https:\/\/lajes.rn.gov.br\/transparente\/index\/wp-content\/plugins\/pdf-print\/images\/pdf.png\" alt=\"image_pdf\" title=\"Ver PDF\" \/><\/a><a href=\"https:\/\/lajes.rn.gov.br\/transparente\/index\/wp-json\/wp\/v2\/posts\/33857?print=print\" class=\"pdfprnt-button pdfprnt-button-print\" target=\"_blank\" ><img decoding=\"async\" src=\"https:\/\/lajes.rn.gov.br\/transparente\/index\/wp-content\/plugins\/pdf-print\/images\/print.png\" alt=\"image_print\" title=\"Conte\u00fado de impress\u00e3o\" \/><\/a><\/div>","protected":false},"excerpt":{"rendered":"<p>ESTADO DO RIO GRANDE DO NORTE PREFEITURA MUNICIPAL DE LAJES GABINETE DO PREFEITO LEI MUNICIPAL N\u00b0 989, DE 06 DE JUNHO DE 2024. \u201cFixa os subs\u00eddios dos Vereadores da C\u00e2mara Municipal de Lajes\/RN para a Legislatura 01\/01\/2025 a 31\/12\/2028, e d\u00e1 outras provid\u00eancias.\u201d &nbsp; O\u00a0PREFEITO CONSTITUCIONAL DO MUNIC\u00cdPIO DE LAJES, ESTADO DO RIO GRANDE DO [&hellip;]<\/p>\n","protected":false},"author":3,"featured_media":0,"comment_status":"closed","ping_status":"closed","sticky":false,"template":"","format":"standard","meta":{"ocean_post_layout":"","ocean_both_sidebars_style":"","ocean_both_sidebars_content_width":0,"ocean_both_sidebars_sidebars_width":0,"ocean_sidebar":"","ocean_second_sidebar":"","ocean_disable_margins":"enable","ocean_add_body_class":"","ocean_shortcode_before_top_bar":"","ocean_shortcode_after_top_bar":"","ocean_shortcode_before_header":"","ocean_shortcode_after_header":"","ocean_has_shortcode":"","ocean_shortcode_after_title":"","ocean_shortcode_before_footer_widgets":"","ocean_shortcode_after_footer_widgets":"","ocean_shortcode_before_footer_bottom":"","ocean_shortcode_after_footer_bottom":"","ocean_display_top_bar":"default","ocean_display_header":"default","ocean_header_style":"","ocean_center_header_left_menu":"","ocean_custom_header_template":"","ocean_custom_logo":0,"ocean_custom_retina_logo":0,"ocean_custom_logo_max_width":0,"ocean_custom_logo_tablet_max_width":0,"ocean_custom_logo_mobile_max_width":0,"ocean_custom_logo_max_height":0,"ocean_custom_logo_tablet_max_height":0,"ocean_custom_logo_mobile_max_height":0,"ocean_header_custom_menu":"","ocean_menu_typo_font_family":"","ocean_menu_typo_font_subset":"","ocean_menu_typo_font_size":0,"ocean_menu_typo_font_size_tablet":0,"ocean_menu_typo_font_size_mobile":0,"ocean_menu_typo_font_size_unit":"px","ocean_menu_typo_font_weight":"","ocean_menu_typo_font_weight_tablet":"","ocean_menu_typo_font_weight_mobile":"","ocean_menu_typo_transform":"","ocean_menu_typo_transform_tablet":"","ocean_menu_typo_transform_mobile":"","ocean_menu_typo_line_height":0,"ocean_menu_typo_line_height_tablet":0,"ocean_menu_typo_line_height_mobile":0,"ocean_menu_typo_line_height_unit":"","ocean_menu_typo_spacing":0,"ocean_menu_typo_spacing_tablet":0,"ocean_menu_typo_spacing_mobile":0,"ocean_menu_typo_spacing_unit":"","ocean_menu_link_color":"","ocean_menu_link_color_hover":"","ocean_menu_link_color_active":"","ocean_menu_link_background":"","ocean_menu_link_hover_background":"","ocean_menu_link_active_background":"","ocean_menu_social_links_bg":"","ocean_menu_social_hover_links_bg":"","ocean_menu_social_links_color":"","ocean_menu_social_hover_links_color":"","ocean_disable_title":"default","ocean_disable_heading":"default","ocean_post_title":"","ocean_post_subheading":"","ocean_post_title_style":"","ocean_post_title_background_color":"","ocean_post_title_background":0,"ocean_post_title_bg_image_position":"","ocean_post_title_bg_image_attachment":"","ocean_post_title_bg_image_repeat":"","ocean_post_title_bg_image_size":"","ocean_post_title_height":0,"ocean_post_title_bg_overlay":0.5,"ocean_post_title_bg_overlay_color":"","ocean_disable_breadcrumbs":"default","ocean_breadcrumbs_color":"","ocean_breadcrumbs_separator_color":"","ocean_breadcrumbs_links_color":"","ocean_breadcrumbs_links_hover_color":"","ocean_display_footer_widgets":"default","ocean_display_footer_bottom":"default","ocean_custom_footer_template":"","ocean_post_oembed":"","ocean_post_self_hosted_media":"","ocean_post_video_embed":"","ocean_link_format":"","ocean_link_format_target":"self","ocean_quote_format":"","ocean_quote_format_link":"post","ocean_gallery_link_images":"on","ocean_gallery_id":[],"footnotes":""},"categories":[2,49,198],"tags":[],"class_list":["post-33857","post","type-post","status-publish","format-standard","hentry","category-legislacao","category-leis-municipais","category-leis-municipais-2024","entry"],"_links":{"self":[{"href":"https:\/\/lajes.rn.gov.br\/transparente\/index\/wp-json\/wp\/v2\/posts\/33857","targetHints":{"allow":["GET"]}}],"collection":[{"href":"https:\/\/lajes.rn.gov.br\/transparente\/index\/wp-json\/wp\/v2\/posts"}],"about":[{"href":"https:\/\/lajes.rn.gov.br\/transparente\/index\/wp-json\/wp\/v2\/types\/post"}],"author":[{"embeddable":true,"href":"https:\/\/lajes.rn.gov.br\/transparente\/index\/wp-json\/wp\/v2\/users\/3"}],"replies":[{"embeddable":true,"href":"https:\/\/lajes.rn.gov.br\/transparente\/index\/wp-json\/wp\/v2\/comments?post=33857"}],"version-history":[{"count":1,"href":"https:\/\/lajes.rn.gov.br\/transparente\/index\/wp-json\/wp\/v2\/posts\/33857\/revisions"}],"predecessor-version":[{"id":33858,"href":"https:\/\/lajes.rn.gov.br\/transparente\/index\/wp-json\/wp\/v2\/posts\/33857\/revisions\/33858"}],"wp:attachment":[{"href":"https:\/\/lajes.rn.gov.br\/transparente\/index\/wp-json\/wp\/v2\/media?parent=33857"}],"wp:term":[{"taxonomy":"category","embeddable":true,"href":"https:\/\/lajes.rn.gov.br\/transparente\/index\/wp-json\/wp\/v2\/categories?post=33857"},{"taxonomy":"post_tag","embeddable":true,"href":"https:\/\/lajes.rn.gov.br\/transparente\/index\/wp-json\/wp\/v2\/tags?post=33857"}],"curies":[{"name":"wp","href":"https:\/\/api.w.org\/{rel}","templated":true}]}}